{"id":1708,"date":"2015-03-27T18:37:44","date_gmt":"2015-03-27T21:37:44","guid":{"rendered":"http:\/\/www.portaldenoticias.net\/deusimar\/?p=1708"},"modified":"2015-03-27T18:54:55","modified_gmt":"2015-03-27T21:54:55","slug":"blogueiro-deusimar-das-abelhas-fazendo-o-comercial-das-camisetas-confeccionadas-com-50-da-materia-prima-com-garrafas-pet","status":"publish","type":"post","link":"https:\/\/portaldenoticias.net\/deusimar\/blogueiro-deusimar-das-abelhas-fazendo-o-comercial-das-camisetas-confeccionadas-com-50-da-materia-prima-com-garrafas-pet\/","title":{"rendered":"BLOGUEIRO DEUSIMAR DAS ABELHAS FAZENDO O COMERCIAL DAS CAMISETAS CONFECCIONADAS COM 50 % DA MAT\u00c9RIA PRIMA COM GARRAFAS PET."},"content":{"rendered":"<p><img loading=\"lazy\" decoding=\"async\" src=\"http:\/\/www.portaldenoticias.net\/deusimar\/wp-content\/uploads\/2015\/03\/CAMISETAS-COM-GARAFAS-PET.-450x298.jpg\" alt=\"CAMISETAS COM GARAFAS PET.\" width=\"450\" height=\"298\" class=\"alignleft size-medium wp-image-1709\" srcset=\"https:\/\/portaldenoticias.net\/deusimar\/wp-content\/uploads\/2015\/03\/CAMISETAS-COM-GARAFAS-PET.-450x298.jpg 450w, https:\/\/portaldenoticias.net\/deusimar\/wp-content\/uploads\/2015\/03\/CAMISETAS-COM-GARAFAS-PET.-640x424.jpg 640w, https:\/\/portaldenoticias.net\/deusimar\/wp-content\/uploads\/2015\/03\/CAMISETAS-COM-GARAFAS-PET..jpg 960w\" sizes=\"auto, (max-width: 450px) 100vw, 450px\" \/><br \/>\nOl\u00e1 leitores(as) amigos(as) de nossos blogs!!<\/p>\n<p>De olho na foto postada acima,percebam este blogueiro de voc\u00eas ao lado do nosso Diretor Administrativo da FEBAMEL, Pedro Constam e do representante do GAP-Grupo Ambiental de Palmeiras, Joaz Brand\u00e3o, exibindo no !\u00ba Semin\u00e1rio de Apicultura da Chapada Diamantina, o exemplar de uma camiseta confeccionada com 50% da mat\u00e9ria prima reciclando e reutilizando \u00e0s fant\u00e1sticas garrafas pet. Esta referida camiseta,dentre outras, Deusimar das Abelhas trouxe do Bel\u00e9m do Par\u00e1, quando de sua participa\u00e7\u00e3o no XX Congresso Brasileiro de Apicultura. Para aqueles que interessarem em saber os detalhes da f\u00e1brica dessas camisetas econ\u00f4mica\/ecologicamente sustent\u00e1vel desenvolvido na regi\u00e3o norte deste GIGANTESCO(enorme potencial), e ao mesmo tempo PEQUENO(potencial muito pouco explorado) Brasil, basta acessar aqui: www.amazonico.com.br <\/p>\n<p>Boa Noite!!<br \/>\n<img loading=\"lazy\" decoding=\"async\" src=\"http:\/\/www.portaldenoticias.net\/deusimar\/wp-content\/uploads\/2015\/03\/BOA-NOITE-SONHANDO-JUNTOS.-450x338.jpg\" alt=\"BOA NOITE SONHANDO JUNTOS.\" width=\"450\" height=\"338\" class=\"alignleft size-medium wp-image-1034\" srcset=\"https:\/\/portaldenoticias.net\/deusimar\/wp-content\/uploads\/2015\/03\/BOA-NOITE-SONHANDO-JUNTOS.-450x338.jpg 450w, https:\/\/portaldenoticias.net\/deusimar\/wp-content\/uploads\/2015\/03\/BOA-NOITE-SONHANDO-JUNTOS.-640x480.jpg 640w, https:\/\/portaldenoticias.net\/deusimar\/wp-content\/uploads\/2015\/03\/BOA-NOITE-SONHANDO-JUNTOS.-174x131.jpg 174w, https:\/\/portaldenoticias.net\/deusimar\/wp-content\/uploads\/2015\/03\/BOA-NOITE-SONHANDO-JUNTOS.-70x53.jpg 70w, https:\/\/portaldenoticias.net\/deusimar\/wp-content\/uploads\/2015\/03\/BOA-NOITE-SONHANDO-JUNTOS..jpg 750w\" sizes=\"auto, (max-width: 450px) 100vw, 450px\" \/><\/p>\n<p>CONTRIBUI\u00c7\u00c3O DE:<br \/>\nJos\u00e9 Deusimar Loiola Gon\u00e7alves<br \/>\nApicultor Meliponicultor,Diretor de Comunica\u00e7\u00e3o da FEBAMEL,,e P\u00f3s Graduado em Gest\u00e3o e Educa\u00e7\u00e3o Ambiental &#8211; EBDA Monte Santo<br \/>\n(75) 9131-0784\/ 9998-0025<\/p>\n<p>COLABORA\u00c7\u00c3O E COMPLEMENTOS DOS:<br \/>\n<img loading=\"lazy\" decoding=\"async\" src=\"http:\/\/www.portaldenoticias.net\/deusimar\/wp-content\/uploads\/2015\/03\/CARTAO-DE-VISITA-DEUSIMAR1-450x250.jpg\" alt=\"CARTAO DE VISITA DEUSIMAR\" width=\"450\" height=\"250\" class=\"alignleft size-medium wp-image-1410\" srcset=\"https:\/\/portaldenoticias.net\/deusimar\/wp-content\/uploads\/2015\/03\/CARTAO-DE-VISITA-DEUSIMAR1-450x250.jpg 450w, https:\/\/portaldenoticias.net\/deusimar\/wp-content\/uploads\/2015\/03\/CARTAO-DE-VISITA-DEUSIMAR1-640x356.jpg 640w, https:\/\/portaldenoticias.net\/deusimar\/wp-content\/uploads\/2015\/03\/CARTAO-DE-VISITA-DEUSIMAR1.jpg 1062w\" sizes=\"auto, (max-width: 450px) 100vw, 450px\" \/><\/p>\n","protected":false},"excerpt":{"rendered":"<p>Ol\u00e1 leitores(as) amigos(as) de nossos blogs!! De olho na foto postada acima,percebam este blogueiro de voc\u00eas ao lado do nosso Diretor Administrativo da FEBAMEL, Pedro Constam e do representante do GAP-Grupo Ambiental de Palmeiras, Joaz Brand\u00e3o, exibindo no !\u00ba Semin\u00e1rio de Apicultura da Chapada Diamantina, o exemplar de uma camiseta confeccionada com 50% da mat\u00e9ria [&hellip;]<\/p>\n","protected":false},"author":2,"featured_media":0,"comment_status":"open","ping_status":"open","sticky":false,"template":"","format":"standard","meta":{"footnotes":""},"categories":[1],"tags":[],"class_list":{"0":"post-1708","1":"post","2":"type-post","3":"status-publish","4":"format-standard","6":"category-destaques"},"_links":{"self":[{"href":"https:\/\/portaldenoticias.net\/deusimar\/wp-json\/wp\/v2\/posts\/1708","targetHints":{"allow":["GET"]}}],"collection":[{"href":"https:\/\/portaldenoticias.net\/deusimar\/wp-json\/wp\/v2\/posts"}],"about":[{"href":"https:\/\/portaldenoticias.net\/deusimar\/wp-json\/wp\/v2\/types\/post"}],"author":[{"embeddable":true,"href":"https:\/\/portaldenoticias.net\/deusimar\/wp-json\/wp\/v2\/users\/2"}],"replies":[{"embeddable":true,"href":"https:\/\/portaldenoticias.net\/deusimar\/wp-json\/wp\/v2\/comments?post=1708"}],"version-history":[{"count":0,"href":"https:\/\/portaldenoticias.net\/deusimar\/wp-json\/wp\/v2\/posts\/1708\/revisions"}],"wp:attachment":[{"href":"https:\/\/portaldenoticias.net\/deusimar\/wp-json\/wp\/v2\/media?parent=1708"}],"wp:term":[{"taxonomy":"category","embeddable":true,"href":"https:\/\/portaldenoticias.net\/deusimar\/wp-json\/wp\/v2\/categories?post=1708"},{"taxonomy":"post_tag","embeddable":true,"href":"https:\/\/portaldenoticias.net\/deusimar\/wp-json\/wp\/v2\/tags?post=1708"}],"curies":[{"name":"wp","href":"https:\/\/api.w.org\/{rel}","templated":true}]}}