{"id":1704,"date":"2015-03-27T16:30:07","date_gmt":"2015-03-27T19:30:07","guid":{"rendered":"http:\/\/www.portaldenoticias.net\/deusimar\/?p=1704"},"modified":"2015-03-27T16:30:07","modified_gmt":"2015-03-27T19:30:07","slug":"blogueiro-deusimar-das-abelhas-compartilhando-o-convite-do-vi-conbapi-congresso-baiano-de-apicultura-na-simpatica-cidade-de-ilheus","status":"publish","type":"post","link":"https:\/\/portaldenoticias.net\/deusimar\/blogueiro-deusimar-das-abelhas-compartilhando-o-convite-do-vi-conbapi-congresso-baiano-de-apicultura-na-simpatica-cidade-de-ilheus\/","title":{"rendered":"BLOGUEIRO DEUSIMAR DAS ABELHAS COMPARTILHANDO O CONVITE DO VI CONBAPI-CONGRESSO BAIANO DE APICULTURA NA SIMP\u00c1TICA CIDADE DE ILH\u00c9US."},"content":{"rendered":"<p><img loading=\"lazy\" decoding=\"async\" src=\"http:\/\/www.portaldenoticias.net\/deusimar\/wp-content\/uploads\/2015\/03\/FOTOS-DO-I-SEMINARIO-DO-PROJETO-APIS-CHAPADA-222-450x253.jpg\" alt=\"FOTOS DO I SEMINARIO DO PROJETO APIS CHAPADA 222\" width=\"450\" height=\"253\" class=\"alignleft size-medium wp-image-1705\" srcset=\"https:\/\/portaldenoticias.net\/deusimar\/wp-content\/uploads\/2015\/03\/FOTOS-DO-I-SEMINARIO-DO-PROJETO-APIS-CHAPADA-222-450x253.jpg 450w, https:\/\/portaldenoticias.net\/deusimar\/wp-content\/uploads\/2015\/03\/FOTOS-DO-I-SEMINARIO-DO-PROJETO-APIS-CHAPADA-222-640x360.jpg 640w, https:\/\/portaldenoticias.net\/deusimar\/wp-content\/uploads\/2015\/03\/FOTOS-DO-I-SEMINARIO-DO-PROJETO-APIS-CHAPADA-222.jpg 1920w\" sizes=\"auto, (max-width: 450px) 100vw, 450px\" \/><\/p>\n<p><img loading=\"lazy\" decoding=\"async\" src=\"http:\/\/www.portaldenoticias.net\/deusimar\/wp-content\/uploads\/2015\/03\/edney-450x338.png\" alt=\"edney\" width=\"450\" height=\"338\" class=\"alignleft size-medium wp-image-1706\" srcset=\"https:\/\/portaldenoticias.net\/deusimar\/wp-content\/uploads\/2015\/03\/edney-450x338.png 450w, https:\/\/portaldenoticias.net\/deusimar\/wp-content\/uploads\/2015\/03\/edney.png 640w, https:\/\/portaldenoticias.net\/deusimar\/wp-content\/uploads\/2015\/03\/edney-174x131.png 174w, https:\/\/portaldenoticias.net\/deusimar\/wp-content\/uploads\/2015\/03\/edney-70x53.png 70w\" sizes=\"auto, (max-width: 450px) 100vw, 450px\" \/><br \/>\nOl\u00e1 leitores(as) amigos(as) de nossos blogs!!<br \/>\nContagem regressiva para a realiza\u00e7\u00e3o do maior evento ap\u00edcola brasileiro na prospera cidade m\u00e3e  do escritor mais AMADO DO Brasil. Este modesto blogueiro de voc\u00eas,em nome sua de comiss\u00e3o organizadora atrav\u00e9s da pessoa de Dr. Edney Magalh\u00e3es-T\u00e9cnico pesquisador da CEPLAC, e em parceria com os mestres da apicultura de nossa linda e extensa Bahia, especificamente do para\u00edso ecol\u00f3gico denominado Chapada Diamantina, Pedro Contam, e do mestre da apicultura brasileira especificamente de Limoeiro do Norte Cear\u00e1, Dr. Afonso Od\u00e9rio Nogueira Lima,temos a honra de convidar voc\u00ea apicultor(a;meliponicultor(a) amigo(a), para fazer logo sua inscri\u00e7\u00e3o no site abaixo, j\u00e1 garantindo de forma antecipada  a sua vaga.<br \/>\nMuito Obrigado!! Bom final de semana a tod@s.<br \/>\nCONTRIBUI\u00c7\u00c3O DE:<br \/>\nJos\u00e9 Deusimar Loiola Gon\u00e7alves<br \/>\nApicultor Meliponicultor,Diretor de Comunica\u00e7\u00e3o da FEBAMEL,,e P\u00f3s Graduado em Gest\u00e3o e Educa\u00e7\u00e3o Ambiental &#8211; EBDA Monte Santo<br \/>\n(75) 9131-0784\/ 9998-0025<\/p>\n<p>VI CONGRESSO BAIANO DE APICULTURA E MELIPONICULTURA<br \/>\n                                    III SEMIN\u00c1RIO BRASILEIRO DE PR\u00d3POLIS E P\u00d3LEN<br \/>\n                                        VIII SEMIN\u00c1RIO  DE PR\u00d3POLIS DO NORDESTE<br \/>\n                                          VI FEIRA DE PRODUTOS E EQUIPAMENTOS<br \/>\n                                                                                                                          07 a 10 de Julho de 2015<br \/>\n                                                                                                              Centro de Conven\u00e7\u00f5es de Ilh\u00e9us<\/p>\n<p>\u00c9 com grande satisfa\u00e7\u00e3o que a Comiss\u00e3o Organizadora dos eventos, VI Congresso Baiano de Apicultura e Meliponicultura, III Semin\u00e1rio Brasileiro de Pr\u00f3polis e P\u00f3len, VIII Semin\u00e1rio de Pr\u00f3polis do Nordeste convida todos os apicultores para participarem do maior evento brasileiro da apicultura e meliponicultura. <\/p>\n<p>Fa\u00e7am suas inscri\u00e7\u00f5es pelo site                                www.sbppcongressobaiano2015.com.br<\/p>\n<p>Realiza\u00e7\u00e3o:<br \/>\nCEPLAC<br \/>\nGOVERNO DO ESTADO DA BAHIA<br \/>\nCONFEDERA\u00c7\u00c3O BRASILEIRA DE APICULTUTRA<br \/>\nFEDERA\u00c7\u00c3O BAIANA DE APICULTURA E MELIPONICULTURA<br \/>\nASSOCIA\u00c7\u00c3O DOS APICULTORES DE ILH\u00c9US<br \/>\nASSOCIA\u00c7\u00c3O DOS APICULTORES DE ITABUNA<br \/>\nSEBRAE \u2013 BAHIA<\/p>\n<p>A Comiss\u00e3o Organizadora<\/p>\n<p>Ediney de Oliveira Magalh\u00e3es &#8211; Eng. Agr\u00f4nomo &#8211; MSc<br \/>\nFiscal Federal<br \/>\nCentro Regional de Apicultura do Sul da Bahia<br \/>\nMinist\u00e9rio da Agricultura e Abastecimento\/ CEPLAC\/CEPEC<\/p>\n<p>COLABORA\u00c7\u00c3O E COMPLEMENTOS DOS:<\/p>\n<p><img loading=\"lazy\" decoding=\"async\" src=\"http:\/\/www.portaldenoticias.net\/deusimar\/wp-content\/uploads\/2015\/03\/CARTAO-DE-VISITA-DEUSIMAR1-450x250.jpg\" alt=\"CARTAO DE VISITA DEUSIMAR\" width=\"450\" height=\"250\" class=\"alignleft size-medium wp-image-1410\" srcset=\"https:\/\/portaldenoticias.net\/deusimar\/wp-content\/uploads\/2015\/03\/CARTAO-DE-VISITA-DEUSIMAR1-450x250.jpg 450w, https:\/\/portaldenoticias.net\/deusimar\/wp-content\/uploads\/2015\/03\/CARTAO-DE-VISITA-DEUSIMAR1-640x356.jpg 640w, https:\/\/portaldenoticias.net\/deusimar\/wp-content\/uploads\/2015\/03\/CARTAO-DE-VISITA-DEUSIMAR1.jpg 1062w\" sizes=\"auto, (max-width: 450px) 100vw, 450px\" \/><\/p>\n","protected":false},"excerpt":{"rendered":"<p>Ol\u00e1 leitores(as) amigos(as) de nossos blogs!! Contagem regressiva para a realiza\u00e7\u00e3o do maior evento ap\u00edcola brasileiro na prospera cidade m\u00e3e do escritor mais AMADO DO Brasil. Este modesto blogueiro de voc\u00eas,em nome sua de comiss\u00e3o organizadora atrav\u00e9s da pessoa de Dr. Edney Magalh\u00e3es-T\u00e9cnico pesquisador da CEPLAC, e em parceria com os mestres da apicultura de [&hellip;]<\/p>\n","protected":false},"author":2,"featured_media":0,"comment_status":"open","ping_status":"open","sticky":false,"template":"","format":"standard","meta":{"footnotes":""},"categories":[1],"tags":[],"class_list":{"0":"post-1704","1":"post","2":"type-post","3":"status-publish","4":"format-standard","6":"category-destaques"},"_links":{"self":[{"href":"https:\/\/portaldenoticias.net\/deusimar\/wp-json\/wp\/v2\/posts\/1704","targetHints":{"allow":["GET"]}}],"collection":[{"href":"https:\/\/portaldenoticias.net\/deusimar\/wp-json\/wp\/v2\/posts"}],"about":[{"href":"https:\/\/portaldenoticias.net\/deusimar\/wp-json\/wp\/v2\/types\/post"}],"author":[{"embeddable":true,"href":"https:\/\/portaldenoticias.net\/deusimar\/wp-json\/wp\/v2\/users\/2"}],"replies":[{"embeddable":true,"href":"https:\/\/portaldenoticias.net\/deusimar\/wp-json\/wp\/v2\/comments?post=1704"}],"version-history":[{"count":0,"href":"https:\/\/portaldenoticias.net\/deusimar\/wp-json\/wp\/v2\/posts\/1704\/revisions"}],"wp:attachment":[{"href":"https:\/\/portaldenoticias.net\/deusimar\/wp-json\/wp\/v2\/media?parent=1704"}],"wp:term":[{"taxonomy":"category","embeddable":true,"href":"https:\/\/portaldenoticias.net\/deusimar\/wp-json\/wp\/v2\/categories?post=1704"},{"taxonomy":"post_tag","embeddable":true,"href":"https:\/\/portaldenoticias.net\/deusimar\/wp-json\/wp\/v2\/tags?post=1704"}],"curies":[{"name":"wp","href":"https:\/\/api.w.org\/{rel}","templated":true}]}}