{"id":1690,"date":"2015-03-26T20:46:31","date_gmt":"2015-03-26T23:46:31","guid":{"rendered":"http:\/\/www.portaldenoticias.net\/deusimar\/?p=1690"},"modified":"2015-03-26T20:46:31","modified_gmt":"2015-03-26T23:46:31","slug":"governador-cumpre-agenda-do-dia-de-amanha27-em-santa-brigida-regiao-nordeste-de-nossa-linda-e-extensa-bahia","status":"publish","type":"post","link":"https:\/\/portaldenoticias.net\/deusimar\/governador-cumpre-agenda-do-dia-de-amanha27-em-santa-brigida-regiao-nordeste-de-nossa-linda-e-extensa-bahia\/","title":{"rendered":"GOVERNADOR CUMPRE AGENDA DO DIA DE AMANH\u00c3(27) EM SANTA BR\u00cdGIDA REGI\u00c3O NORDESTE DE NOSSA LINDA E EXTENSA BAHIA."},"content":{"rendered":"<p><img loading=\"lazy\" decoding=\"async\" src=\"http:\/\/www.portaldenoticias.net\/deusimar\/wp-content\/uploads\/2015\/02\/RUI-COSTA-IMAGEM-GRANDE-DO-FACE..png\" alt=\"RUI COSTA IMAGEM GRANDE DO FACE.\" width=\"160\" height=\"160\" class=\"alignleft size-full wp-image-832\" srcset=\"https:\/\/portaldenoticias.net\/deusimar\/wp-content\/uploads\/2015\/02\/RUI-COSTA-IMAGEM-GRANDE-DO-FACE..png 160w, https:\/\/portaldenoticias.net\/deusimar\/wp-content\/uploads\/2015\/02\/RUI-COSTA-IMAGEM-GRANDE-DO-FACE.-150x150.png 150w\" sizes=\"auto, (max-width: 160px) 100vw, 160px\" \/><br \/>\n<img loading=\"lazy\" decoding=\"async\" src=\"http:\/\/www.portaldenoticias.net\/deusimar\/wp-content\/uploads\/2015\/03\/pacto-pe\u00e7a-educacao.-450x167.png\" alt=\"pacto pe\u00e7a educacao.\" width=\"450\" height=\"167\" class=\"alignleft size-medium wp-image-1609\" srcset=\"https:\/\/portaldenoticias.net\/deusimar\/wp-content\/uploads\/2015\/03\/pacto-pe\u00e7a-educacao.-450x167.png 450w, https:\/\/portaldenoticias.net\/deusimar\/wp-content\/uploads\/2015\/03\/pacto-pe\u00e7a-educacao.-640x237.png 640w, https:\/\/portaldenoticias.net\/deusimar\/wp-content\/uploads\/2015\/03\/pacto-pe\u00e7a-educacao..png 851w\" sizes=\"auto, (max-width: 450px) 100vw, 450px\" \/><br \/>\nRui Costa<br \/>\n1 h \u00b7<br \/>\nViajo amanh\u00e3 para o munic\u00edpio de Santa Br\u00edgida, no nordeste da Bahia, para assinar a ordem de servi\u00e7o que autoriza o in\u00edcio das obras de implanta\u00e7\u00e3o e recupera\u00e7\u00e3o de 145 sistemas de dessaliniza\u00e7\u00e3o de \u00e1gua salobra captada de po\u00e7os artesianos perfurados na regi\u00e3o. Nesta primeira etapa, 70 mil pessoas ter\u00e3o \u00e1gua de melhor qualidade em Santa Br\u00edgida e outros 27 munic\u00edpios do sem\u00e1rido. No \u202a#\u200ePactoPelaEduca\u00e7\u00e3o\u202c, visito duas institui\u00e7\u00f5es: o Col\u00e9gio Estadual Luiz Viana Filho e o Centro Educacional Ant\u00f4nio da Silva Feitosa<\/p>\n<p><img loading=\"lazy\" decoding=\"async\" src=\"http:\/\/www.portaldenoticias.net\/deusimar\/wp-content\/uploads\/2015\/03\/RUI-EM-SANTA-BRIGIDA.1-450x450.jpg\" alt=\"RUI EM SANTA BRIGIDA.\" width=\"450\" height=\"450\" class=\"alignleft size-medium wp-image-1691\" srcset=\"https:\/\/portaldenoticias.net\/deusimar\/wp-content\/uploads\/2015\/03\/RUI-EM-SANTA-BRIGIDA.1-450x450.jpg 450w, https:\/\/portaldenoticias.net\/deusimar\/wp-content\/uploads\/2015\/03\/RUI-EM-SANTA-BRIGIDA.1-150x150.jpg 150w, https:\/\/portaldenoticias.net\/deusimar\/wp-content\/uploads\/2015\/03\/RUI-EM-SANTA-BRIGIDA.1-640x640.jpg 640w, https:\/\/portaldenoticias.net\/deusimar\/wp-content\/uploads\/2015\/03\/RUI-EM-SANTA-BRIGIDA.1.jpg 800w\" sizes=\"auto, (max-width: 450px) 100vw, 450px\" \/><\/p>\n<p>COLABORA\u00c7\u00c3O E COMPLEMENTOS DOS:<br \/>\n<img loading=\"lazy\" decoding=\"async\" src=\"http:\/\/www.portaldenoticias.net\/deusimar\/wp-content\/uploads\/2015\/03\/CARTAO-DE-VISITA-DEUSIMAR1-450x250.jpg\" alt=\"CARTAO DE VISITA DEUSIMAR\" width=\"450\" height=\"250\" class=\"alignleft size-medium wp-image-1410\" srcset=\"https:\/\/portaldenoticias.net\/deusimar\/wp-content\/uploads\/2015\/03\/CARTAO-DE-VISITA-DEUSIMAR1-450x250.jpg 450w, https:\/\/portaldenoticias.net\/deusimar\/wp-content\/uploads\/2015\/03\/CARTAO-DE-VISITA-DEUSIMAR1-640x356.jpg 640w, https:\/\/portaldenoticias.net\/deusimar\/wp-content\/uploads\/2015\/03\/CARTAO-DE-VISITA-DEUSIMAR1.jpg 1062w\" sizes=\"auto, (max-width: 450px) 100vw, 450px\" \/><\/p>\n","protected":false},"excerpt":{"rendered":"<p>Rui Costa 1 h \u00b7 Viajo amanh\u00e3 para o munic\u00edpio de Santa Br\u00edgida, no nordeste da Bahia, para assinar a ordem de servi\u00e7o que autoriza o in\u00edcio das obras de implanta\u00e7\u00e3o e recupera\u00e7\u00e3o de 145 sistemas de dessaliniza\u00e7\u00e3o de \u00e1gua salobra captada de po\u00e7os artesianos perfurados na regi\u00e3o. Nesta primeira etapa, 70 mil pessoas ter\u00e3o [&hellip;]<\/p>\n","protected":false},"author":2,"featured_media":0,"comment_status":"open","ping_status":"open","sticky":false,"template":"","format":"standard","meta":{"footnotes":""},"categories":[1],"tags":[],"class_list":{"0":"post-1690","1":"post","2":"type-post","3":"status-publish","4":"format-standard","6":"category-destaques"},"_links":{"self":[{"href":"https:\/\/portaldenoticias.net\/deusimar\/wp-json\/wp\/v2\/posts\/1690","targetHints":{"allow":["GET"]}}],"collection":[{"href":"https:\/\/portaldenoticias.net\/deusimar\/wp-json\/wp\/v2\/posts"}],"about":[{"href":"https:\/\/portaldenoticias.net\/deusimar\/wp-json\/wp\/v2\/types\/post"}],"author":[{"embeddable":true,"href":"https:\/\/portaldenoticias.net\/deusimar\/wp-json\/wp\/v2\/users\/2"}],"replies":[{"embeddable":true,"href":"https:\/\/portaldenoticias.net\/deusimar\/wp-json\/wp\/v2\/comments?post=1690"}],"version-history":[{"count":0,"href":"https:\/\/portaldenoticias.net\/deusimar\/wp-json\/wp\/v2\/posts\/1690\/revisions"}],"wp:attachment":[{"href":"https:\/\/portaldenoticias.net\/deusimar\/wp-json\/wp\/v2\/media?parent=1690"}],"wp:term":[{"taxonomy":"category","embeddable":true,"href":"https:\/\/portaldenoticias.net\/deusimar\/wp-json\/wp\/v2\/categories?post=1690"},{"taxonomy":"post_tag","embeddable":true,"href":"https:\/\/portaldenoticias.net\/deusimar\/wp-json\/wp\/v2\/tags?post=1690"}],"curies":[{"name":"wp","href":"https:\/\/api.w.org\/{rel}","templated":true}]}}