{"id":1674,"date":"2015-03-26T18:52:03","date_gmt":"2015-03-26T21:52:03","guid":{"rendered":"http:\/\/www.portaldenoticias.net\/deusimar\/?p=1674"},"modified":"2015-03-26T18:52:03","modified_gmt":"2015-03-26T21:52:03","slug":"governador-recebe-elogios-da-leitora-do-jornal-a-tarde-de-feira-de-santana-pelo-record-de-visitas-as-escolas-nos-03-primeiros-meses-de-governo","status":"publish","type":"post","link":"https:\/\/portaldenoticias.net\/deusimar\/governador-recebe-elogios-da-leitora-do-jornal-a-tarde-de-feira-de-santana-pelo-record-de-visitas-as-escolas-nos-03-primeiros-meses-de-governo\/","title":{"rendered":"GOVERNADOR RECEBE ELOGIOS DA LEITORA DO JORNAL A TARDE DE FEIRA DE SANTANA PELO RECORD DE VISITAS AS ESCOLAS NOS 03 PRIMEIROS MESES DE GOVERNO."},"content":{"rendered":"<p><img loading=\"lazy\" decoding=\"async\" src=\"http:\/\/www.portaldenoticias.net\/deusimar\/wp-content\/uploads\/2015\/02\/RUI-COSTA-IMAGEM-GRANDE-DO-FACE..png\" alt=\"RUI COSTA IMAGEM GRANDE DO FACE.\" width=\"160\" height=\"160\" class=\"alignleft size-full wp-image-832\" srcset=\"https:\/\/portaldenoticias.net\/deusimar\/wp-content\/uploads\/2015\/02\/RUI-COSTA-IMAGEM-GRANDE-DO-FACE..png 160w, https:\/\/portaldenoticias.net\/deusimar\/wp-content\/uploads\/2015\/02\/RUI-COSTA-IMAGEM-GRANDE-DO-FACE.-150x150.png 150w\" sizes=\"auto, (max-width: 160px) 100vw, 160px\" \/><br \/>\n<img loading=\"lazy\" decoding=\"async\" src=\"http:\/\/www.portaldenoticias.net\/deusimar\/wp-content\/uploads\/2015\/03\/pacto-pe\u00e7a-educacao.-450x167.png\" alt=\"pacto pe\u00e7a educacao.\" width=\"450\" height=\"167\" class=\"alignleft size-medium wp-image-1609\" srcset=\"https:\/\/portaldenoticias.net\/deusimar\/wp-content\/uploads\/2015\/03\/pacto-pe\u00e7a-educacao.-450x167.png 450w, https:\/\/portaldenoticias.net\/deusimar\/wp-content\/uploads\/2015\/03\/pacto-pe\u00e7a-educacao.-640x237.png 640w, https:\/\/portaldenoticias.net\/deusimar\/wp-content\/uploads\/2015\/03\/pacto-pe\u00e7a-educacao..png 851w\" sizes=\"auto, (max-width: 450px) 100vw, 450px\" \/><br \/>\nRui Costa<br \/>\n4 h \u00b7 Editado \u00b7<br \/>\nMeu compromisso \u00e9 fazer um governo pr\u00f3ximo das pessoas. E isso n\u00e3o se faz no gabinete e sim, visitando cada escola, cada hospital, cada munic\u00edpio. \u00c9 assim que se conhece a realidade dos baianos e baianas. \u00c9 assim que vamos fazer a diferen\u00e7a. Muito obrigado \u00e0 Ildes Patroc\u00ednio, leitora do A Tarde de Feira de Santana, pela confian\u00e7a depositada. \u00c9 muito gratificante receber esse apoio. Conto com voc\u00ea para se engajar tamb\u00e9m no \u202a#\u200ePactoPelaEduca\u00e7\u00e3o\u202c, que ser\u00e1 lan\u00e7ado na pr\u00f3xima segunda-feira<\/p>\n<p><img loading=\"lazy\" decoding=\"async\" src=\"http:\/\/www.portaldenoticias.net\/deusimar\/wp-content\/uploads\/2015\/03\/VISITA-AS-ESCOLAS-PELO-GOVERNADOR.-450x450.jpg\" alt=\"VISITA AS ESCOLAS PELO GOVERNADOR.\" width=\"450\" height=\"450\" class=\"alignleft size-medium wp-image-1675\" srcset=\"https:\/\/portaldenoticias.net\/deusimar\/wp-content\/uploads\/2015\/03\/VISITA-AS-ESCOLAS-PELO-GOVERNADOR.-450x450.jpg 450w, https:\/\/portaldenoticias.net\/deusimar\/wp-content\/uploads\/2015\/03\/VISITA-AS-ESCOLAS-PELO-GOVERNADOR.-150x150.jpg 150w, https:\/\/portaldenoticias.net\/deusimar\/wp-content\/uploads\/2015\/03\/VISITA-AS-ESCOLAS-PELO-GOVERNADOR.-640x640.jpg 640w, https:\/\/portaldenoticias.net\/deusimar\/wp-content\/uploads\/2015\/03\/VISITA-AS-ESCOLAS-PELO-GOVERNADOR..jpg 700w\" sizes=\"auto, (max-width: 450px) 100vw, 450px\" \/><\/p>\n<p>COLABORA\u00c7\u00c3O E COMPLEMENTOS DOS:<br \/>\n<img loading=\"lazy\" decoding=\"async\" src=\"http:\/\/www.portaldenoticias.net\/deusimar\/wp-content\/uploads\/2015\/03\/CARTAO-DE-VISITA-DEUSIMAR1-450x250.jpg\" alt=\"CARTAO DE VISITA DEUSIMAR\" width=\"450\" height=\"250\" class=\"alignleft size-medium wp-image-1410\" srcset=\"https:\/\/portaldenoticias.net\/deusimar\/wp-content\/uploads\/2015\/03\/CARTAO-DE-VISITA-DEUSIMAR1-450x250.jpg 450w, https:\/\/portaldenoticias.net\/deusimar\/wp-content\/uploads\/2015\/03\/CARTAO-DE-VISITA-DEUSIMAR1-640x356.jpg 640w, https:\/\/portaldenoticias.net\/deusimar\/wp-content\/uploads\/2015\/03\/CARTAO-DE-VISITA-DEUSIMAR1.jpg 1062w\" sizes=\"auto, (max-width: 450px) 100vw, 450px\" \/><\/p>\n","protected":false},"excerpt":{"rendered":"<p>Rui Costa 4 h \u00b7 Editado \u00b7 Meu compromisso \u00e9 fazer um governo pr\u00f3ximo das pessoas. E isso n\u00e3o se faz no gabinete e sim, visitando cada escola, cada hospital, cada munic\u00edpio. \u00c9 assim que se conhece a realidade dos baianos e baianas. \u00c9 assim que vamos fazer a diferen\u00e7a. Muito obrigado \u00e0 Ildes Patroc\u00ednio, [&hellip;]<\/p>\n","protected":false},"author":2,"featured_media":0,"comment_status":"open","ping_status":"open","sticky":false,"template":"","format":"standard","meta":{"footnotes":""},"categories":[1],"tags":[],"class_list":{"0":"post-1674","1":"post","2":"type-post","3":"status-publish","4":"format-standard","6":"category-destaques"},"_links":{"self":[{"href":"https:\/\/portaldenoticias.net\/deusimar\/wp-json\/wp\/v2\/posts\/1674","targetHints":{"allow":["GET"]}}],"collection":[{"href":"https:\/\/portaldenoticias.net\/deusimar\/wp-json\/wp\/v2\/posts"}],"about":[{"href":"https:\/\/portaldenoticias.net\/deusimar\/wp-json\/wp\/v2\/types\/post"}],"author":[{"embeddable":true,"href":"https:\/\/portaldenoticias.net\/deusimar\/wp-json\/wp\/v2\/users\/2"}],"replies":[{"embeddable":true,"href":"https:\/\/portaldenoticias.net\/deusimar\/wp-json\/wp\/v2\/comments?post=1674"}],"version-history":[{"count":0,"href":"https:\/\/portaldenoticias.net\/deusimar\/wp-json\/wp\/v2\/posts\/1674\/revisions"}],"wp:attachment":[{"href":"https:\/\/portaldenoticias.net\/deusimar\/wp-json\/wp\/v2\/media?parent=1674"}],"wp:term":[{"taxonomy":"category","embeddable":true,"href":"https:\/\/portaldenoticias.net\/deusimar\/wp-json\/wp\/v2\/categories?post=1674"},{"taxonomy":"post_tag","embeddable":true,"href":"https:\/\/portaldenoticias.net\/deusimar\/wp-json\/wp\/v2\/tags?post=1674"}],"curies":[{"name":"wp","href":"https:\/\/api.w.org\/{rel}","templated":true}]}}