{"id":1665,"date":"2015-03-26T17:27:44","date_gmt":"2015-03-26T20:27:44","guid":{"rendered":"http:\/\/www.portaldenoticias.net\/deusimar\/?p=1665"},"modified":"2015-03-26T17:33:23","modified_gmt":"2015-03-26T20:33:23","slug":"governdor-de-nossa-linda-e-extensa-bahia-radiante-de-alegria-comemorando-o-niver-de-sua-filhota","status":"publish","type":"post","link":"https:\/\/portaldenoticias.net\/deusimar\/governdor-de-nossa-linda-e-extensa-bahia-radiante-de-alegria-comemorando-o-niver-de-sua-filhota\/","title":{"rendered":"GOVERNDOR DE NOSSA LINDA E EXTENSA BAHIA RADIANTE DE ALEGRIA COMEMORANDO O NIVER DE SUA FILHOTA."},"content":{"rendered":"<p><img loading=\"lazy\" decoding=\"async\" src=\"http:\/\/www.portaldenoticias.net\/deusimar\/wp-content\/uploads\/2015\/02\/RUI-COSTA-IMAGEM-GRANDE-DO-FACE..png\" alt=\"RUI COSTA IMAGEM GRANDE DO FACE.\" width=\"160\" height=\"160\" class=\"alignleft size-full wp-image-832\" srcset=\"https:\/\/portaldenoticias.net\/deusimar\/wp-content\/uploads\/2015\/02\/RUI-COSTA-IMAGEM-GRANDE-DO-FACE..png 160w, https:\/\/portaldenoticias.net\/deusimar\/wp-content\/uploads\/2015\/02\/RUI-COSTA-IMAGEM-GRANDE-DO-FACE.-150x150.png 150w\" sizes=\"auto, (max-width: 160px) 100vw, 160px\" \/><br \/>\nRui Costa<br \/>\n9 h \u00b7 Editado \u00b7<br \/>\nHoje faz dois anos que minha vida se encheu de alegria. Um filho \u00e9 um presente de Deus e sou muito grato a Ele pela vida dos meus&#8230;. Agrade\u00e7o hoje em especial por ter Marina. O desejo desse pai \u00e9 que ela continue crescendo com sa\u00fade, alegria e todo o amor que a nossa fam\u00edlia lhe d\u00e1. Um grande beijo, minha filha!<\/p>\n<p><img loading=\"lazy\" decoding=\"async\" src=\"http:\/\/www.portaldenoticias.net\/deusimar\/wp-content\/uploads\/2015\/03\/niver-da-filhota-do-governador.-450x253.jpg\" alt=\"niver da filhota do governador.\" width=\"450\" height=\"253\" class=\"alignleft size-medium wp-image-1666\" srcset=\"https:\/\/portaldenoticias.net\/deusimar\/wp-content\/uploads\/2015\/03\/niver-da-filhota-do-governador.-450x253.jpg 450w, https:\/\/portaldenoticias.net\/deusimar\/wp-content\/uploads\/2015\/03\/niver-da-filhota-do-governador..jpg 480w\" sizes=\"auto, (max-width: 450px) 100vw, 450px\" \/><\/p>\n<p>COLABORA\u00c7\u00c3O E COMPLEMENTOS DOS:<br \/>\n<img loading=\"lazy\" decoding=\"async\" src=\"http:\/\/www.portaldenoticias.net\/deusimar\/wp-content\/uploads\/2015\/02\/CARTAO-DE-VISITA-AMPLIADO-DE-DEUSIMAR1-450x250.jpg\" alt=\"CARTAO DE VISITA AMPLIADO DE DEUSIMAR\" width=\"450\" height=\"250\" class=\"alignleft size-medium wp-image-591\" srcset=\"https:\/\/portaldenoticias.net\/deusimar\/wp-content\/uploads\/2015\/02\/CARTAO-DE-VISITA-AMPLIADO-DE-DEUSIMAR1-450x250.jpg 450w, https:\/\/portaldenoticias.net\/deusimar\/wp-content\/uploads\/2015\/02\/CARTAO-DE-VISITA-AMPLIADO-DE-DEUSIMAR1-640x356.jpg 640w, https:\/\/portaldenoticias.net\/deusimar\/wp-content\/uploads\/2015\/02\/CARTAO-DE-VISITA-AMPLIADO-DE-DEUSIMAR1.jpg 1062w\" sizes=\"auto, (max-width: 450px) 100vw, 450px\" \/><\/p>\n","protected":false},"excerpt":{"rendered":"<p>Rui Costa 9 h \u00b7 Editado \u00b7 Hoje faz dois anos que minha vida se encheu de alegria. Um filho \u00e9 um presente de Deus e sou muito grato a Ele pela vida dos meus&#8230;. Agrade\u00e7o hoje em especial por ter Marina. O desejo desse pai \u00e9 que ela continue crescendo com sa\u00fade, alegria e [&hellip;]<\/p>\n","protected":false},"author":2,"featured_media":0,"comment_status":"open","ping_status":"open","sticky":false,"template":"","format":"standard","meta":{"footnotes":""},"categories":[1],"tags":[],"class_list":{"0":"post-1665","1":"post","2":"type-post","3":"status-publish","4":"format-standard","6":"category-destaques"},"_links":{"self":[{"href":"https:\/\/portaldenoticias.net\/deusimar\/wp-json\/wp\/v2\/posts\/1665","targetHints":{"allow":["GET"]}}],"collection":[{"href":"https:\/\/portaldenoticias.net\/deusimar\/wp-json\/wp\/v2\/posts"}],"about":[{"href":"https:\/\/portaldenoticias.net\/deusimar\/wp-json\/wp\/v2\/types\/post"}],"author":[{"embeddable":true,"href":"https:\/\/portaldenoticias.net\/deusimar\/wp-json\/wp\/v2\/users\/2"}],"replies":[{"embeddable":true,"href":"https:\/\/portaldenoticias.net\/deusimar\/wp-json\/wp\/v2\/comments?post=1665"}],"version-history":[{"count":0,"href":"https:\/\/portaldenoticias.net\/deusimar\/wp-json\/wp\/v2\/posts\/1665\/revisions"}],"wp:attachment":[{"href":"https:\/\/portaldenoticias.net\/deusimar\/wp-json\/wp\/v2\/media?parent=1665"}],"wp:term":[{"taxonomy":"category","embeddable":true,"href":"https:\/\/portaldenoticias.net\/deusimar\/wp-json\/wp\/v2\/categories?post=1665"},{"taxonomy":"post_tag","embeddable":true,"href":"https:\/\/portaldenoticias.net\/deusimar\/wp-json\/wp\/v2\/tags?post=1665"}],"curies":[{"name":"wp","href":"https:\/\/api.w.org\/{rel}","templated":true}]}}