{"id":1662,"date":"2015-03-25T21:52:35","date_gmt":"2015-03-26T00:52:35","guid":{"rendered":"http:\/\/www.portaldenoticias.net\/deusimar\/?p=1662"},"modified":"2015-03-25T21:52:35","modified_gmt":"2015-03-26T00:52:35","slug":"vale-a-a-pena-a-reler-de-novojusta-homenagem-a-minha-terra-natal-uaua-perfil-de-uma-gente-querida","status":"publish","type":"post","link":"https:\/\/portaldenoticias.net\/deusimar\/vale-a-a-pena-a-reler-de-novojusta-homenagem-a-minha-terra-natal-uaua-perfil-de-uma-gente-querida\/","title":{"rendered":"VALE A A PENA A RELER DE NOVO:JUSTA HOMENAGEM \u00c0 MINHA TERRA NATAL. UAU\u00c1 \u2013 Perfil de Uma Gente Querida."},"content":{"rendered":"<p><img loading=\"lazy\" decoding=\"async\" src=\"http:\/\/www.portaldenoticias.net\/deusimar\/wp-content\/uploads\/2015\/03\/FOTOS-YPHONE-EM-21-03-15-286-338x450.jpg\" alt=\"FOTOS YPHONE EM 21-03-15 286\" width=\"338\" height=\"450\" class=\"alignleft size-medium wp-image-1663\" srcset=\"https:\/\/portaldenoticias.net\/deusimar\/wp-content\/uploads\/2015\/03\/FOTOS-YPHONE-EM-21-03-15-286-338x450.jpg 338w, https:\/\/portaldenoticias.net\/deusimar\/wp-content\/uploads\/2015\/03\/FOTOS-YPHONE-EM-21-03-15-286-480x640.jpg 480w\" sizes=\"auto, (max-width: 338px) 100vw, 338px\" \/><br \/>\nJUSTA HOMENAGEM \u00c0 MINHA TERRA NATAL.<br \/>\nUAU\u00c1 \u2013 Perfil de Uma Gente Querida<br \/>\nNot\u00edcia postada em 28\/05\/10 &#8211; 11-25-33<\/p>\n<p>O tempo passa, a hist\u00f3ria escreve novos cap\u00edtulos, as novas gera\u00e7\u00f5es chegam e as velhas gera\u00e7\u00f5es que cumpriram o seu objetivo, constru\u00edram e deixaram a heran\u00e7a suada da sua obra, partem para a compensa\u00e7\u00e3o espiritual que lhes foi reservada, naturalmente nos limites do exemplo de vida que constru\u00edram ou na propor\u00e7\u00e3o das cren\u00e7as e convic\u00e7\u00f5es espirituais de cada um.<br \/>\nO registro hist\u00f3rico se fundamenta na pesquisa que n\u00e3o pode falhar, mas como n\u00e3o estou me propondo \u00e0 nobre miss\u00e3o de historiador, essa tarefa deixo para a intelig\u00eancia l\u00facida do nosso querido Coronel Jer\u00f4nimo Ribeiro (93 anos), patrim\u00f4nio cultural de Uau\u00e1, e o consagrado dom\u00ednio das letras, acompanhado da sensibilidade pelos fatos hist\u00f3ricos, do grande escritor baiano Oleone Coelho Fontes, uauaense de cora\u00e7\u00e3o e por ado\u00e7\u00e3o. Reservo-me \u00e0s lembran\u00e7as carinhosas que a mem\u00f3ria possa manter ainda em arquivo, com o desejo de que os fragmentos de nomes e momentos importantes n\u00e3o tenham se perdido nesse tempo que passou.<br \/>\n\u00c9 caracter\u00edstica de toda cidade pequena, como a Uau\u00e1 que conheci a partir de 1982, que as pessoas que chegam logo aprendem os caminhos do envolvimento emocional com a gente da terra, vivendo carinhosamente as suas alegrias e tristezas, e participando intensamente com a comunidade do despertar para o desenvolvimento. Que chega lentamente, mas chega. E olha que est\u00e1 chegando mais r\u00e1pido do que permite a capacidade de percep\u00e7\u00e3o da gente da terra e at\u00e9 mesmo dos seus administradores!<br \/>\nQuem anda pelas ruas da cidade se depara a cada momento com um novo entulho, resultado de casas velhas que est\u00e3o sendo demolidas todas as semanas e o surgimento de novas constru\u00e7\u00f5es com estruturas e padr\u00f5es modernos, reflexo de uma cidade que est\u00e1 se transformando diariamente. Ao inv\u00e9s do esperado crescimento no sentido horizontal, Uau\u00e1 est\u00e1 crescendo na vertical, com edifica\u00e7\u00f5es surgindo com at\u00e9 3 pavimentos! J\u00e1 pensaram na Uau\u00e1 quando o asfalto estiver chegando \u00e0s portas da cidade, ap\u00f3s conclu\u00eddo o asfaltamento da BR-235! Que tal a popula\u00e7\u00e3o, os empres\u00e1rios locais e as autoridades come\u00e7arem a fazer um exerc\u00edcio mental projetando-se para o novo tempo que est\u00e1 por chegar, organizando-se e pensando realmente como gente grande!&#8230;<br \/>\nA cidade de Uau\u00e1, como tantas cidades de menor porte que integram o nosso sert\u00e3o, tem um magnetismo \u00fanico e natural que estimula a sensibilidade das pessoas, aumentando nessa gente a capacidade de toler\u00e2ncia, de amor, de compreens\u00e3o. Talvez seja porque o clima quente estimule os sentimentos, promovendo altera\u00e7\u00f5es no pr\u00f3prio comportamento, revelando-se esp\u00edrito acolhedor e af\u00e1vel com os que a visitam.<br \/>\nDiria que a torridez do clima, a escassez de \u00e1gua e todo o conjunto de dificuldades inerentes \u00e0s cidades do semi-\u00e1rido tamb\u00e9m ensinam uma li\u00e7\u00e3o de vida, identificando muito bem na sua gente o verdadeiro sentido da frase de Euclides da Cunha: \u201co sertanejo \u00e9, antes de tudo, um forte\u201d. Um her\u00f3i da caatinga que escreve com o suor, quando n\u00e3o com o pr\u00f3prio sangue, a hist\u00f3ria da sua sobreviv\u00eancia.<\/p>\n<p>Com a imigra\u00e7\u00e3o crescente, a miscigena\u00e7\u00e3o do sangue novo que chega ao munic\u00edpio com o das fam\u00edlias dominantes, os jovens que chegam e se envolvem com a beleza \u00edndia e ing\u00eanua das jovens sertanejas, fatalmente transforma a cultura do passado e passa a construir uma nova sociedade, com nova caracter\u00edstica pol\u00edtica, econ\u00f4mica e social.<\/p>\n<p>Este \u00e9 o perfil de uma gente querida!<\/p>\n<p>Umbuzada.com \u2013 Informa\u00e7\u00e3o em 1\u00ba lugar!<\/p>\n<p><img loading=\"lazy\" decoding=\"async\" src=\"http:\/\/www.portaldenoticias.net\/deusimar\/wp-content\/uploads\/2015\/03\/FOTO-CLARA-DE-GENOR.jpg\" alt=\"FOTO CLARA DE GENOR\" width=\"121\" height=\"171\" class=\"alignleft size-full wp-image-1573\" \/><br \/>\nAgenor Santos (Bacharel em Administra\u00e7\u00e3o de Empresas \u2013 P\u00f3s-Graduando em Administra\u00e7\u00e3o P\u00fablica.) &#8211; agenor_santos@ig.com.br<br \/>\nCOLABORA\u00c7\u00c3O DO UAUAENSE AMIGO PESSOAL DO CRONISTA AGENOR FRANCISCO DOS SANTOS:<br \/>\nJos\u00e9 Deusimar Loiola Gon\u00e7alves<br \/>\nApicultor Meliponicultor,Diretor de Comunica\u00e7\u00e3o da FEBAMEL,,e P\u00f3s Graduado em Gest\u00e3o e Educa\u00e7\u00e3o Ambiental &#8211; EBDA Monte Santo<br \/>\n(75) 9131-0784\/ 9998-0025<\/p>\n","protected":false},"excerpt":{"rendered":"<p>JUSTA HOMENAGEM \u00c0 MINHA TERRA NATAL. UAU\u00c1 \u2013 Perfil de Uma Gente Querida Not\u00edcia postada em 28\/05\/10 &#8211; 11-25-33 O tempo passa, a hist\u00f3ria escreve novos cap\u00edtulos, as novas gera\u00e7\u00f5es chegam e as velhas gera\u00e7\u00f5es que cumpriram o seu objetivo, constru\u00edram e deixaram a heran\u00e7a suada da sua obra, partem para a compensa\u00e7\u00e3o espiritual que [&hellip;]<\/p>\n","protected":false},"author":2,"featured_media":0,"comment_status":"open","ping_status":"open","sticky":false,"template":"","format":"standard","meta":{"footnotes":""},"categories":[1],"tags":[],"class_list":{"0":"post-1662","1":"post","2":"type-post","3":"status-publish","4":"format-standard","6":"category-destaques"},"_links":{"self":[{"href":"https:\/\/portaldenoticias.net\/deusimar\/wp-json\/wp\/v2\/posts\/1662","targetHints":{"allow":["GET"]}}],"collection":[{"href":"https:\/\/portaldenoticias.net\/deusimar\/wp-json\/wp\/v2\/posts"}],"about":[{"href":"https:\/\/portaldenoticias.net\/deusimar\/wp-json\/wp\/v2\/types\/post"}],"author":[{"embeddable":true,"href":"https:\/\/portaldenoticias.net\/deusimar\/wp-json\/wp\/v2\/users\/2"}],"replies":[{"embeddable":true,"href":"https:\/\/portaldenoticias.net\/deusimar\/wp-json\/wp\/v2\/comments?post=1662"}],"version-history":[{"count":0,"href":"https:\/\/portaldenoticias.net\/deusimar\/wp-json\/wp\/v2\/posts\/1662\/revisions"}],"wp:attachment":[{"href":"https:\/\/portaldenoticias.net\/deusimar\/wp-json\/wp\/v2\/media?parent=1662"}],"wp:term":[{"taxonomy":"category","embeddable":true,"href":"https:\/\/portaldenoticias.net\/deusimar\/wp-json\/wp\/v2\/categories?post=1662"},{"taxonomy":"post_tag","embeddable":true,"href":"https:\/\/portaldenoticias.net\/deusimar\/wp-json\/wp\/v2\/tags?post=1662"}],"curies":[{"name":"wp","href":"https:\/\/api.w.org\/{rel}","templated":true}]}}