{"id":1643,"date":"2015-03-25T20:27:08","date_gmt":"2015-03-25T23:27:08","guid":{"rendered":"http:\/\/www.portaldenoticias.net\/deusimar\/?p=1643"},"modified":"2015-03-25T20:27:08","modified_gmt":"2015-03-25T23:27:08","slug":"governador-cumpriu-a-agenda-do-dia-de-hoje25-em-reuniao-na-capital-federal-com-a-presidente-da-republica","status":"publish","type":"post","link":"https:\/\/portaldenoticias.net\/deusimar\/governador-cumpriu-a-agenda-do-dia-de-hoje25-em-reuniao-na-capital-federal-com-a-presidente-da-republica\/","title":{"rendered":"GOVERNADOR CUMPRIU A AGENDA DO DIA DE HOJE(25) EM REUNI\u00c3O NA CAPITAL FEDERAL COM A PRESIDENTE DA REP\u00daBLICA."},"content":{"rendered":"<p><img loading=\"lazy\" decoding=\"async\" src=\"http:\/\/www.portaldenoticias.net\/deusimar\/wp-content\/uploads\/2015\/02\/RUI-COSTA-IMAGEM-GRANDE-DO-FACE..png\" alt=\"RUI COSTA IMAGEM GRANDE DO FACE.\" width=\"160\" height=\"160\" class=\"alignleft size-full wp-image-832\" srcset=\"https:\/\/portaldenoticias.net\/deusimar\/wp-content\/uploads\/2015\/02\/RUI-COSTA-IMAGEM-GRANDE-DO-FACE..png 160w, https:\/\/portaldenoticias.net\/deusimar\/wp-content\/uploads\/2015\/02\/RUI-COSTA-IMAGEM-GRANDE-DO-FACE.-150x150.png 150w\" sizes=\"auto, (max-width: 160px) 100vw, 160px\" \/><br \/>\nRui Costa<br \/>\n7 min \u00b7<br \/>\nA agenda hoje em Bras\u00edlia terminou com uma reuni\u00e3o super importante com a presidenta Dilma Rousseff e demais governadores do Nordeste. Em meio ao cen\u00e1rio de conten\u00e7\u00e3o de gastos e de ajuste fiscal no pa\u00eds, a qualidade e a efic\u00e1cia nas a\u00e7\u00f5es da administra\u00e7\u00e3o p\u00fablica tornam-se imprescind\u00edveis. Apresentamos posi\u00e7\u00f5es e pedidos visando manter as pol\u00edticas de desenvolvimento regional e de distribui\u00e7\u00e3o de renda. Na Bahia, isso se traduz na manuten\u00e7\u00e3o de obras de infraestrutura h\u00eddrica e de log\u00edstica, inseridas no PAC, a exemplo de duplica\u00e7\u00e3o de rodovias e da implanta\u00e7\u00e3o da Ferrovia de Integra\u00e7\u00e3o Oeste Leste.<\/p>\n<p><img loading=\"lazy\" decoding=\"async\" src=\"http:\/\/www.portaldenoticias.net\/deusimar\/wp-content\/uploads\/2015\/03\/REUNIAO-DO-GOV-EM-BRASILIA.-450x253.jpg\" alt=\"REUNIAO DO GOV EM BRASILIA.\" width=\"450\" height=\"253\" class=\"alignleft size-medium wp-image-1644\" srcset=\"https:\/\/portaldenoticias.net\/deusimar\/wp-content\/uploads\/2015\/03\/REUNIAO-DO-GOV-EM-BRASILIA.-450x253.jpg 450w, https:\/\/portaldenoticias.net\/deusimar\/wp-content\/uploads\/2015\/03\/REUNIAO-DO-GOV-EM-BRASILIA..jpg 480w\" sizes=\"auto, (max-width: 450px) 100vw, 450px\" \/><\/p>\n<p>COLABORA\u00c7\u00c3O E COMPLEMENTOS DOS:<br \/>\n<img loading=\"lazy\" decoding=\"async\" src=\"http:\/\/www.portaldenoticias.net\/deusimar\/wp-content\/uploads\/2015\/03\/CARTAO-DE-VISITA-DEUSIMAR1-450x250.jpg\" alt=\"CARTAO DE VISITA DEUSIMAR\" width=\"450\" height=\"250\" class=\"alignleft size-medium wp-image-1410\" srcset=\"https:\/\/portaldenoticias.net\/deusimar\/wp-content\/uploads\/2015\/03\/CARTAO-DE-VISITA-DEUSIMAR1-450x250.jpg 450w, https:\/\/portaldenoticias.net\/deusimar\/wp-content\/uploads\/2015\/03\/CARTAO-DE-VISITA-DEUSIMAR1-640x356.jpg 640w, https:\/\/portaldenoticias.net\/deusimar\/wp-content\/uploads\/2015\/03\/CARTAO-DE-VISITA-DEUSIMAR1.jpg 1062w\" sizes=\"auto, (max-width: 450px) 100vw, 450px\" \/><\/p>\n","protected":false},"excerpt":{"rendered":"<p>Rui Costa 7 min \u00b7 A agenda hoje em Bras\u00edlia terminou com uma reuni\u00e3o super importante com a presidenta Dilma Rousseff e demais governadores do Nordeste. Em meio ao cen\u00e1rio de conten\u00e7\u00e3o de gastos e de ajuste fiscal no pa\u00eds, a qualidade e a efic\u00e1cia nas a\u00e7\u00f5es da administra\u00e7\u00e3o p\u00fablica tornam-se imprescind\u00edveis. Apresentamos posi\u00e7\u00f5es e [&hellip;]<\/p>\n","protected":false},"author":2,"featured_media":0,"comment_status":"open","ping_status":"open","sticky":false,"template":"","format":"standard","meta":{"footnotes":""},"categories":[1],"tags":[],"class_list":{"0":"post-1643","1":"post","2":"type-post","3":"status-publish","4":"format-standard","6":"category-destaques"},"_links":{"self":[{"href":"https:\/\/portaldenoticias.net\/deusimar\/wp-json\/wp\/v2\/posts\/1643","targetHints":{"allow":["GET"]}}],"collection":[{"href":"https:\/\/portaldenoticias.net\/deusimar\/wp-json\/wp\/v2\/posts"}],"about":[{"href":"https:\/\/portaldenoticias.net\/deusimar\/wp-json\/wp\/v2\/types\/post"}],"author":[{"embeddable":true,"href":"https:\/\/portaldenoticias.net\/deusimar\/wp-json\/wp\/v2\/users\/2"}],"replies":[{"embeddable":true,"href":"https:\/\/portaldenoticias.net\/deusimar\/wp-json\/wp\/v2\/comments?post=1643"}],"version-history":[{"count":0,"href":"https:\/\/portaldenoticias.net\/deusimar\/wp-json\/wp\/v2\/posts\/1643\/revisions"}],"wp:attachment":[{"href":"https:\/\/portaldenoticias.net\/deusimar\/wp-json\/wp\/v2\/media?parent=1643"}],"wp:term":[{"taxonomy":"category","embeddable":true,"href":"https:\/\/portaldenoticias.net\/deusimar\/wp-json\/wp\/v2\/categories?post=1643"},{"taxonomy":"post_tag","embeddable":true,"href":"https:\/\/portaldenoticias.net\/deusimar\/wp-json\/wp\/v2\/tags?post=1643"}],"curies":[{"name":"wp","href":"https:\/\/api.w.org\/{rel}","templated":true}]}}