{"id":1639,"date":"2015-03-25T18:44:13","date_gmt":"2015-03-25T21:44:13","guid":{"rendered":"http:\/\/www.portaldenoticias.net\/deusimar\/?p=1639"},"modified":"2015-03-25T18:44:13","modified_gmt":"2015-03-25T21:44:13","slug":"governador-anunciou-em-seu-facebook-o-lancamento-do-programa-pacto-pela-educacao-nesta-proxima-segunda-feira30","status":"publish","type":"post","link":"https:\/\/portaldenoticias.net\/deusimar\/governador-anunciou-em-seu-facebook-o-lancamento-do-programa-pacto-pela-educacao-nesta-proxima-segunda-feira30\/","title":{"rendered":"GOVERNADOR ANUNCIOU  EM  SEU FACEBOOK  O LAN\u00c7AMENTO DO PROGRAMA PACTO PELA EDUCA\u00c7\u00c3O NESTA PR\u00d3XIMA SEGUNDA FEIRA(30)."},"content":{"rendered":"<p><img loading=\"lazy\" decoding=\"async\" src=\"http:\/\/www.portaldenoticias.net\/deusimar\/wp-content\/uploads\/2015\/02\/FOTO-NOVA-DO-PERFIL-DO-GOVERNADOR1-450x450.png\" alt=\"FOTO NOVA DO PERFIL DO GOVERNADOR\" width=\"450\" height=\"450\" class=\"alignleft size-medium wp-image-522\" srcset=\"https:\/\/portaldenoticias.net\/deusimar\/wp-content\/uploads\/2015\/02\/FOTO-NOVA-DO-PERFIL-DO-GOVERNADOR1-450x450.png 450w, https:\/\/portaldenoticias.net\/deusimar\/wp-content\/uploads\/2015\/02\/FOTO-NOVA-DO-PERFIL-DO-GOVERNADOR1-150x150.png 150w, https:\/\/portaldenoticias.net\/deusimar\/wp-content\/uploads\/2015\/02\/FOTO-NOVA-DO-PERFIL-DO-GOVERNADOR1-640x640.png 640w, https:\/\/portaldenoticias.net\/deusimar\/wp-content\/uploads\/2015\/02\/FOTO-NOVA-DO-PERFIL-DO-GOVERNADOR1.png 700w\" sizes=\"auto, (max-width: 450px) 100vw, 450px\" \/><\/p>\n<p><img loading=\"lazy\" decoding=\"async\" src=\"http:\/\/www.portaldenoticias.net\/deusimar\/wp-content\/uploads\/2015\/03\/pacto-pe\u00e7a-educacao.-450x167.png\" alt=\"pacto pe\u00e7a educacao.\" width=\"450\" height=\"167\" class=\"alignleft size-medium wp-image-1609\" srcset=\"https:\/\/portaldenoticias.net\/deusimar\/wp-content\/uploads\/2015\/03\/pacto-pe\u00e7a-educacao.-450x167.png 450w, https:\/\/portaldenoticias.net\/deusimar\/wp-content\/uploads\/2015\/03\/pacto-pe\u00e7a-educacao.-640x237.png 640w, https:\/\/portaldenoticias.net\/deusimar\/wp-content\/uploads\/2015\/03\/pacto-pe\u00e7a-educacao..png 851w\" sizes=\"auto, (max-width: 450px) 100vw, 450px\" \/><\/p>\n<p>Rui Costa<br \/>\n37 min \u00b7<br \/>\nNa pr\u00f3xima segunda-feira vamos lan\u00e7ar o \u202a#\u200ePactoPelaEduca\u00e7\u00e3o\u202c para darmos celeridade nas solu\u00e7\u00f5es que a \u00e1rea precisa. Quero convidar os servidores, as empresas, as fam\u00edlias e toda a sociedade para se engajar nessa empreitada. Queremos um futuro melhor para os filhos e filhas da Bahia e isso s\u00f3 ser\u00e1 poss\u00edvel com educa\u00e7\u00e3o p\u00fablica de qualidade. Fa\u00e7a parte!<\/p>\n<p><img loading=\"lazy\" decoding=\"async\" src=\"http:\/\/www.portaldenoticias.net\/deusimar\/wp-content\/uploads\/2015\/03\/lancamento-do-pacto-pela-educacao-450x450.jpg\" alt=\"lancamento do pacto pela educacao\" width=\"450\" height=\"450\" class=\"alignleft size-medium wp-image-1640\" srcset=\"https:\/\/portaldenoticias.net\/deusimar\/wp-content\/uploads\/2015\/03\/lancamento-do-pacto-pela-educacao-450x450.jpg 450w, https:\/\/portaldenoticias.net\/deusimar\/wp-content\/uploads\/2015\/03\/lancamento-do-pacto-pela-educacao-150x150.jpg 150w, https:\/\/portaldenoticias.net\/deusimar\/wp-content\/uploads\/2015\/03\/lancamento-do-pacto-pela-educacao.jpg 480w\" sizes=\"auto, (max-width: 450px) 100vw, 450px\" \/><br \/>\nCOLABORA\u00c7\u00c3O E COMPLEMENTOS DOS:<br \/>\n<img loading=\"lazy\" decoding=\"async\" src=\"http:\/\/www.portaldenoticias.net\/deusimar\/wp-content\/uploads\/2015\/03\/CARTAO-DE-VISITA-DEUSIMAR1-450x250.jpg\" alt=\"CARTAO DE VISITA DEUSIMAR\" width=\"450\" height=\"250\" class=\"alignleft size-medium wp-image-1410\" srcset=\"https:\/\/portaldenoticias.net\/deusimar\/wp-content\/uploads\/2015\/03\/CARTAO-DE-VISITA-DEUSIMAR1-450x250.jpg 450w, https:\/\/portaldenoticias.net\/deusimar\/wp-content\/uploads\/2015\/03\/CARTAO-DE-VISITA-DEUSIMAR1-640x356.jpg 640w, https:\/\/portaldenoticias.net\/deusimar\/wp-content\/uploads\/2015\/03\/CARTAO-DE-VISITA-DEUSIMAR1.jpg 1062w\" sizes=\"auto, (max-width: 450px) 100vw, 450px\" \/><\/p>\n","protected":false},"excerpt":{"rendered":"<p>Rui Costa 37 min \u00b7 Na pr\u00f3xima segunda-feira vamos lan\u00e7ar o \u202a#\u200ePactoPelaEduca\u00e7\u00e3o\u202c para darmos celeridade nas solu\u00e7\u00f5es que a \u00e1rea precisa. Quero convidar os servidores, as empresas, as fam\u00edlias e toda a sociedade para se engajar nessa empreitada. Queremos um futuro melhor para os filhos e filhas da Bahia e isso s\u00f3 ser\u00e1 poss\u00edvel com [&hellip;]<\/p>\n","protected":false},"author":2,"featured_media":0,"comment_status":"open","ping_status":"open","sticky":false,"template":"","format":"standard","meta":{"footnotes":""},"categories":[1],"tags":[],"class_list":{"0":"post-1639","1":"post","2":"type-post","3":"status-publish","4":"format-standard","6":"category-destaques"},"_links":{"self":[{"href":"https:\/\/portaldenoticias.net\/deusimar\/wp-json\/wp\/v2\/posts\/1639","targetHints":{"allow":["GET"]}}],"collection":[{"href":"https:\/\/portaldenoticias.net\/deusimar\/wp-json\/wp\/v2\/posts"}],"about":[{"href":"https:\/\/portaldenoticias.net\/deusimar\/wp-json\/wp\/v2\/types\/post"}],"author":[{"embeddable":true,"href":"https:\/\/portaldenoticias.net\/deusimar\/wp-json\/wp\/v2\/users\/2"}],"replies":[{"embeddable":true,"href":"https:\/\/portaldenoticias.net\/deusimar\/wp-json\/wp\/v2\/comments?post=1639"}],"version-history":[{"count":0,"href":"https:\/\/portaldenoticias.net\/deusimar\/wp-json\/wp\/v2\/posts\/1639\/revisions"}],"wp:attachment":[{"href":"https:\/\/portaldenoticias.net\/deusimar\/wp-json\/wp\/v2\/media?parent=1639"}],"wp:term":[{"taxonomy":"category","embeddable":true,"href":"https:\/\/portaldenoticias.net\/deusimar\/wp-json\/wp\/v2\/categories?post=1639"},{"taxonomy":"post_tag","embeddable":true,"href":"https:\/\/portaldenoticias.net\/deusimar\/wp-json\/wp\/v2\/tags?post=1639"}],"curies":[{"name":"wp","href":"https:\/\/api.w.org\/{rel}","templated":true}]}}