{"id":1625,"date":"2015-03-24T22:41:49","date_gmt":"2015-03-25T01:41:49","guid":{"rendered":"http:\/\/www.portaldenoticias.net\/deusimar\/?p=1625"},"modified":"2015-03-24T23:49:02","modified_gmt":"2015-03-25T02:49:02","slug":"vale-a-pena-reler-de-novochefe-da-casa-civil-do-governo-do-estado-publica-link-com-noticias-pra-la-de-alvissareiras-para-a-fantastica-atividade-da-apicultura","status":"publish","type":"post","link":"https:\/\/portaldenoticias.net\/deusimar\/vale-a-pena-reler-de-novochefe-da-casa-civil-do-governo-do-estado-publica-link-com-noticias-pra-la-de-alvissareiras-para-a-fantastica-atividade-da-apicultura\/","title":{"rendered":"VALE A PENA RELER DE NOVO:CHEFE DA CASA CIVIL DO GOVERNO DO ESTADO PUBLICA LINK COM NOTICIAS PRA L\u00c1 DE ALVISSAREIRAS PARA A FANT\u00c1STICA ATIVIDADE DA APICULTURA."},"content":{"rendered":"<p><img loading=\"lazy\" decoding=\"async\" src=\"http:\/\/www.portaldenoticias.net\/deusimar\/wp-content\/uploads\/2015\/03\/deusmar-e-rui-costa.jpg\" alt=\"deusmar  e rui costa\" width=\"259\" height=\"194\" class=\"alignleft size-full wp-image-1295\" srcset=\"https:\/\/portaldenoticias.net\/deusimar\/wp-content\/uploads\/2015\/03\/deusmar-e-rui-costa.jpg 259w, https:\/\/portaldenoticias.net\/deusimar\/wp-content\/uploads\/2015\/03\/deusmar-e-rui-costa-174x131.jpg 174w, https:\/\/portaldenoticias.net\/deusimar\/wp-content\/uploads\/2015\/03\/deusmar-e-rui-costa-70x53.jpg 70w\" sizes=\"auto, (max-width: 259px) 100vw, 259px\" \/><\/p>\n<p>Ol\u00e1 leitores(as) amigos(as) de nossos blogs!!<br \/>\nConforme justificado em artigos anteriores sobre as diversas cr\u00edticas a este blogueiro de voc\u00eas porque vem compartilhando as mat\u00e9rias que tratam das a\u00e7\u00f5es do governo de nossa linda e extensa Bahia extra\u00eddas do face de nosso governador,atentem bem nesta mat\u00e9ria, que este procedimento vem desde 2010,quando o mesmo foi nosso Deputado Federal, e posteriormente promovido pelo ex-governador jaques Wagner para o cargo de Secretario Chefe da Casa Civil. Dentre uma diversidade de a\u00e7\u00f5es da Casa Civil, todas elas publicadas em nossos modestos blogs, o nosso atual governador, que parece-nos bem intencionado publicou em 30\/12\/2012 esta mat\u00e9ria abaixo postada demonstrando a sua preocupa\u00e7\u00e3o para com a atividade mais proativa e mais importante do planeta, a nossa APICULTURA\/MELIPONICULTURA.Aproveitando o reprise desta mat\u00e9ria, gostaria de lembrar aos(as) nossos(as)leitores(as) amigos(as),principalmente a galera que cuida muito bem obrigado de nossas abelhinhas,sobre a necessidade de pedirmos ao nosso GOVERNADOR,para determinar aos secret\u00e1rios da SEAGRI\/SDR,que  nesses pr\u00f3ximos 04 anos do 1\u00ba mandato, as a\u00e7\u00f5es da atividade APICULTURA\/MELIPONICULTURA sejam priorizadas. Assim acontecendo,haveremos de ter o aumento da produ\u00e7\u00e3o de alimentos no campo, pois s\u00e3o elas que cuidam de 80% ou mais, do processo de poliniza\u00e7\u00e3o das flores para a forma\u00e7\u00e3o dos frutos; sementes; gr\u00e3os e das forragens para os animais nos darem o leite, a carne,e etc.. para a nossa alimenta\u00e7\u00e3o.Povo bem alimentado adoece menos, e aprende mais,reduzindo-se consideravelmente, os gastos com a SA\u00daDE E A EDUCA\u00c7\u00c3O.Sem precisar lembrar, da significativa gera\u00e7\u00e3o de emprego e renda no campo, e os benef\u00edcios \u00e0 fant\u00e1stica M\u00c3E NATUREZA, que vai agradecer ricamente o nosso GOVERNADOR e seus colaboradores, e aos APICULTORES\/MELIPONICULTORES, muito mais.<br \/>\n Para aqueles que n\u00e3o sabiam, se mede o tamanho da AGROPECU\u00c1RIA de um determinado povoado; munic\u00edpio; estado,ou na\u00e7\u00e3o,pelo fluxo de abelhas existentes nos espa\u00e7os geogr\u00e1ficos desses territ\u00f3rios acima mencionados.<br \/>\nCONTRIBUI\u00c7\u00c3O:<br \/>\nJos\u00e9 Deusimar Loiola Gon\u00e7alves<br \/>\nApicultor Meliponicultor,Diretor de Comunica\u00e7\u00e3o da FEBAMEL,,e P\u00f3s Graduado em Gest\u00e3o e Educa\u00e7\u00e3o Ambiental &#8211; EBDA Monte Santo<br \/>\n(75) 9131-0784\/ 9998-0025<br \/>\nVALE A PENA A RELER DE NOVO.<br \/>\ncomments Comments (0<br \/>\nBy deusimar, 30\/11\/2012 3:22 pm<br \/>\nRui Costa postou na p\u00e1gina inicial de seu facebook:<br \/>\nLan\u00e7ado edital de apoio \u00e0 cadeia produtiva da apicultura na Bahia \u2014 SECOM \u2013 BA :: Secretaria de Com<br \/>\nwww.comunicacao.ba.gov.br<br \/>\nPortal oficial da Secom \u2013 Secretaria de Comunica\u00e7\u00e3o Social \u2013 Governo do Estado da Bahia.Curtir \u00b7 \u00b7 Compartilhar \u00b7 h\u00e1 25 minutos \u00b7 2 pessoas curtiram isto..1 compartilhamento.<br \/>\n<img loading=\"lazy\" decoding=\"async\" src=\"http:\/\/www.portaldenoticias.net\/deusimar\/wp-content\/uploads\/2015\/01\/IMAGEM-FACE-GRANDE-DEUSIMAR1.jpg\" alt=\"IMAGEM FACE GRANDE DEUSIMAR\" width=\"259\" height=\"195\" class=\"alignleft size-full wp-image-251\" srcset=\"https:\/\/portaldenoticias.net\/deusimar\/wp-content\/uploads\/2015\/01\/IMAGEM-FACE-GRANDE-DEUSIMAR1.jpg 259w, https:\/\/portaldenoticias.net\/deusimar\/wp-content\/uploads\/2015\/01\/IMAGEM-FACE-GRANDE-DEUSIMAR1-174x131.jpg 174w, https:\/\/portaldenoticias.net\/deusimar\/wp-content\/uploads\/2015\/01\/IMAGEM-FACE-GRANDE-DEUSIMAR1-70x53.jpg 70w\" sizes=\"auto, (max-width: 259px) 100vw, 259px\" \/><\/p>\n<p>Jose Deusimar Loiola Gon\u00e7alves:<br \/>\n Ai secret\u00e1rio, mexeu com os meus sentimentos, como de tantos outros abnegados apicultores de nossa linda e extensa Bahia, porque n\u00e3o dizer, do nosso Brasil!!Em nome de nossa FEBAMEL-Federa\u00e7\u00e3o Baiana dos Apicultores e Meliponicultores,parabenizamos-lhe pela not\u00edcia,pra l\u00e1 de alvissareira.S\u00f3 para o secret\u00e1rio ter uma ideia da extrema import\u00e2ncia dessa extraordin\u00e1ria atividade para o nosso estado, porque n\u00e3o generalizar e dizer para o planeta,vamos fazer de nossas, as palavras do renomado cientista Dr.Albert Einstein, que deixou escrito nos anais de suas in\u00fameras declara\u00e7\u00f5es:se em algum tempo, vier acontecer uma cat\u00e1strofe no planeta terra, e todas as abelhas forem exterminadas, em um pouco espa\u00e7o de tempo, nenhum ser vivo conseguir\u00e1 mais sobreviver, inclusive, n\u00f3s humanos. Os 20% do processo de poliniza\u00e7\u00e3o das plantas que ficam por conta dos p\u00e1ssaros;borboletas; vento, n\u00e3o dar\u00e3o conta da oferta de alimentos para os animais e para a humanidade no planeta.<br \/>\nS\u00f3 para lembrar que, as nossas abelhinhas s\u00e3o consideradas, como os agentes polinizadores mais completos do universo, respons\u00e1veis por 80% do processo de poliniza\u00e7\u00e3o das plantas.<br \/>\nMuito Obrigado, pela rica contribui\u00e7\u00e3o aos nossos blogs: www.portaldenoticias.net\/deusimar www.montesanto.net.<br \/>\nBlog do Deusimar das Abelhas<\/p>\n<blockquote class=\"wp-embedded-content\" data-secret=\"bAu7eA0Y3G\"><p><a href=\"https:\/\/www.portaldenoticias.net\/\">Home<\/a><\/p><\/blockquote>\n<p><iframe loading=\"lazy\" class=\"wp-embedded-content\" sandbox=\"allow-scripts\" security=\"restricted\" style=\"position: absolute; clip: rect(1px, 1px, 1px, 1px);\" title=\"&#8220;Home&#8221; &#8212; Portal de Not\u00edcias\" src=\"https:\/\/www.portaldenoticias.net\/embed\/#?secret=dKB2GV4Nqk#?secret=bAu7eA0Y3G\" data-secret=\"bAu7eA0Y3G\" width=\"600\" height=\"338\" frameborder=\"0\" marginwidth=\"0\" marginheight=\"0\" scrolling=\"no\"><\/iframe><br \/>\nNOTE N\u00ba 1: s\u00f3 podemos colher, aquilo que efetivamente plantamos. Quem planta bem\u2026<br \/>\n, a colheita \u00e9 boa tamb\u00e9m.. aquele que planta vento, n\u00e3o tem como colher a paz, mas ter\u00e1 uma farta colheita de tempestade.<br \/>\nVer mais.<br \/>\nCONTRIBUI\u00c7\u00c3O DA P\u00c1GINA INICIAL DO FACEBOOK DO CHEFE DA CASA CIVIL DO GOVERNO DO ESTADO.<br \/>\nCOLABORA\u00c7\u00c3O E COMPLEMENTOS DOS:<br \/>\n<img loading=\"lazy\" decoding=\"async\" src=\"http:\/\/www.portaldenoticias.net\/deusimar\/wp-content\/uploads\/2015\/03\/CARTAO-DE-VISITA-DEUSIMAR1-450x250.jpg\" alt=\"CARTAO DE VISITA DEUSIMAR\" width=\"450\" height=\"250\" class=\"alignleft size-medium wp-image-1410\" srcset=\"https:\/\/portaldenoticias.net\/deusimar\/wp-content\/uploads\/2015\/03\/CARTAO-DE-VISITA-DEUSIMAR1-450x250.jpg 450w, https:\/\/portaldenoticias.net\/deusimar\/wp-content\/uploads\/2015\/03\/CARTAO-DE-VISITA-DEUSIMAR1-640x356.jpg 640w, https:\/\/portaldenoticias.net\/deusimar\/wp-content\/uploads\/2015\/03\/CARTAO-DE-VISITA-DEUSIMAR1.jpg 1062w\" sizes=\"auto, (max-width: 450px) 100vw, 450px\" \/><\/p>\n","protected":false},"excerpt":{"rendered":"<p>Ol\u00e1 leitores(as) amigos(as) de nossos blogs!! Conforme justificado em artigos anteriores sobre as diversas cr\u00edticas a este blogueiro de voc\u00eas porque vem compartilhando as mat\u00e9rias que tratam das a\u00e7\u00f5es do governo de nossa linda e extensa Bahia extra\u00eddas do face de nosso governador,atentem bem nesta mat\u00e9ria, que este procedimento vem desde 2010,quando o mesmo foi [&hellip;]<\/p>\n","protected":false},"author":2,"featured_media":0,"comment_status":"open","ping_status":"open","sticky":false,"template":"","format":"standard","meta":{"footnotes":""},"categories":[1],"tags":[],"class_list":{"0":"post-1625","1":"post","2":"type-post","3":"status-publish","4":"format-standard","6":"category-destaques"},"_links":{"self":[{"href":"https:\/\/portaldenoticias.net\/deusimar\/wp-json\/wp\/v2\/posts\/1625","targetHints":{"allow":["GET"]}}],"collection":[{"href":"https:\/\/portaldenoticias.net\/deusimar\/wp-json\/wp\/v2\/posts"}],"about":[{"href":"https:\/\/portaldenoticias.net\/deusimar\/wp-json\/wp\/v2\/types\/post"}],"author":[{"embeddable":true,"href":"https:\/\/portaldenoticias.net\/deusimar\/wp-json\/wp\/v2\/users\/2"}],"replies":[{"embeddable":true,"href":"https:\/\/portaldenoticias.net\/deusimar\/wp-json\/wp\/v2\/comments?post=1625"}],"version-history":[{"count":0,"href":"https:\/\/portaldenoticias.net\/deusimar\/wp-json\/wp\/v2\/posts\/1625\/revisions"}],"wp:attachment":[{"href":"https:\/\/portaldenoticias.net\/deusimar\/wp-json\/wp\/v2\/media?parent=1625"}],"wp:term":[{"taxonomy":"category","embeddable":true,"href":"https:\/\/portaldenoticias.net\/deusimar\/wp-json\/wp\/v2\/categories?post=1625"},{"taxonomy":"post_tag","embeddable":true,"href":"https:\/\/portaldenoticias.net\/deusimar\/wp-json\/wp\/v2\/tags?post=1625"}],"curies":[{"name":"wp","href":"https:\/\/api.w.org\/{rel}","templated":true}]}}