{"id":1618,"date":"2015-03-24T17:26:56","date_gmt":"2015-03-24T20:26:56","guid":{"rendered":"http:\/\/www.portaldenoticias.net\/deusimar\/?p=1618"},"modified":"2015-03-24T17:26:56","modified_gmt":"2015-03-24T20:26:56","slug":"mais-uma-vez-o-programa-pacto-pela-educacao-foi-assunto-principal-do-programa-diga-ai-governador","status":"publish","type":"post","link":"https:\/\/portaldenoticias.net\/deusimar\/mais-uma-vez-o-programa-pacto-pela-educacao-foi-assunto-principal-do-programa-diga-ai-governador\/","title":{"rendered":"MAIS UMA VEZ O PROGRAMA PACTO PELA EDUCA\u00c7\u00c3O FOI ASSUNTO PRINCIPAL DO PROGRAMA-&#8220;DIGA AI GOVERNADOR&#8221;."},"content":{"rendered":"<p><img loading=\"lazy\" decoding=\"async\" src=\"http:\/\/www.portaldenoticias.net\/deusimar\/wp-content\/uploads\/2015\/03\/PROGRAA-DO-NOVO-GOVERNADOR.-450x450.jpg\" alt=\"PROGRAA DO NOVO GOVERNADOR.\" width=\"450\" height=\"450\" class=\"alignleft size-medium wp-image-1031\" srcset=\"https:\/\/portaldenoticias.net\/deusimar\/wp-content\/uploads\/2015\/03\/PROGRAA-DO-NOVO-GOVERNADOR.-450x450.jpg 450w, https:\/\/portaldenoticias.net\/deusimar\/wp-content\/uploads\/2015\/03\/PROGRAA-DO-NOVO-GOVERNADOR.-150x150.jpg 150w, https:\/\/portaldenoticias.net\/deusimar\/wp-content\/uploads\/2015\/03\/PROGRAA-DO-NOVO-GOVERNADOR..jpg 480w\" sizes=\"auto, (max-width: 450px) 100vw, 450px\" \/><\/p>\n<p>Rui Costa<br \/>\n4 h \u00b7<br \/>\nJ\u00e1 ouviu o Diga A\u00ed, Governador! de hoje? Gravei ontem, diretamente do distrito de Nova Esperan\u00e7a, em um ambiente muito agrad\u00e1vel, com laranja, com lim\u00e3o, pimenta&#8230; e tudo que agora a popula\u00e7\u00e3o poder\u00e1 plantar e colher com a \u00e1gua de qualidade do Sistema que inauguramos ontem. Na \u00faltima sexta-feira, lancei o cons\u00f3rcio p\u00fablico que vai envolver o munic\u00edpio e o Estado para regionalizar \u00e0 aten\u00e7\u00e3o a \u202a#\u200eSa\u00fade\u202c. Quero convidar todos para conhecer melhor nossos projetos para levar a \u202a#\u200eSa\u00fadeMaisPertoDeVoc\u00ea\u202c. Tamb\u00e9m vamos lan\u00e7ar o Pacto pela Educa\u00e7\u00e3o, um envolvimento da sociedade, dos gestores municipais e do Estado para, juntos, melhorarmos a educa\u00e7\u00e3o p\u00fablica no Estado da Bahia. Na pr\u00f3xima segunda-feira, vamos apresentar v\u00e1rias a\u00e7\u00f5es, desde material did\u00e1tico, capacita\u00e7\u00e3o de professores, infraestrutura das escolas e outras a\u00e7\u00f5es dentro desse novo pacto. Teremos gestores respons\u00e1veis por cada regi\u00e3o, e vamos monitorar os indicadores e as metas que n\u00f3s colocamos para serem alcan\u00e7ados. Ou\u00e7a na \u00edntegra e participe: http:\/\/www.secom.ba.gov.br\/modules\/debaser2\/visualizar.php\u2026<\/p>\n<p><img loading=\"lazy\" decoding=\"async\" src=\"http:\/\/www.portaldenoticias.net\/deusimar\/wp-content\/uploads\/2015\/03\/DIGA-AI-GOV-450x450.jpg\" alt=\"DIGA AI GOV\" width=\"450\" height=\"450\" class=\"alignleft size-medium wp-image-1619\" srcset=\"https:\/\/portaldenoticias.net\/deusimar\/wp-content\/uploads\/2015\/03\/DIGA-AI-GOV-450x450.jpg 450w, https:\/\/portaldenoticias.net\/deusimar\/wp-content\/uploads\/2015\/03\/DIGA-AI-GOV-150x150.jpg 150w, https:\/\/portaldenoticias.net\/deusimar\/wp-content\/uploads\/2015\/03\/DIGA-AI-GOV-640x640.jpg 640w, https:\/\/portaldenoticias.net\/deusimar\/wp-content\/uploads\/2015\/03\/DIGA-AI-GOV.jpg 960w\" sizes=\"auto, (max-width: 450px) 100vw, 450px\" \/><\/p>\n<p>COLABORA\u00c7\u00c3O E COMPLEMENTOS DOS:<br \/>\n<img loading=\"lazy\" decoding=\"async\" src=\"http:\/\/www.portaldenoticias.net\/deusimar\/wp-content\/uploads\/2015\/03\/CARTAO-DE-VISITA-DEUSIMAR1-450x250.jpg\" alt=\"CARTAO DE VISITA DEUSIMAR\" width=\"450\" height=\"250\" class=\"alignleft size-medium wp-image-1410\" srcset=\"https:\/\/portaldenoticias.net\/deusimar\/wp-content\/uploads\/2015\/03\/CARTAO-DE-VISITA-DEUSIMAR1-450x250.jpg 450w, https:\/\/portaldenoticias.net\/deusimar\/wp-content\/uploads\/2015\/03\/CARTAO-DE-VISITA-DEUSIMAR1-640x356.jpg 640w, https:\/\/portaldenoticias.net\/deusimar\/wp-content\/uploads\/2015\/03\/CARTAO-DE-VISITA-DEUSIMAR1.jpg 1062w\" sizes=\"auto, (max-width: 450px) 100vw, 450px\" \/><\/p>\n","protected":false},"excerpt":{"rendered":"<p>Rui Costa 4 h \u00b7 J\u00e1 ouviu o Diga A\u00ed, Governador! de hoje? Gravei ontem, diretamente do distrito de Nova Esperan\u00e7a, em um ambiente muito agrad\u00e1vel, com laranja, com lim\u00e3o, pimenta&#8230; e tudo que agora a popula\u00e7\u00e3o poder\u00e1 plantar e colher com a \u00e1gua de qualidade do Sistema que inauguramos ontem. Na \u00faltima sexta-feira, lancei [&hellip;]<\/p>\n","protected":false},"author":2,"featured_media":0,"comment_status":"open","ping_status":"open","sticky":false,"template":"","format":"standard","meta":{"footnotes":""},"categories":[1],"tags":[],"class_list":{"0":"post-1618","1":"post","2":"type-post","3":"status-publish","4":"format-standard","6":"category-destaques"},"_links":{"self":[{"href":"https:\/\/portaldenoticias.net\/deusimar\/wp-json\/wp\/v2\/posts\/1618","targetHints":{"allow":["GET"]}}],"collection":[{"href":"https:\/\/portaldenoticias.net\/deusimar\/wp-json\/wp\/v2\/posts"}],"about":[{"href":"https:\/\/portaldenoticias.net\/deusimar\/wp-json\/wp\/v2\/types\/post"}],"author":[{"embeddable":true,"href":"https:\/\/portaldenoticias.net\/deusimar\/wp-json\/wp\/v2\/users\/2"}],"replies":[{"embeddable":true,"href":"https:\/\/portaldenoticias.net\/deusimar\/wp-json\/wp\/v2\/comments?post=1618"}],"version-history":[{"count":0,"href":"https:\/\/portaldenoticias.net\/deusimar\/wp-json\/wp\/v2\/posts\/1618\/revisions"}],"wp:attachment":[{"href":"https:\/\/portaldenoticias.net\/deusimar\/wp-json\/wp\/v2\/media?parent=1618"}],"wp:term":[{"taxonomy":"category","embeddable":true,"href":"https:\/\/portaldenoticias.net\/deusimar\/wp-json\/wp\/v2\/categories?post=1618"},{"taxonomy":"post_tag","embeddable":true,"href":"https:\/\/portaldenoticias.net\/deusimar\/wp-json\/wp\/v2\/tags?post=1618"}],"curies":[{"name":"wp","href":"https:\/\/api.w.org\/{rel}","templated":true}]}}