{"id":1612,"date":"2015-03-24T15:44:25","date_gmt":"2015-03-24T18:44:25","guid":{"rendered":"http:\/\/www.portaldenoticias.net\/deusimar\/?p=1612"},"modified":"2015-03-24T16:01:20","modified_gmt":"2015-03-24T19:01:20","slug":"programa-pacto-pela-educacao-a-menina-dos-olhos-do-governador-foi-o-principal-assunto-da-agenda-de-hoje23-no-municipio-de-itaberaba","status":"publish","type":"post","link":"https:\/\/portaldenoticias.net\/deusimar\/programa-pacto-pela-educacao-a-menina-dos-olhos-do-governador-foi-o-principal-assunto-da-agenda-de-hoje23-no-municipio-de-itaberaba\/","title":{"rendered":"PROGRAMA PACTO PELA EDUCA\u00c7\u00c3O A MENINA DOS OLHOS DO GOVERNADOR FOI O PRINCIPAL ASSUNTO  DA AGENDA DE HOJE(23) NO MUNIC\u00cdPIO DE ITABERABA."},"content":{"rendered":"<p><img loading=\"lazy\" decoding=\"async\" src=\"http:\/\/www.portaldenoticias.net\/deusimar\/wp-content\/uploads\/2015\/02\/RUI-COSTA-IMAGEM-GRANDE-DO-FACE..png\" alt=\"RUI COSTA IMAGEM GRANDE DO FACE.\" width=\"160\" height=\"160\" class=\"alignleft size-full wp-image-832\" srcset=\"https:\/\/portaldenoticias.net\/deusimar\/wp-content\/uploads\/2015\/02\/RUI-COSTA-IMAGEM-GRANDE-DO-FACE..png 160w, https:\/\/portaldenoticias.net\/deusimar\/wp-content\/uploads\/2015\/02\/RUI-COSTA-IMAGEM-GRANDE-DO-FACE.-150x150.png 150w\" sizes=\"auto, (max-width: 160px) 100vw, 160px\" \/><\/p>\n<p><img loading=\"lazy\" decoding=\"async\" src=\"http:\/\/www.portaldenoticias.net\/deusimar\/wp-content\/uploads\/2015\/03\/pacto-pe\u00e7a-educacao.-450x167.png\" alt=\"pacto pe\u00e7a educacao.\" width=\"450\" height=\"167\" class=\"alignleft size-medium wp-image-1609\" srcset=\"https:\/\/portaldenoticias.net\/deusimar\/wp-content\/uploads\/2015\/03\/pacto-pe\u00e7a-educacao.-450x167.png 450w, https:\/\/portaldenoticias.net\/deusimar\/wp-content\/uploads\/2015\/03\/pacto-pe\u00e7a-educacao.-640x237.png 640w, https:\/\/portaldenoticias.net\/deusimar\/wp-content\/uploads\/2015\/03\/pacto-pe\u00e7a-educacao..png 851w\" sizes=\"auto, (max-width: 450px) 100vw, 450px\" \/><\/p>\n<p>Rui Costa<br \/>\n7 h \u00b7 Editado \u00b7<br \/>\nA agenda de hoje come\u00e7a na Governadoria, mas j\u00e1 j\u00e1 sigo para Itaberaba, onde teremos v\u00e1rias iniciativas voltadas \u00e0 \u202a#\u200eEduca\u00e7\u00e3o\u202c. \u00c0s 13h30, visito o Centro Territorial de Educa\u00e7\u00e3o Profissional Piemonte do Paragua\u00e7u, depois vamos inaugurar o Centro de Educa\u00e7\u00e3o Infantil Professora Iracina Queiroz e outras agendas. Aproveito para convidar toda a popula\u00e7\u00e3o itaberabense a se engajar no nosso \u202a#\u200ePactoPelaEduca\u00e7\u00e3o\u202c, que ser\u00e1 lan\u00e7ado na pr\u00f3xima semana. Juntos, vamos melhorar o ensino p\u00fablico! Conto com voc\u00eas!<\/p>\n<p><img loading=\"lazy\" decoding=\"async\" src=\"http:\/\/www.portaldenoticias.net\/deusimar\/wp-content\/uploads\/2015\/03\/RUI-EM-ITABERABA.-450x450.png\" alt=\"RUI EM ITABERABA.\" width=\"450\" height=\"450\" class=\"alignleft size-medium wp-image-1613\" srcset=\"https:\/\/portaldenoticias.net\/deusimar\/wp-content\/uploads\/2015\/03\/RUI-EM-ITABERABA.-450x450.png 450w, https:\/\/portaldenoticias.net\/deusimar\/wp-content\/uploads\/2015\/03\/RUI-EM-ITABERABA.-150x150.png 150w, https:\/\/portaldenoticias.net\/deusimar\/wp-content\/uploads\/2015\/03\/RUI-EM-ITABERABA..png 480w\" sizes=\"auto, (max-width: 450px) 100vw, 450px\" \/><\/p>\n<p><img loading=\"lazy\" decoding=\"async\" src=\"http:\/\/www.portaldenoticias.net\/deusimar\/wp-content\/uploads\/2015\/03\/RUI-E-A-GALERA-DA-ESCOLA-450x254.jpg\" alt=\"RUI E A GALERA DA ESCOLA\" width=\"450\" height=\"254\" class=\"alignleft size-medium wp-image-1\n\n\n<img loading=\"lazy\" decoding=\"async\" src=\"http:\/\/www.portaldenoticias.net\/deusimar\/wp-content\/uploads\/2015\/03\/RUI-VISITA-BATALHAO-450x413.jpg\" alt=\"RUI VISITA BATALHAO\" width=\"450\" height=\"413\" class=\"alignleft size-medium wp-image-1615\" \/><\/p>\n<p>COLABORA\u00c7\u00c3O E COMPLEMENTOS DOS:<br \/>\n<img loading=\"lazy\" decoding=\"async\" src=\"http:\/\/www.portaldenoticias.net\/deusimar\/wp-content\/uploads\/2015\/03\/CARTAO-DE-VISITA-DEUSIMAR-DAS-ABELHAS.-450x250.jpg\" alt=\"CARTAO DE VISITA-DEUSIMAR DAS ABELHAS.\" width=\"450\" height=\"250\" class=\"alignleft size-medium wp-image-1342\" srcset=\"https:\/\/portaldenoticias.net\/deusimar\/wp-content\/uploads\/2015\/03\/CARTAO-DE-VISITA-DEUSIMAR-DAS-ABELHAS.-450x250.jpg 450w, https:\/\/portaldenoticias.net\/deusimar\/wp-content\/uploads\/2015\/03\/CARTAO-DE-VISITA-DEUSIMAR-DAS-ABELHAS.-640x356.jpg 640w, https:\/\/portaldenoticias.net\/deusimar\/wp-content\/uploads\/2015\/03\/CARTAO-DE-VISITA-DEUSIMAR-DAS-ABELHAS..jpg 1062w\" sizes=\"auto, (max-width: 450px) 100vw, 450px\" \/><\/p>\n","protected":false},"excerpt":{"rendered":"<p>Rui Costa 7 h \u00b7 Editado \u00b7 A agenda de hoje come\u00e7a na Governadoria, mas j\u00e1 j\u00e1 sigo para Itaberaba, onde teremos v\u00e1rias iniciativas voltadas \u00e0 \u202a#\u200eEduca\u00e7\u00e3o\u202c. \u00c0s 13h30, visito o Centro Territorial de Educa\u00e7\u00e3o Profissional Piemonte do Paragua\u00e7u, depois vamos inaugurar o Centro de Educa\u00e7\u00e3o Infantil Professora Iracina Queiroz e outras agendas. Aproveito para [&hellip;]<\/p>\n","protected":false},"author":2,"featured_media":0,"comment_status":"open","ping_status":"open","sticky":false,"template":"","format":"standard","meta":{"footnotes":""},"categories":[1],"tags":[],"class_list":{"0":"post-1612","1":"post","2":"type-post","3":"status-publish","4":"format-standard","6":"category-destaques"},"_links":{"self":[{"href":"https:\/\/portaldenoticias.net\/deusimar\/wp-json\/wp\/v2\/posts\/1612","targetHints":{"allow":["GET"]}}],"collection":[{"href":"https:\/\/portaldenoticias.net\/deusimar\/wp-json\/wp\/v2\/posts"}],"about":[{"href":"https:\/\/portaldenoticias.net\/deusimar\/wp-json\/wp\/v2\/types\/post"}],"author":[{"embeddable":true,"href":"https:\/\/portaldenoticias.net\/deusimar\/wp-json\/wp\/v2\/users\/2"}],"replies":[{"embeddable":true,"href":"https:\/\/portaldenoticias.net\/deusimar\/wp-json\/wp\/v2\/comments?post=1612"}],"version-history":[{"count":0,"href":"https:\/\/portaldenoticias.net\/deusimar\/wp-json\/wp\/v2\/posts\/1612\/revisions"}],"wp:attachment":[{"href":"https:\/\/portaldenoticias.net\/deusimar\/wp-json\/wp\/v2\/media?parent=1612"}],"wp:term":[{"taxonomy":"category","embeddable":true,"href":"https:\/\/portaldenoticias.net\/deusimar\/wp-json\/wp\/v2\/categories?post=1612"},{"taxonomy":"post_tag","embeddable":true,"href":"https:\/\/portaldenoticias.net\/deusimar\/wp-json\/wp\/v2\/tags?post=1612"}],"curies":[{"name":"wp","href":"https:\/\/api.w.org\/{rel}","templated":true}]}}