{"id":1600,"date":"2015-03-23T23:42:35","date_gmt":"2015-03-24T02:42:35","guid":{"rendered":"http:\/\/www.portaldenoticias.net\/deusimar\/?p=1600"},"modified":"2015-03-23T23:44:12","modified_gmt":"2015-03-24T02:44:12","slug":"governador-de-nossa-linda-e-extensa-bahia-cumpre-agenda-do-dia-de-hoje23-em-jequie-visitando-as-obras-de-de-requalificacao-e-ampliacao-do-hospital-prado-valadares","status":"publish","type":"post","link":"https:\/\/portaldenoticias.net\/deusimar\/governador-de-nossa-linda-e-extensa-bahia-cumpre-agenda-do-dia-de-hoje23-em-jequie-visitando-as-obras-de-de-requalificacao-e-ampliacao-do-hospital-prado-valadares\/","title":{"rendered":"GOVERNADOR DE NOSSA LINDA E EXTENSA BAHIA CUMPRE AGENDA DO DIA DE HOJE(23) EM  JEQUI\u00c9 VISITANDO AS OBRAS DE  DE REQUALIFICA\u00c7\u00c3O E AMPLIA\u00c7\u00c3O DO HOSPITAL PRADO VALADARES."},"content":{"rendered":"<p><img loading=\"lazy\" decoding=\"async\" src=\"http:\/\/www.portaldenoticias.net\/deusimar\/wp-content\/uploads\/2015\/02\/RUI-COSTA-IMAGEM-GRANDE-DO-FACE..png\" alt=\"RUI COSTA IMAGEM GRANDE DO FACE.\" width=\"160\" height=\"160\" class=\"alignleft size-full wp-image-832\" srcset=\"https:\/\/portaldenoticias.net\/deusimar\/wp-content\/uploads\/2015\/02\/RUI-COSTA-IMAGEM-GRANDE-DO-FACE..png 160w, https:\/\/portaldenoticias.net\/deusimar\/wp-content\/uploads\/2015\/02\/RUI-COSTA-IMAGEM-GRANDE-DO-FACE.-150x150.png 150w\" sizes=\"auto, (max-width: 160px) 100vw, 160px\" \/><\/p>\n<p><img loading=\"lazy\" decoding=\"async\" src=\"http:\/\/www.portaldenoticias.net\/deusimar\/wp-content\/uploads\/2015\/03\/RUI-EM-JEQUIE-450x308.jpg\" alt=\"RUI EM JEQUIE\" width=\"450\" height=\"308\" class=\"alignleft size-medium wp-image-1603\" srcset=\"https:\/\/portaldenoticias.net\/deusimar\/wp-content\/uploads\/2015\/03\/RUI-EM-JEQUIE-450x308.jpg 450w, https:\/\/portaldenoticias.net\/deusimar\/wp-content\/uploads\/2015\/03\/RUI-EM-JEQUIE.jpg 512w\" sizes=\"auto, (max-width: 450px) 100vw, 450px\" \/><\/p>\n<p><img loading=\"lazy\" decoding=\"async\" src=\"http:\/\/www.portaldenoticias.net\/deusimar\/wp-content\/uploads\/2015\/03\/HGPV-450x194.jpg\" alt=\"HGPV\" width=\"450\" height=\"194\" class=\"alignleft size-medium wp-image-1601\" srcset=\"https:\/\/portaldenoticias.net\/deusimar\/wp-content\/uploads\/2015\/03\/HGPV-450x194.jpg 450w, https:\/\/portaldenoticias.net\/deusimar\/wp-content\/uploads\/2015\/03\/HGPV-640x276.jpg 640w, https:\/\/portaldenoticias.net\/deusimar\/wp-content\/uploads\/2015\/03\/HGPV.jpg 643w\" sizes=\"auto, (max-width: 450px) 100vw, 450px\" \/><\/p>\n<p>Rui Costa adicionou 2 novas fotos ao \u00e1lbum: Jequi\u00e9 \u2014 em Jequi\u00e9.<br \/>\n3 h \u00b7<br \/>\nComecei minha agenda em Jequi\u00e9 visitando as obras de reforma e amplia\u00e7\u00e3o do Hospital Prado Valadares. Tamb\u00e9m fui ao hospital Santa Helena, que \u00e9 privado e oferece servi\u00e7os de cardiologia pelo SUS. Os filhos e filhas de Jequi\u00e9 e regi\u00e3o, entre eles a minha esposa Aline, querem o \u202a#\u200eSa\u00fadeMaisPertoDeVoc\u00ea\u202c. Meu compromisso \u00e9 atender a essa demanda regionalizando a sa\u00fade.<br \/>\nHoje tamb\u00e9m inauguramos o Sistema de Abastecimento de \u00c1gua (SIAA) nas localidades de Nova Esperan\u00e7a, Boa\u00e7u, Ouro e Castanh\u00e3o. Para alguns povoados, a escassez de \u00e1gua sempre foi uma triste realidade que agora est\u00e1 mudando. O sistema significa a consolida\u00e7\u00e3o do Programa \u00c1gua para Todos, garantindo, o fornecimento de \u00e1gua pot\u00e1vel. Muitas fam\u00edlias v\u00e3o se beneficiar com isso, aproximadamente 1500 pessoas. Muitas delas estavam acostumadas a pegar \u00e1gua no balde a vida inteira. Esse \u00e9 um olhar necess\u00e1rio para proporcionar dignidade \u00e0 popula\u00e7\u00e3o.<br \/>\nFotos: Manu Dias\/GOVBA<\/p>\n<p><img loading=\"lazy\" decoding=\"async\" src=\"http:\/\/www.portaldenoticias.net\/deusimar\/wp-content\/uploads\/2015\/03\/AMPLIACAO-DO-HOSPITAL-DE-JEQUIE-450x300.jpg\" alt=\"AMPLIACAO DO HOSPITAL DE JEQUIE\" width=\"450\" height=\"300\" class=\"alignleft size-medium wp-image-1602\" srcset=\"https:\/\/portaldenoticias.net\/deusimar\/wp-content\/uploads\/2015\/03\/AMPLIACAO-DO-HOSPITAL-DE-JEQUIE-450x300.jpg 450w, https:\/\/portaldenoticias.net\/deusimar\/wp-content\/uploads\/2015\/03\/AMPLIACAO-DO-HOSPITAL-DE-JEQUIE.jpg 472w\" sizes=\"auto, (max-width: 450px) 100vw, 450px\" \/><\/p>\n<p><img loading=\"lazy\" decoding=\"async\" src=\"http:\/\/www.portaldenoticias.net\/deusimar\/wp-content\/uploads\/2015\/03\/HGPV-2-450x300.jpg\" alt=\"HGPV-2\" width=\"450\" height=\"300\" class=\"alignleft size-medium wp-image-1606\" srcset=\"https:\/\/portaldenoticias.net\/deusimar\/wp-content\/uploads\/2015\/03\/HGPV-2-450x300.jpg 450w, https:\/\/portaldenoticias.net\/deusimar\/wp-content\/uploads\/2015\/03\/HGPV-2.jpg 472w\" sizes=\"auto, (max-width: 450px) 100vw, 450px\" \/><\/p>\n<p>COLABORA\u00c7\u00c3O E COMPLEMENTOS DOS:<\/p>\n<p><img loading=\"lazy\" decoding=\"async\" src=\"http:\/\/www.portaldenoticias.net\/deusimar\/wp-content\/uploads\/2015\/03\/CARTAO-DE-VISITA-DEUSIMAR1-450x250.jpg\" alt=\"CARTAO DE VISITA DEUSIMAR\" width=\"450\" height=\"250\" class=\"alignleft size-medium wp-image-1410\" srcset=\"https:\/\/portaldenoticias.net\/deusimar\/wp-content\/uploads\/2015\/03\/CARTAO-DE-VISITA-DEUSIMAR1-450x250.jpg 450w, https:\/\/portaldenoticias.net\/deusimar\/wp-content\/uploads\/2015\/03\/CARTAO-DE-VISITA-DEUSIMAR1-640x356.jpg 640w, https:\/\/portaldenoticias.net\/deusimar\/wp-content\/uploads\/2015\/03\/CARTAO-DE-VISITA-DEUSIMAR1.jpg 1062w\" sizes=\"auto, (max-width: 450px) 100vw, 450px\" \/><\/p>\n","protected":false},"excerpt":{"rendered":"<p>Rui Costa adicionou 2 novas fotos ao \u00e1lbum: Jequi\u00e9 \u2014 em Jequi\u00e9. 3 h \u00b7 Comecei minha agenda em Jequi\u00e9 visitando as obras de reforma e amplia\u00e7\u00e3o do Hospital Prado Valadares. Tamb\u00e9m fui ao hospital Santa Helena, que \u00e9 privado e oferece servi\u00e7os de cardiologia pelo SUS. Os filhos e filhas de Jequi\u00e9 e regi\u00e3o, [&hellip;]<\/p>\n","protected":false},"author":2,"featured_media":0,"comment_status":"open","ping_status":"open","sticky":false,"template":"","format":"standard","meta":{"footnotes":""},"categories":[1],"tags":[],"class_list":{"0":"post-1600","1":"post","2":"type-post","3":"status-publish","4":"format-standard","6":"category-destaques"},"_links":{"self":[{"href":"https:\/\/portaldenoticias.net\/deusimar\/wp-json\/wp\/v2\/posts\/1600","targetHints":{"allow":["GET"]}}],"collection":[{"href":"https:\/\/portaldenoticias.net\/deusimar\/wp-json\/wp\/v2\/posts"}],"about":[{"href":"https:\/\/portaldenoticias.net\/deusimar\/wp-json\/wp\/v2\/types\/post"}],"author":[{"embeddable":true,"href":"https:\/\/portaldenoticias.net\/deusimar\/wp-json\/wp\/v2\/users\/2"}],"replies":[{"embeddable":true,"href":"https:\/\/portaldenoticias.net\/deusimar\/wp-json\/wp\/v2\/comments?post=1600"}],"version-history":[{"count":0,"href":"https:\/\/portaldenoticias.net\/deusimar\/wp-json\/wp\/v2\/posts\/1600\/revisions"}],"wp:attachment":[{"href":"https:\/\/portaldenoticias.net\/deusimar\/wp-json\/wp\/v2\/media?parent=1600"}],"wp:term":[{"taxonomy":"category","embeddable":true,"href":"https:\/\/portaldenoticias.net\/deusimar\/wp-json\/wp\/v2\/categories?post=1600"},{"taxonomy":"post_tag","embeddable":true,"href":"https:\/\/portaldenoticias.net\/deusimar\/wp-json\/wp\/v2\/tags?post=1600"}],"curies":[{"name":"wp","href":"https:\/\/api.w.org\/{rel}","templated":true}]}}