{"id":1582,"date":"2015-03-22T22:55:51","date_gmt":"2015-03-23T01:55:51","guid":{"rendered":"http:\/\/www.portaldenoticias.net\/deusimar\/?p=1582"},"modified":"2015-03-22T22:55:51","modified_gmt":"2015-03-23T01:55:51","slug":"blog-do-deusimar-compartilhando-video-bem-humorado-dedicado-ao-dia-mundial-da-agua-extraido-do-face-do-governador","status":"publish","type":"post","link":"https:\/\/portaldenoticias.net\/deusimar\/blog-do-deusimar-compartilhando-video-bem-humorado-dedicado-ao-dia-mundial-da-agua-extraido-do-face-do-governador\/","title":{"rendered":"BLOG DO DEUSIMAR COMPARTILHANDO V\u00cdDEO BEM HUMORADO DEDICADO AO DIA MUNDIAL DA \u00c1GUA EXTRA\u00cdDO DO FACE DO GOVERNADOR ."},"content":{"rendered":"<p><img loading=\"lazy\" decoding=\"async\" src=\"http:\/\/www.portaldenoticias.net\/deusimar\/wp-content\/uploads\/2015\/02\/RUI-COSTA-IMAGEM-GRANDE-DO-FACE..png\" alt=\"RUI COSTA IMAGEM GRANDE DO FACE.\" width=\"160\" height=\"160\" class=\"alignleft size-full wp-image-832\" srcset=\"https:\/\/portaldenoticias.net\/deusimar\/wp-content\/uploads\/2015\/02\/RUI-COSTA-IMAGEM-GRANDE-DO-FACE..png 160w, https:\/\/portaldenoticias.net\/deusimar\/wp-content\/uploads\/2015\/02\/RUI-COSTA-IMAGEM-GRANDE-DO-FACE.-150x150.png 150w\" sizes=\"auto, (max-width: 160px) 100vw, 160px\" \/><\/p>\n<p><img loading=\"lazy\" decoding=\"async\" src=\"http:\/\/www.portaldenoticias.net\/deusimar\/wp-content\/uploads\/2015\/03\/DIA-MUNDIAL-DA-AGUA.jpg\" alt=\"DIA MUNDIAL DA AGUA\" width=\"275\" height=\"183\" class=\"alignleft size-full wp-image-1583\" \/><br \/>\nRui Costa compartilhou o v\u00eddeo de Secom &#8211; Comunica\u00e7\u00e3o Bahia.<\/p>\n<p><img loading=\"lazy\" decoding=\"async\" src=\"http:\/\/www.portaldenoticias.net\/deusimar\/wp-content\/uploads\/2015\/03\/DEUSIMAR-E-CLAUDIO-VIEIRA.jpg\" alt=\"DEUSIMAR E CLAUDIO VIEIRA\" width=\"259\" height=\"194\" class=\"alignleft size-full wp-image-1045\" srcset=\"https:\/\/portaldenoticias.net\/deusimar\/wp-content\/uploads\/2015\/03\/DEUSIMAR-E-CLAUDIO-VIEIRA.jpg 259w, https:\/\/portaldenoticias.net\/deusimar\/wp-content\/uploads\/2015\/03\/DEUSIMAR-E-CLAUDIO-VIEIRA-174x131.jpg 174w, https:\/\/portaldenoticias.net\/deusimar\/wp-content\/uploads\/2015\/03\/DEUSIMAR-E-CLAUDIO-VIEIRA-70x53.jpg 70w\" sizes=\"auto, (max-width: 259px) 100vw, 259px\" \/><\/p>\n<p>Ol\u00e1 leitores(as) amigos(as) de nossos blogs!!<br \/>\nEste blogueiro de voc\u00eas aproveita o espa\u00e7o de nossos blogs, para complementar e compartilhar a brilhante iniciativa postada no face do nosso GOVERNADOR e prestar uma justa homenagem ao dia mundial da \u00e1gua este elemento indispens\u00e1vel \u00e0 vida, considerada pelo bravo e ao mesmo tempo sofrido sertanejo, de o sangue da m\u00e3e terra. Basta clicar, acessar o link abaixo, ou procurar na p\u00e1gina do facebook do nosso GOVERNADOR pelo nome de Rui Costa e adentrar o v\u00eddeo muito bem humorado.<br \/>\nMuito Obrigado!!<br \/>\nCONTRIBUI\u00c7\u00c3O DE:<br \/>\nJos\u00e9 Deusimar Loiola Gon\u00e7alves<br \/>\nApicultor Meliponicultor,Diretor de Comunica\u00e7\u00e3o da FEBAMEL,,e P\u00f3s Graduado em Gest\u00e3o e Educa\u00e7\u00e3o Ambiental &#8211; EBDA Monte Santo<br \/>\n(75) 9131-0784\/ 9998-0025<\/p>\n<p>20.378 visualiza\u00e7\u00f5es<br \/>\nSecom &#8211; Comunica\u00e7\u00e3o Bahia<br \/>\nPara celebrar o Dia Mundial da \u00c1gua, o Governo da Bahia fez uma a\u00e7\u00e3o bem humorada estimulando o consumo consciente. Assista o v\u00eddeo, curta e compartilhe essa ideia.<\/p>\n<p>\u202a#\u200eDiaMundialDa\u00c1gua\u202c \u202a#\u200eSejaConsciente\u202c \u202a#\u200eMeioAmbiente\u202c \u202a#\u200eBahia\u202c \u202a#\u200eGovernoDaBahia\u202c \u202a#\u200eTerraM\u00e3eDoBrasil\u202c<\/p>\n<p>COLABORA\u00c7\u00c3O E COMPLEMENTOS:<br \/>\n<img loading=\"lazy\" decoding=\"async\" src=\"http:\/\/www.portaldenoticias.net\/deusimar\/wp-content\/uploads\/2015\/02\/CARTAO-DE-VISITA-DEUSIMAR-450x250.jpg\" alt=\"CARTAO DE VISITA DEUSIMAR\" width=\"450\" height=\"250\" class=\"alignleft size-medium wp-image-849\" srcset=\"https:\/\/portaldenoticias.net\/deusimar\/wp-content\/uploads\/2015\/02\/CARTAO-DE-VISITA-DEUSIMAR-450x250.jpg 450w, https:\/\/portaldenoticias.net\/deusimar\/wp-content\/uploads\/2015\/02\/CARTAO-DE-VISITA-DEUSIMAR-640x356.jpg 640w, https:\/\/portaldenoticias.net\/deusimar\/wp-content\/uploads\/2015\/02\/CARTAO-DE-VISITA-DEUSIMAR.jpg 1062w\" sizes=\"auto, (max-width: 450px) 100vw, 450px\" \/><\/p>\n","protected":false},"excerpt":{"rendered":"<p>Rui Costa compartilhou o v\u00eddeo de Secom &#8211; Comunica\u00e7\u00e3o Bahia. Ol\u00e1 leitores(as) amigos(as) de nossos blogs!! Este blogueiro de voc\u00eas aproveita o espa\u00e7o de nossos blogs, para complementar e compartilhar a brilhante iniciativa postada no face do nosso GOVERNADOR e prestar uma justa homenagem ao dia mundial da \u00e1gua este elemento indispens\u00e1vel \u00e0 vida, considerada [&hellip;]<\/p>\n","protected":false},"author":2,"featured_media":0,"comment_status":"open","ping_status":"open","sticky":false,"template":"","format":"standard","meta":{"footnotes":""},"categories":[1],"tags":[],"class_list":{"0":"post-1582","1":"post","2":"type-post","3":"status-publish","4":"format-standard","6":"category-destaques"},"_links":{"self":[{"href":"https:\/\/portaldenoticias.net\/deusimar\/wp-json\/wp\/v2\/posts\/1582","targetHints":{"allow":["GET"]}}],"collection":[{"href":"https:\/\/portaldenoticias.net\/deusimar\/wp-json\/wp\/v2\/posts"}],"about":[{"href":"https:\/\/portaldenoticias.net\/deusimar\/wp-json\/wp\/v2\/types\/post"}],"author":[{"embeddable":true,"href":"https:\/\/portaldenoticias.net\/deusimar\/wp-json\/wp\/v2\/users\/2"}],"replies":[{"embeddable":true,"href":"https:\/\/portaldenoticias.net\/deusimar\/wp-json\/wp\/v2\/comments?post=1582"}],"version-history":[{"count":0,"href":"https:\/\/portaldenoticias.net\/deusimar\/wp-json\/wp\/v2\/posts\/1582\/revisions"}],"wp:attachment":[{"href":"https:\/\/portaldenoticias.net\/deusimar\/wp-json\/wp\/v2\/media?parent=1582"}],"wp:term":[{"taxonomy":"category","embeddable":true,"href":"https:\/\/portaldenoticias.net\/deusimar\/wp-json\/wp\/v2\/categories?post=1582"},{"taxonomy":"post_tag","embeddable":true,"href":"https:\/\/portaldenoticias.net\/deusimar\/wp-json\/wp\/v2\/tags?post=1582"}],"curies":[{"name":"wp","href":"https:\/\/api.w.org\/{rel}","templated":true}]}}