{"id":1572,"date":"2015-03-22T22:26:44","date_gmt":"2015-03-23T01:26:44","guid":{"rendered":"http:\/\/www.portaldenoticias.net\/deusimar\/?p=1572"},"modified":"2015-03-22T22:28:44","modified_gmt":"2015-03-23T01:28:44","slug":"1572","status":"publish","type":"post","link":"https:\/\/portaldenoticias.net\/deusimar\/1572\/","title":{"rendered":"COLUNA DO AGENOR \u2013 N\u00d3S J\u00c1 VIMOS ESSE FILME\u2026!"},"content":{"rendered":"<p>COLUNA DO AGENOR \u2013 N\u00d3S J\u00c1 VIMOS ESSE FILME\u2026!<br \/>\nPublicado em 22 de mar\u00e7o de 2015 por Florisvaldo em Brasil, Destaques, Economia, Opini\u00e3o, Pol\u00edtica, \u00daltimas Not\u00edcias \/\/ 0 coment\u00e1rios<\/p>\n<p><img loading=\"lazy\" decoding=\"async\" src=\"http:\/\/www.portaldenoticias.net\/deusimar\/wp-content\/uploads\/2015\/03\/IMAGGEM-COLUNA-DO-AGENOR-450x300.jpeg\" alt=\"IMAGGEM COLUNA DO AGENOR\" width=\"450\" height=\"300\" class=\"alignleft size-medium wp-image-1574\" srcset=\"https:\/\/portaldenoticias.net\/deusimar\/wp-content\/uploads\/2015\/03\/IMAGGEM-COLUNA-DO-AGENOR-450x300.jpeg 450w, https:\/\/portaldenoticias.net\/deusimar\/wp-content\/uploads\/2015\/03\/IMAGGEM-COLUNA-DO-AGENOR.jpeg 570w\" sizes=\"auto, (max-width: 450px) 100vw, 450px\" \/><\/p>\n<p><img loading=\"lazy\" decoding=\"async\" src=\"http:\/\/www.portaldenoticias.net\/deusimar\/wp-content\/uploads\/2015\/03\/COLUNA-DO-AGENPR-IMAGEM-2.jpg\" alt=\"COLUNA DO AGENPR IMAGEM-2\" width=\"280\" height=\"180\" class=\"alignleft size-full wp-image-1576\" \/><\/p>\n<p><img loading=\"lazy\" decoding=\"async\" src=\"http:\/\/www.portaldenoticias.net\/deusimar\/wp-content\/uploads\/2015\/03\/COLUNA-DO-AGENOR-IMAGEM-3.jpg\" alt=\"COLUNA DO AGENOR-IMAGEM-3\" width=\"280\" height=\"180\" class=\"alignleft size-full wp-image-1578\" \/><\/p>\n<p>Ainda que felizmente pac\u00edficas, as \u00faltimas manifesta\u00e7\u00f5es populares no pa\u00eds desenharam cen\u00e1rios diferenciados para os analistas que escrevem a hist\u00f3ria pol\u00edtica brasileira, cada qual com caracter\u00edsticas pr\u00f3prias e bem definidas. De um lado, uma caminhada bem organizada e rica em acess\u00f3rios, bandeiras, faixas e camisas de cores vivas, como se estivessem a identificar as diversas alas de um desfile, denominadas de MST, MTST, CUT, CONTRAF, CTB, UNE, entre outras variadas fac\u00e7\u00f5es e tend\u00eancias, sob o comando de algumas lideran\u00e7as bem profissionais no ramo e h\u00e1 anos bem alimentadas por verbas oficiais que transitam atrav\u00e9s de conhecidas ONGs\u2026 Algu\u00e9m sabe onde trabalha algum l\u00edder dessas entidades? Provavelmente, n\u00e3o.<\/p>\n<p>Coincidentemente, o movimento em defesa da imagem desgastada da Presidente Dilma, se realizou no dia 13, o que bem identifica a inspira\u00e7\u00e3o partid\u00e1ria do movimento, empenhado na dif\u00edcil tarefa de defender um governo eleito e em queda descendente no conceito popular, j\u00e1 que atingiu 62% de desaprova\u00e7\u00e3o, segundo o Instituto Datafolha! Uma d\u00favida fica evidente: este pa\u00eds j\u00e1 estava mal das pernas durante o per\u00edodo eleitoral e foram h\u00e1beis em ocultar a realidade para milh\u00f5es de brasileiros, ou conseguiram destro\u00e7ar essa economia nesses \u00faltimos oitenta e dois dias? Foi divulgado pela imprensa que cada pessoa uniformizada recebeu dos movimentos sociais uma contribui\u00e7\u00e3o de R$ 35,00 pela \u201cespont\u00e2nea\u201d participa\u00e7\u00e3o no evento\u2026! Ora, se verdadeiras essas informa\u00e7\u00f5es, a manifesta\u00e7\u00e3o adquiriu um cunho quase que oficial e numa evidente louva\u00e7\u00e3o em causa pr\u00f3pria, visto que recebem apoio financeiro atrav\u00e9s de ONGs, e elas atrav\u00e9s do governo!<\/p>\n<p>Mas, da outra parte, uma popula\u00e7\u00e3o desencantada de 2,3 milh\u00f5es de pessoas, em 160 cidades por todo o Brasil, tamb\u00e9m foi \u00e0s ruas manifestar o seu rep\u00fadio por ver o pa\u00eds descendo a ladeira em dire\u00e7\u00e3o a uma recess\u00e3o econ\u00f4mica, agravada pela constata\u00e7\u00e3o de que foi produzida uma avalanche de mentiras para ocultar a verdade. A mistifica\u00e7\u00e3o dos n\u00fameros ganhou propor\u00e7\u00e3o t\u00e3o exagerada que o brasileiro sorria euf\u00f3rico por ver que a crise econ\u00f4mica que afetava as pot\u00eancias pelo mundo a fora, n\u00e3o nos atingia\u2026 Parecia que t\u00ednhamos encontrado a \u201cvarinha m\u00e1gica\u201d que nos blindou contra todas as mazelas externas. Viv\u00edamos num mundo dos sonhos, no qual o Brasil era uma pot\u00eancia pol\u00edtica e econ\u00f4mica, e como tal, nada mais justo do que ajudar as ditaduras dos pa\u00edses africanos, perdoando-lhes as d\u00edvidas ao final do Governo Lula, o que torna evidente que \u00e9 uma farsa o discurso contra as ditaduras; o pa\u00eds investiu acima de 1,0 bilh\u00e3o de d\u00f3lares num porto em Cuba, enquanto os nossos est\u00e3o decadentes e superados; o Evo Morales, disfar\u00e7ado ditador da Bol\u00edvia em 3\u00ba. mandato presidencial, praticamente expulsou a Petrobr\u00e1s do territ\u00f3rio boliviano, sem qualquer  indeniza\u00e7\u00e3o; a nossa maior alian\u00e7a pol\u00edtica no continente \u00e9 com a Venezuela, onde o aprendiz de ditador, Maduro, obteve no congresso poderes para governar por decreto (nada diferente da era militar brasileira); e o que dizer da indiferen\u00e7a com a nossa Petrobr\u00e1s, aniquilada pela bandidagem que dela se apossou nos \u00faltimos anos\u2026? Algu\u00e9m est\u00e1 atuando com firmeza para recuper\u00e1-la?<\/p>\n<p>Todo esse cen\u00e1rio infeliz, constru\u00eddo em t\u00e3o pouco tempo, s\u00f3 poderia desaguar num mar de insatisfa\u00e7\u00e3o das massas. Louve-se o not\u00e1vel grau de conscientiza\u00e7\u00e3o, evitando, por todos os meios, que a manifesta\u00e7\u00e3o do dia 15 se atrelasse a partidos pol\u00edticos ou que a viol\u00eancia irrespons\u00e1vel a dominasse. Foi t\u00e3o inesperada a dimens\u00e3o nacional e internacional adquirida pelo movimento, que logo a presidente reuniu os seus assessores para uma avalia\u00e7\u00e3o, designando dois Ministros para um pronunciamento na televis\u00e3o, os quais, com palavras gaguejantes, passaram ao p\u00fablico que assistia em casa que \u201co governo aprova as manifesta\u00e7\u00f5es democr\u00e1ticas\u201d e ainda a hil\u00e1ria e rid\u00edcula frase de que \u201caqueles que estavam nas ruas eram eleitores que n\u00e3o votaram na Presidenta\u201d! Que \u00f3bvio, Ministro! Acho que o senhor inventou a roda nesse dia, tamanha foi a novidade anunciada!!! Melhor que encontrem solu\u00e7\u00f5es efetivas para os problemas que atormentam o povo brasileiro e parem com as frases de efeito, tipo \u201cchega de golpismo\u201d, \u201cn\u00e3o queremos terceiro turno\u201d, etc.<\/p>\n<p>Continuo afirmando que n\u00e3o compartilho com o grito de \u201cFora Dilma\u201d, porque n\u00e3o ser\u00e1 a solu\u00e7\u00e3o. Temos um Vice-Presidente mudo e ap\u00e1tico, integrante do partido que mais quer indicar cargos e Minist\u00e9rios nesse pa\u00eds, e em toda essa crise n\u00e3o apresentou uma m\u00ednima pauta de solu\u00e7\u00f5es ao Governo do qual diz ser parceiro: o PMDB.<\/p>\n<p>Apesar do lama\u00e7al que ronda o governo, constitucionalmente ainda n\u00e3o existem motivos para um impeachment e este, se acontecer, s\u00f3 interessa a uma pessoa neste pa\u00eds, que retornaria empunhando a bandeira redentora da na\u00e7\u00e3o: O LULA! E voc\u00ea, leitor, percebeu que como mentor confidente da Presidente, de forma intencional, ele \u00e9 o \u00fanico MUDO deste pa\u00eds? Submetida a presidente a toda essa turbul\u00eancia pol\u00edtica, em qual momento foi \u00e0 televis\u00e3o defend\u00ea-la?<\/p>\n<p>Diante de todas essas incertezas, uma frase do colunista Vladimir Safatle, da Folha, encerra uma verdade que merece an\u00e1lise: \u201cImpeachment \u00e9 pouco, \u00e9 cortina de fuma\u00e7a para um pa\u00eds que precisa da refunda\u00e7\u00e3o radical de sua Rep\u00fablica\u201d (grifo nosso).<\/p>\n<p><img loading=\"lazy\" decoding=\"async\" src=\"http:\/\/www.portaldenoticias.net\/deusimar\/wp-content\/uploads\/2015\/03\/FOTO-CLARA-DE-GENOR.jpg\" alt=\"FOTO CLARA DE GENOR\" width=\"121\" height=\"171\" class=\"alignleft size-full wp-image-1573\" \/><br \/>\nAGENOR CAPA 3Autor:   Adm.  Agenor Santos, P\u00f3s-Gradua\u00e7\u00e3o Lato Sensu em Controle, Monitoramento e Avalia\u00e7\u00e3o no Setor P\u00fablico \u2013 Salvador \u2013 BA.<\/p>\n<p>Blog do Florisvaldo \u2013 Informa\u00e7\u00e3o com imparcialidade \u2013 22\/03\/2015<\/p>\n<p>Florisvaldo Ferreira dos Santos<\/p>\n<p>Consultor de Seguros e Benef\u00edcios<\/p>\n<p>Compartilhar no Facebook<\/p>\n","protected":false},"excerpt":{"rendered":"<p>COLUNA DO AGENOR \u2013 N\u00d3S J\u00c1 VIMOS ESSE FILME\u2026! Publicado em 22 de mar\u00e7o de 2015 por Florisvaldo em Brasil, Destaques, Economia, Opini\u00e3o, Pol\u00edtica, \u00daltimas Not\u00edcias \/\/ 0 coment\u00e1rios Ainda que felizmente pac\u00edficas, as \u00faltimas manifesta\u00e7\u00f5es populares no pa\u00eds desenharam cen\u00e1rios diferenciados para os analistas que escrevem a hist\u00f3ria pol\u00edtica brasileira, cada qual com caracter\u00edsticas [&hellip;]<\/p>\n","protected":false},"author":2,"featured_media":0,"comment_status":"open","ping_status":"open","sticky":false,"template":"","format":"standard","meta":{"footnotes":""},"categories":[1],"tags":[],"class_list":{"0":"post-1572","1":"post","2":"type-post","3":"status-publish","4":"format-standard","6":"category-destaques"},"_links":{"self":[{"href":"https:\/\/portaldenoticias.net\/deusimar\/wp-json\/wp\/v2\/posts\/1572","targetHints":{"allow":["GET"]}}],"collection":[{"href":"https:\/\/portaldenoticias.net\/deusimar\/wp-json\/wp\/v2\/posts"}],"about":[{"href":"https:\/\/portaldenoticias.net\/deusimar\/wp-json\/wp\/v2\/types\/post"}],"author":[{"embeddable":true,"href":"https:\/\/portaldenoticias.net\/deusimar\/wp-json\/wp\/v2\/users\/2"}],"replies":[{"embeddable":true,"href":"https:\/\/portaldenoticias.net\/deusimar\/wp-json\/wp\/v2\/comments?post=1572"}],"version-history":[{"count":0,"href":"https:\/\/portaldenoticias.net\/deusimar\/wp-json\/wp\/v2\/posts\/1572\/revisions"}],"wp:attachment":[{"href":"https:\/\/portaldenoticias.net\/deusimar\/wp-json\/wp\/v2\/media?parent=1572"}],"wp:term":[{"taxonomy":"category","embeddable":true,"href":"https:\/\/portaldenoticias.net\/deusimar\/wp-json\/wp\/v2\/categories?post=1572"},{"taxonomy":"post_tag","embeddable":true,"href":"https:\/\/portaldenoticias.net\/deusimar\/wp-json\/wp\/v2\/tags?post=1572"}],"curies":[{"name":"wp","href":"https:\/\/api.w.org\/{rel}","templated":true}]}}