{"id":1567,"date":"2015-03-22T22:01:04","date_gmt":"2015-03-23T01:01:04","guid":{"rendered":"http:\/\/www.portaldenoticias.net\/deusimar\/?p=1567"},"modified":"2015-03-22T22:01:04","modified_gmt":"2015-03-23T01:01:04","slug":"programa-saude-mais-perto-de-voce-do-governo-de-nossa-linda-e-extensa-bahia-contempla-o-hospital-joao-batista-caribe-com-reforma-e-ampliacao-determinada-hoje-pelo-governador","status":"publish","type":"post","link":"https:\/\/portaldenoticias.net\/deusimar\/programa-saude-mais-perto-de-voce-do-governo-de-nossa-linda-e-extensa-bahia-contempla-o-hospital-joao-batista-caribe-com-reforma-e-ampliacao-determinada-hoje-pelo-governador\/","title":{"rendered":"PROGRAMA SA\u00daDE MAIS PERTO DE VOC\u00ca DO GOVERNO DE NOSSA LINDA E EXTENSA BAHIA CONTEMPLA  O HOSPITAL JO\u00c3O BATISTA CARIB\u00c9 COM  REFORMA E AMPLIA\u00c7\u00c3O DETERMINADA HOJE PELO GOVERNADOR."},"content":{"rendered":"<p><img loading=\"lazy\" decoding=\"async\" src=\"http:\/\/www.portaldenoticias.net\/deusimar\/wp-content\/uploads\/2015\/02\/RUI-COSTA-IMAGEM-GRANDE-DO-FACE..png\" alt=\"RUI COSTA IMAGEM GRANDE DO FACE.\" width=\"160\" height=\"160\" class=\"alignleft size-full wp-image-832\" srcset=\"https:\/\/portaldenoticias.net\/deusimar\/wp-content\/uploads\/2015\/02\/RUI-COSTA-IMAGEM-GRANDE-DO-FACE..png 160w, https:\/\/portaldenoticias.net\/deusimar\/wp-content\/uploads\/2015\/02\/RUI-COSTA-IMAGEM-GRANDE-DO-FACE.-150x150.png 150w\" sizes=\"auto, (max-width: 160px) 100vw, 160px\" \/><br \/>\n<img loading=\"lazy\" decoding=\"async\" src=\"http:\/\/www.portaldenoticias.net\/deusimar\/wp-content\/uploads\/2015\/03\/HJC-450x338.jpg\" alt=\"HJC\" width=\"450\" height=\"338\" class=\"alignleft size-medium wp-image-1568\" srcset=\"https:\/\/portaldenoticias.net\/deusimar\/wp-content\/uploads\/2015\/03\/HJC-450x338.jpg 450w, https:\/\/portaldenoticias.net\/deusimar\/wp-content\/uploads\/2015\/03\/HJC.jpg 640w, https:\/\/portaldenoticias.net\/deusimar\/wp-content\/uploads\/2015\/03\/HJC-174x131.jpg 174w, https:\/\/portaldenoticias.net\/deusimar\/wp-content\/uploads\/2015\/03\/HJC-70x53.jpg 70w\" sizes=\"auto, (max-width: 450px) 100vw, 450px\" \/><br \/>\nRui Costa<br \/>\n3 h \u00b7<br \/>\nO Sa\u00fade Mais Perto de Voc\u00ea vai ampliar o atendimento em todo o estado. Cuidar da sa\u00fade dos baianos \u00e9 o nosso compromisso. Lan\u00e7amos o programa na sexta e este domingo j\u00e1 foi dia de a\u00e7\u00e3o. Em visita ao hospital Jo\u00e3o Batista Carib\u00e9, Sub\u00farbio de Salvador, determinamos a reforma e amplia\u00e7\u00e3o da unidade. Foi muito bom conversar com profissionais de sa\u00fade e tamb\u00e9m com pacientes&#8230; eles nos motivam e contribuem para que o governo tome as decis\u00f5es certas. Al\u00e9m do secret\u00e1rio F\u00e1bio Vilas Boas, fui acompanhado por engenheiros e arquitetos&#8230;. Aqui teremos um Centro de Refer\u00eancia da Mulher.<\/p>\n<p><img loading=\"lazy\" decoding=\"async\" src=\"http:\/\/www.portaldenoticias.net\/deusimar\/wp-content\/uploads\/2015\/03\/rui-vsita-hospital-do-suburbio.-450x300.jpg\" alt=\"rui vsita hospital do suburbio.\" width=\"450\" height=\"300\" class=\"alignleft size-medium wp-image-1569\" srcset=\"https:\/\/portaldenoticias.net\/deusimar\/wp-content\/uploads\/2015\/03\/rui-vsita-hospital-do-suburbio.-450x300.jpg 450w, https:\/\/portaldenoticias.net\/deusimar\/wp-content\/uploads\/2015\/03\/rui-vsita-hospital-do-suburbio.-640x426.jpg 640w, https:\/\/portaldenoticias.net\/deusimar\/wp-content\/uploads\/2015\/03\/rui-vsita-hospital-do-suburbio..jpg 960w\" sizes=\"auto, (max-width: 450px) 100vw, 450px\" \/><\/p>\n<p>COLABORA\u00c7\u00c3O E COMPLEMENTOS DOS:<br \/>\n<img loading=\"lazy\" decoding=\"async\" src=\"http:\/\/www.portaldenoticias.net\/deusimar\/wp-content\/uploads\/2015\/03\/CARTAO-DE-VISITA-DEUSIMAR1-450x250.jpg\" alt=\"CARTAO DE VISITA DEUSIMAR\" width=\"450\" height=\"250\" class=\"alignleft size-medium wp-image-1410\" srcset=\"https:\/\/portaldenoticias.net\/deusimar\/wp-content\/uploads\/2015\/03\/CARTAO-DE-VISITA-DEUSIMAR1-450x250.jpg 450w, https:\/\/portaldenoticias.net\/deusimar\/wp-content\/uploads\/2015\/03\/CARTAO-DE-VISITA-DEUSIMAR1-640x356.jpg 640w, https:\/\/portaldenoticias.net\/deusimar\/wp-content\/uploads\/2015\/03\/CARTAO-DE-VISITA-DEUSIMAR1.jpg 1062w\" sizes=\"auto, (max-width: 450px) 100vw, 450px\" \/><\/p>\n","protected":false},"excerpt":{"rendered":"<p>Rui Costa 3 h \u00b7 O Sa\u00fade Mais Perto de Voc\u00ea vai ampliar o atendimento em todo o estado. Cuidar da sa\u00fade dos baianos \u00e9 o nosso compromisso. Lan\u00e7amos o programa na sexta e este domingo j\u00e1 foi dia de a\u00e7\u00e3o. Em visita ao hospital Jo\u00e3o Batista Carib\u00e9, Sub\u00farbio de Salvador, determinamos a reforma e [&hellip;]<\/p>\n","protected":false},"author":2,"featured_media":0,"comment_status":"open","ping_status":"open","sticky":false,"template":"","format":"standard","meta":{"footnotes":""},"categories":[1],"tags":[],"class_list":{"0":"post-1567","1":"post","2":"type-post","3":"status-publish","4":"format-standard","6":"category-destaques"},"_links":{"self":[{"href":"https:\/\/portaldenoticias.net\/deusimar\/wp-json\/wp\/v2\/posts\/1567","targetHints":{"allow":["GET"]}}],"collection":[{"href":"https:\/\/portaldenoticias.net\/deusimar\/wp-json\/wp\/v2\/posts"}],"about":[{"href":"https:\/\/portaldenoticias.net\/deusimar\/wp-json\/wp\/v2\/types\/post"}],"author":[{"embeddable":true,"href":"https:\/\/portaldenoticias.net\/deusimar\/wp-json\/wp\/v2\/users\/2"}],"replies":[{"embeddable":true,"href":"https:\/\/portaldenoticias.net\/deusimar\/wp-json\/wp\/v2\/comments?post=1567"}],"version-history":[{"count":0,"href":"https:\/\/portaldenoticias.net\/deusimar\/wp-json\/wp\/v2\/posts\/1567\/revisions"}],"wp:attachment":[{"href":"https:\/\/portaldenoticias.net\/deusimar\/wp-json\/wp\/v2\/media?parent=1567"}],"wp:term":[{"taxonomy":"category","embeddable":true,"href":"https:\/\/portaldenoticias.net\/deusimar\/wp-json\/wp\/v2\/categories?post=1567"},{"taxonomy":"post_tag","embeddable":true,"href":"https:\/\/portaldenoticias.net\/deusimar\/wp-json\/wp\/v2\/tags?post=1567"}],"curies":[{"name":"wp","href":"https:\/\/api.w.org\/{rel}","templated":true}]}}