{"id":1516,"date":"2015-03-21T22:14:13","date_gmt":"2015-03-22T01:14:13","guid":{"rendered":"http:\/\/www.portaldenoticias.net\/deusimar\/?p=1516"},"modified":"2015-03-22T00:13:07","modified_gmt":"2015-03-22T03:13:07","slug":"blog-do-deusimar-compartilhando-o-sentimento-de-satisfacao-e-alegria-do-governador-de-nossa-linda-e-extensa-bahia-vivenciado-hoje-no-municipio-de-rodelas","status":"publish","type":"post","link":"https:\/\/portaldenoticias.net\/deusimar\/blog-do-deusimar-compartilhando-o-sentimento-de-satisfacao-e-alegria-do-governador-de-nossa-linda-e-extensa-bahia-vivenciado-hoje-no-municipio-de-rodelas\/","title":{"rendered":"BLOG DO DEUSIMAR COMPARTILHANDO O SENTIMENTO DE SATISFA\u00c7\u00c3O E ALEGRIA  DO GOVERNADOR DE NOSSA LINDA E EXTENSA BAHIA VIVENCIADO HOJE NO MUNIC\u00cdPIO DE RODELAS."},"content":{"rendered":"<p><img loading=\"lazy\" decoding=\"async\" src=\"http:\/\/www.portaldenoticias.net\/deusimar\/wp-content\/uploads\/2015\/02\/RUI-COSTA-IMAGEM-GRANDE-DO-FACE..png\" alt=\"RUI COSTA IMAGEM GRANDE DO FACE.\" width=\"160\" height=\"160\" class=\"alignleft size-full wp-image-832\" srcset=\"https:\/\/portaldenoticias.net\/deusimar\/wp-content\/uploads\/2015\/02\/RUI-COSTA-IMAGEM-GRANDE-DO-FACE..png 160w, https:\/\/portaldenoticias.net\/deusimar\/wp-content\/uploads\/2015\/02\/RUI-COSTA-IMAGEM-GRANDE-DO-FACE.-150x150.png 150w\" sizes=\"auto, (max-width: 160px) 100vw, 160px\" \/><\/p>\n<p><img loading=\"lazy\" decoding=\"async\" src=\"http:\/\/www.portaldenoticias.net\/deusimar\/wp-content\/uploads\/2015\/03\/PROFESSOR-ARLENO.jpg\" alt=\"PROFESSOR ARLENO\" width=\"230\" height=\"214\" class=\"alignleft size-full wp-image-1517\" \/><br \/>\nRui Costa\/Arleno Jos\u00e9 de Jesus.<br \/>\n7 h \u00b7<br \/>\nA vida \u00e9 feita de surpresas e reencontros. E hoje tive a alegria de rever meu querido amigo Arleno Jos\u00e9 de Jesus, em Rodelas. Ele foi meu professor de instrumenta\u00e7\u00e3o industrial por tr\u00eas anos na d\u00e9cada de 80 e hoje dirige o Instituto Federal da Bahia (IFBA) em Paulo Afonso. \u00c9 um orgulho para n\u00f3s, baianos, ver se multiplicarem as institui\u00e7\u00f5es de ensino t\u00e9cnico na Bahia, oportunidade para muitas pessoas. Foi muito bom encontrar meu professor, ouvir suas palavras e saber que se recorda de mim com carinho. Muito obrigado!!<\/p>\n<p><img loading=\"lazy\" decoding=\"async\" src=\"http:\/\/www.portaldenoticias.net\/deusimar\/wp-content\/uploads\/2015\/03\/rui-e-arleno-450x450.jpg\" alt=\"rui e arleno\" width=\"450\" height=\"450\" class=\"alignleft size-medium wp-image-1518\" srcset=\"https:\/\/portaldenoticias.net\/deusimar\/wp-content\/uploads\/2015\/03\/rui-e-arleno-450x450.jpg 450w, https:\/\/portaldenoticias.net\/deusimar\/wp-content\/uploads\/2015\/03\/rui-e-arleno-150x150.jpg 150w, https:\/\/portaldenoticias.net\/deusimar\/wp-content\/uploads\/2015\/03\/rui-e-arleno-640x640.jpg 640w, https:\/\/portaldenoticias.net\/deusimar\/wp-content\/uploads\/2015\/03\/rui-e-arleno.jpg 960w\" sizes=\"auto, (max-width: 450px) 100vw, 450px\" \/><\/p>\n<p><img loading=\"lazy\" decoding=\"async\" src=\"http:\/\/www.portaldenoticias.net\/deusimar\/wp-content\/uploads\/2015\/03\/DEUSIMAR-E-CLAUDIO-VIEIRA1.jpg\" alt=\"DEUSIMAR E CLAUDIO VIEIRA\" width=\"259\" height=\"194\" class=\"alignleft size-full wp-image-1457\" srcset=\"https:\/\/portaldenoticias.net\/deusimar\/wp-content\/uploads\/2015\/03\/DEUSIMAR-E-CLAUDIO-VIEIRA1.jpg 259w, https:\/\/portaldenoticias.net\/deusimar\/wp-content\/uploads\/2015\/03\/DEUSIMAR-E-CLAUDIO-VIEIRA1-174x131.jpg 174w, https:\/\/portaldenoticias.net\/deusimar\/wp-content\/uploads\/2015\/03\/DEUSIMAR-E-CLAUDIO-VIEIRA1-70x53.jpg 70w\" sizes=\"auto, (max-width: 259px) 100vw, 259px\" \/><\/p>\n<p>Blog do Deusimar | O homem das Abelhas<br \/>\nportaldenoticias.net<br \/>\nOl\u00e1 meu, digo, nosso governador!!!Compartilhei tamb\u00e9m,aqui em nossos modestos blogs(www.portaldenoticias.net\/deusimar www.montesanto.net) este momento impar de satisfa\u00e7\u00e3o e alegria neste oportuno reencontro com um dos v\u00e1rios mestres que contribu\u00edram de forma decisiva com a humilde forma\u00e7\u00e3o de V.Ex.\u00aa, \u00e9 orgulho reciproco,tanto para o grande mestre do IFBA de Paulo Afonso, como tamb\u00e9m para o hoje, a maior excel\u00eancia de nossa linda e extensa As origens humildes, as boas inten\u00e7\u00f5es de V.Ex.\u00aa d\u00e1 um indicativo muito forte a n\u00f3s baianos, de que haveremos de ter prosperidade enquanto estiver a frente dos destinos de nosso gigantesco estado. Na imagem do scrap abaixo, este blogueiro de voc\u00eas, tamb\u00e9m vivenciou este momento de alegria no XXI Encontro de Ex-Alunos, quando deu e ao mesmo tempo recebeu o abra\u00e7o caloroso de seu enciclop\u00e9dico professor Jorge Danilo Veiga Santana.Boa Noite!! Jos\u00e9 Deusimar Loiola Gon\u00e7alves<br \/>\nApicultor Meliponicultor,Diretor de Comunica\u00e7\u00e3o da FEBAMEL,,e P\u00f3s Graduado em Gest\u00e3o e Educa\u00e7\u00e3o Ambiental &#8211; EBDA Monte Santo<br \/>\n(75) 9131-0784\/ 9998-0025.<br \/>\n<img loading=\"lazy\" decoding=\"async\" src=\"http:\/\/www.portaldenoticias.net\/deusimar\/wp-content\/uploads\/2015\/02\/DEUSIMAR-DAS-ABELHAS-E-O-ENCICLOPEDICO-PROFESSOR-JORJAO.1-450x300.jpg\" alt=\"DEUSIMAR DAS ABELHAS E O ENCICLOPEDICO PROFESSOR JORJAO.\" width=\"450\" height=\"300\" class=\"alignleft size-medium wp-image-819\" srcset=\"https:\/\/portaldenoticias.net\/deusimar\/wp-content\/uploads\/2015\/02\/DEUSIMAR-DAS-ABELHAS-E-O-ENCICLOPEDICO-PROFESSOR-JORJAO.1-450x300.jpg 450w, https:\/\/portaldenoticias.net\/deusimar\/wp-content\/uploads\/2015\/02\/DEUSIMAR-DAS-ABELHAS-E-O-ENCICLOPEDICO-PROFESSOR-JORJAO.1-640x427.jpg 640w, https:\/\/portaldenoticias.net\/deusimar\/wp-content\/uploads\/2015\/02\/DEUSIMAR-DAS-ABELHAS-E-O-ENCICLOPEDICO-PROFESSOR-JORJAO.1.jpg 2048w\" sizes=\"auto, (max-width: 450px) 100vw, 450px\" \/><\/p>\n<p>COLABORA\u00c7\u00c3O E COMPLEMENTOS DOS:<\/p>\n<p><img loading=\"lazy\" decoding=\"async\" src=\"http:\/\/www.portaldenoticias.net\/deusimar\/wp-content\/uploads\/2015\/03\/CARTAO-DE-VISITA-DEUSIMAR1-450x250.jpg\" alt=\"CARTAO DE VISITA DEUSIMAR\" width=\"450\" height=\"250\" class=\"alignleft size-medium wp-image-1410\" srcset=\"https:\/\/portaldenoticias.net\/deusimar\/wp-content\/uploads\/2015\/03\/CARTAO-DE-VISITA-DEUSIMAR1-450x250.jpg 450w, https:\/\/portaldenoticias.net\/deusimar\/wp-content\/uploads\/2015\/03\/CARTAO-DE-VISITA-DEUSIMAR1-640x356.jpg 640w, https:\/\/portaldenoticias.net\/deusimar\/wp-content\/uploads\/2015\/03\/CARTAO-DE-VISITA-DEUSIMAR1.jpg 1062w\" sizes=\"auto, (max-width: 450px) 100vw, 450px\" \/><\/p>\n","protected":false},"excerpt":{"rendered":"<p>Rui Costa\/Arleno Jos\u00e9 de Jesus. 7 h \u00b7 A vida \u00e9 feita de surpresas e reencontros. E hoje tive a alegria de rever meu querido amigo Arleno Jos\u00e9 de Jesus, em Rodelas. Ele foi meu professor de instrumenta\u00e7\u00e3o industrial por tr\u00eas anos na d\u00e9cada de 80 e hoje dirige o Instituto Federal da Bahia (IFBA) [&hellip;]<\/p>\n","protected":false},"author":2,"featured_media":0,"comment_status":"open","ping_status":"open","sticky":false,"template":"","format":"standard","meta":{"footnotes":""},"categories":[1],"tags":[],"class_list":{"0":"post-1516","1":"post","2":"type-post","3":"status-publish","4":"format-standard","6":"category-destaques"},"_links":{"self":[{"href":"https:\/\/portaldenoticias.net\/deusimar\/wp-json\/wp\/v2\/posts\/1516","targetHints":{"allow":["GET"]}}],"collection":[{"href":"https:\/\/portaldenoticias.net\/deusimar\/wp-json\/wp\/v2\/posts"}],"about":[{"href":"https:\/\/portaldenoticias.net\/deusimar\/wp-json\/wp\/v2\/types\/post"}],"author":[{"embeddable":true,"href":"https:\/\/portaldenoticias.net\/deusimar\/wp-json\/wp\/v2\/users\/2"}],"replies":[{"embeddable":true,"href":"https:\/\/portaldenoticias.net\/deusimar\/wp-json\/wp\/v2\/comments?post=1516"}],"version-history":[{"count":0,"href":"https:\/\/portaldenoticias.net\/deusimar\/wp-json\/wp\/v2\/posts\/1516\/revisions"}],"wp:attachment":[{"href":"https:\/\/portaldenoticias.net\/deusimar\/wp-json\/wp\/v2\/media?parent=1516"}],"wp:term":[{"taxonomy":"category","embeddable":true,"href":"https:\/\/portaldenoticias.net\/deusimar\/wp-json\/wp\/v2\/categories?post=1516"},{"taxonomy":"post_tag","embeddable":true,"href":"https:\/\/portaldenoticias.net\/deusimar\/wp-json\/wp\/v2\/tags?post=1516"}],"curies":[{"name":"wp","href":"https:\/\/api.w.org\/{rel}","templated":true}]}}