{"id":1506,"date":"2015-03-20T23:35:18","date_gmt":"2015-03-21T02:35:18","guid":{"rendered":"http:\/\/www.portaldenoticias.net\/deusimar\/?p=1506"},"modified":"2015-03-20T23:35:18","modified_gmt":"2015-03-21T02:35:18","slug":"coordenador-da-secom-ba-posta-na-pagina-inicial-do-seu-facebook-o-repasse-da-reuniao-do-governador-com-o-prefeito-de-salvador","status":"publish","type":"post","link":"https:\/\/portaldenoticias.net\/deusimar\/coordenador-da-secom-ba-posta-na-pagina-inicial-do-seu-facebook-o-repasse-da-reuniao-do-governador-com-o-prefeito-de-salvador\/","title":{"rendered":"COORDENADOR DA SECOM-BA POSTA NA P\u00c1GINA INICIAL DO SEU FACEBOOK O REPASSE DA REUNI\u00c3O DO GOVERNADOR COM O PREFEITO DE SALVADOR."},"content":{"rendered":"<p><img loading=\"lazy\" decoding=\"async\" src=\"http:\/\/www.portaldenoticias.net\/deusimar\/wp-content\/uploads\/2015\/02\/FOTO-GDE-FACE-EDMUNDO..jpg\" alt=\"FOTO GDE FACE EDMUNDO.\" width=\"200\" height=\"200\" class=\"alignleft size-full wp-image-657\" srcset=\"https:\/\/portaldenoticias.net\/deusimar\/wp-content\/uploads\/2015\/02\/FOTO-GDE-FACE-EDMUNDO..jpg 200w, https:\/\/portaldenoticias.net\/deusimar\/wp-content\/uploads\/2015\/02\/FOTO-GDE-FACE-EDMUNDO.-150x150.jpg 150w\" sizes=\"auto, (max-width: 200px) 100vw, 200px\" \/><\/p>\n<p><img loading=\"lazy\" decoding=\"async\" src=\"http:\/\/www.portaldenoticias.net\/deusimar\/wp-content\/uploads\/2015\/01\/IMAGEM-FACE-GRANDE-DEUSIMAR.jpg\" alt=\"IMAGEM FACE GRANDE DEUSIMAR\" width=\"259\" height=\"195\" class=\"alignleft size-full wp-image-55\" srcset=\"https:\/\/portaldenoticias.net\/deusimar\/wp-content\/uploads\/2015\/01\/IMAGEM-FACE-GRANDE-DEUSIMAR.jpg 259w, https:\/\/portaldenoticias.net\/deusimar\/wp-content\/uploads\/2015\/01\/IMAGEM-FACE-GRANDE-DEUSIMAR-174x131.jpg 174w, https:\/\/portaldenoticias.net\/deusimar\/wp-content\/uploads\/2015\/01\/IMAGEM-FACE-GRANDE-DEUSIMAR-70x53.jpg 70w\" sizes=\"auto, (max-width: 259px) 100vw, 259px\" \/><br \/>\nEdmundo Filho e Jos\u00e9 Deusimar<br \/>\n22 min \u00b7 Instagram \u00b7<br \/>\nRui quer solu\u00e7\u00e3o r\u00e1pida para o Metr\u00f4 de Salvador e anuncia novas esta\u00e7\u00f5es at\u00e9 Junho<br \/>\nEm reuni\u00e3o na tarde desta sexta-feira(20), o governador Rui Costa resolveu a maioria das pend\u00eancias entre o Estado e a Prefeitura em rela\u00e7\u00e3o a mobilidade urbana em Salvador. No encontro com o prefeito ACM Neto, Rui antecipou que o in\u00edcio da opera\u00e7\u00e3o das Esta\u00e7\u00f5es de Bom Ju\u00e1 e Piraj\u00e1 ser\u00e1 at\u00e9 o m\u00eas de Junho, j\u00e1 integradas com o sistema p\u00fablico de \u00f4nibus. Outros temas como educa\u00e7\u00e3o e sa\u00fade tamb\u00e9m entraram na pauta. Rui anunciou ainda a doa\u00e7\u00e3o de \u00e1reas do Estado para que o poder p\u00fablico municipal construa creches e escolas infantis<\/p>\n<p><img loading=\"lazy\" decoding=\"async\" src=\"http:\/\/www.portaldenoticias.net\/deusimar\/wp-content\/uploads\/2015\/03\/RUI-E-ACM-NETO-450x450.jpg\" alt=\"RUI E ACM NETO\" width=\"450\" height=\"450\" class=\"alignleft size-medium wp-image-1507\" srcset=\"https:\/\/portaldenoticias.net\/deusimar\/wp-content\/uploads\/2015\/03\/RUI-E-ACM-NETO-450x450.jpg 450w, https:\/\/portaldenoticias.net\/deusimar\/wp-content\/uploads\/2015\/03\/RUI-E-ACM-NETO-150x150.jpg 150w, https:\/\/portaldenoticias.net\/deusimar\/wp-content\/uploads\/2015\/03\/RUI-E-ACM-NETO.jpg 480w\" sizes=\"auto, (max-width: 450px) 100vw, 450px\" \/><\/p>\n<p>COLABORA\u00c7\u00c3O E COMPLEMENTOS DOS:<br \/>\n<img loading=\"lazy\" decoding=\"async\" src=\"http:\/\/www.portaldenoticias.net\/deusimar\/wp-content\/uploads\/2015\/03\/CARTAO-DE-VISITA-DEUSIMAR1-450x250.jpg\" alt=\"CARTAO DE VISITA DEUSIMAR\" width=\"450\" height=\"250\" class=\"alignleft size-medium wp-image-1410\" srcset=\"https:\/\/portaldenoticias.net\/deusimar\/wp-content\/uploads\/2015\/03\/CARTAO-DE-VISITA-DEUSIMAR1-450x250.jpg 450w, https:\/\/portaldenoticias.net\/deusimar\/wp-content\/uploads\/2015\/03\/CARTAO-DE-VISITA-DEUSIMAR1-640x356.jpg 640w, https:\/\/portaldenoticias.net\/deusimar\/wp-content\/uploads\/2015\/03\/CARTAO-DE-VISITA-DEUSIMAR1.jpg 1062w\" sizes=\"auto, (max-width: 450px) 100vw, 450px\" \/><\/p>\n","protected":false},"excerpt":{"rendered":"<p>Edmundo Filho e Jos\u00e9 Deusimar 22 min \u00b7 Instagram \u00b7 Rui quer solu\u00e7\u00e3o r\u00e1pida para o Metr\u00f4 de Salvador e anuncia novas esta\u00e7\u00f5es at\u00e9 Junho Em reuni\u00e3o na tarde desta sexta-feira(20), o governador Rui Costa resolveu a maioria das pend\u00eancias entre o Estado e a Prefeitura em rela\u00e7\u00e3o a mobilidade urbana em Salvador. No encontro [&hellip;]<\/p>\n","protected":false},"author":2,"featured_media":0,"comment_status":"open","ping_status":"open","sticky":false,"template":"","format":"standard","meta":{"footnotes":""},"categories":[1],"tags":[],"class_list":{"0":"post-1506","1":"post","2":"type-post","3":"status-publish","4":"format-standard","6":"category-destaques"},"_links":{"self":[{"href":"https:\/\/portaldenoticias.net\/deusimar\/wp-json\/wp\/v2\/posts\/1506","targetHints":{"allow":["GET"]}}],"collection":[{"href":"https:\/\/portaldenoticias.net\/deusimar\/wp-json\/wp\/v2\/posts"}],"about":[{"href":"https:\/\/portaldenoticias.net\/deusimar\/wp-json\/wp\/v2\/types\/post"}],"author":[{"embeddable":true,"href":"https:\/\/portaldenoticias.net\/deusimar\/wp-json\/wp\/v2\/users\/2"}],"replies":[{"embeddable":true,"href":"https:\/\/portaldenoticias.net\/deusimar\/wp-json\/wp\/v2\/comments?post=1506"}],"version-history":[{"count":0,"href":"https:\/\/portaldenoticias.net\/deusimar\/wp-json\/wp\/v2\/posts\/1506\/revisions"}],"wp:attachment":[{"href":"https:\/\/portaldenoticias.net\/deusimar\/wp-json\/wp\/v2\/media?parent=1506"}],"wp:term":[{"taxonomy":"category","embeddable":true,"href":"https:\/\/portaldenoticias.net\/deusimar\/wp-json\/wp\/v2\/categories?post=1506"},{"taxonomy":"post_tag","embeddable":true,"href":"https:\/\/portaldenoticias.net\/deusimar\/wp-json\/wp\/v2\/tags?post=1506"}],"curies":[{"name":"wp","href":"https:\/\/api.w.org\/{rel}","templated":true}]}}