{"id":1498,"date":"2015-03-20T23:17:38","date_gmt":"2015-03-21T02:17:38","guid":{"rendered":"http:\/\/www.portaldenoticias.net\/deusimar\/?p=1498"},"modified":"2015-03-20T23:23:47","modified_gmt":"2015-03-21T02:23:47","slug":"atual-governador-cumpre-promessa-e-contempla-associacao-de-banda-musical-do-municipio-de-araci","status":"publish","type":"post","link":"https:\/\/portaldenoticias.net\/deusimar\/atual-governador-cumpre-promessa-e-contempla-associacao-de-banda-musical-do-municipio-de-araci\/","title":{"rendered":"ATUAL GOVERNADOR CUMPRE PROMESSA DA GEST\u00c3O ANTERIOR, E CONTEMPLA ASSOCIA\u00c7\u00c3O DE BANDA MUSICAL DO MUNIC\u00cdPIO DE ARACI."},"content":{"rendered":"<p><img loading=\"lazy\" decoding=\"async\" src=\"http:\/\/www.portaldenoticias.net\/deusimar\/wp-content\/uploads\/2015\/02\/RUI-COSTA-IMAGEM-GRANDE-DO-FACE..png\" alt=\"RUI COSTA IMAGEM GRANDE DO FACE.\" width=\"160\" height=\"160\" class=\"alignleft size-full wp-image-832\" srcset=\"https:\/\/portaldenoticias.net\/deusimar\/wp-content\/uploads\/2015\/02\/RUI-COSTA-IMAGEM-GRANDE-DO-FACE..png 160w, https:\/\/portaldenoticias.net\/deusimar\/wp-content\/uploads\/2015\/02\/RUI-COSTA-IMAGEM-GRANDE-DO-FACE.-150x150.png 150w\" sizes=\"auto, (max-width: 160px) 100vw, 160px\" \/><\/p>\n<p><img loading=\"lazy\" decoding=\"async\" src=\"http:\/\/www.portaldenoticias.net\/deusimar\/wp-content\/uploads\/2015\/03\/BAMUARA.jpg\" alt=\"BAMUARA\" width=\"300\" height=\"236\" class=\"alignleft size-full wp-image-1500\" \/><\/p>\n<p>Imagens de: Facebook do Governador Rui Costa e escudo da A Bamuara (Associa\u00e7\u00e3o Cultural Banda M\u00fasicos Aracienses).<br \/>\n1 h \u00b7<br \/>\nMuito feliz com a chegada dos novos instrumentos para a Associa\u00e7\u00e3o Cultural Banda M\u00fasicos Aracienses, a Bamuara, do munic\u00edpio de Araci. O compromisso foi firmado ainda na gest\u00e3o de Jaques Wagner e desde a semana passada o maestro Lucelmo Oliveira e a Bamuara contam com os novos instrumentos doados pelo Estado. Que eles utilizem para continuar este belo trabalho, levando a m\u00fasica e a cultura para a popula\u00e7\u00e3o baiana<\/p>\n<p><img loading=\"lazy\" decoding=\"async\" src=\"http:\/\/www.portaldenoticias.net\/deusimar\/wp-content\/uploads\/2015\/03\/BANDA-DE-MUSICA-ARACI-450x450.jpg\" alt=\"BANDA DE MUSICA ARACI\" width=\"450\" height=\"450\" class=\"alignleft size-medium wp-image-1499\" srcset=\"https:\/\/portaldenoticias.net\/deusimar\/wp-content\/uploads\/2015\/03\/BANDA-DE-MUSICA-ARACI-450x450.jpg 450w, https:\/\/portaldenoticias.net\/deusimar\/wp-content\/uploads\/2015\/03\/BANDA-DE-MUSICA-ARACI-150x150.jpg 150w, https:\/\/portaldenoticias.net\/deusimar\/wp-content\/uploads\/2015\/03\/BANDA-DE-MUSICA-ARACI-640x640.jpg 640w, https:\/\/portaldenoticias.net\/deusimar\/wp-content\/uploads\/2015\/03\/BANDA-DE-MUSICA-ARACI.jpg 720w\" sizes=\"auto, (max-width: 450px) 100vw, 450px\" \/><\/p>\n<p>COLABORA\u00c7\u00c3O E COMPLEMENTOS:<br \/>\n<img loading=\"lazy\" decoding=\"async\" src=\"http:\/\/www.portaldenoticias.net\/deusimar\/wp-content\/uploads\/2015\/03\/CARTAO-DE-VISITA-DEUSIMAR1-450x250.jpg\" alt=\"CARTAO DE VISITA DEUSIMAR\" width=\"450\" height=\"250\" class=\"alignleft size-medium wp-image-1410\" srcset=\"https:\/\/portaldenoticias.net\/deusimar\/wp-content\/uploads\/2015\/03\/CARTAO-DE-VISITA-DEUSIMAR1-450x250.jpg 450w, https:\/\/portaldenoticias.net\/deusimar\/wp-content\/uploads\/2015\/03\/CARTAO-DE-VISITA-DEUSIMAR1-640x356.jpg 640w, https:\/\/portaldenoticias.net\/deusimar\/wp-content\/uploads\/2015\/03\/CARTAO-DE-VISITA-DEUSIMAR1.jpg 1062w\" sizes=\"auto, (max-width: 450px) 100vw, 450px\" \/><\/p>\n","protected":false},"excerpt":{"rendered":"<p>Imagens de: Facebook do Governador Rui Costa e escudo da A Bamuara (Associa\u00e7\u00e3o Cultural Banda M\u00fasicos Aracienses). 1 h \u00b7 Muito feliz com a chegada dos novos instrumentos para a Associa\u00e7\u00e3o Cultural Banda M\u00fasicos Aracienses, a Bamuara, do munic\u00edpio de Araci. O compromisso foi firmado ainda na gest\u00e3o de Jaques Wagner e desde a semana [&hellip;]<\/p>\n","protected":false},"author":2,"featured_media":0,"comment_status":"open","ping_status":"open","sticky":false,"template":"","format":"standard","meta":{"footnotes":""},"categories":[1],"tags":[],"class_list":{"0":"post-1498","1":"post","2":"type-post","3":"status-publish","4":"format-standard","6":"category-destaques"},"_links":{"self":[{"href":"https:\/\/portaldenoticias.net\/deusimar\/wp-json\/wp\/v2\/posts\/1498","targetHints":{"allow":["GET"]}}],"collection":[{"href":"https:\/\/portaldenoticias.net\/deusimar\/wp-json\/wp\/v2\/posts"}],"about":[{"href":"https:\/\/portaldenoticias.net\/deusimar\/wp-json\/wp\/v2\/types\/post"}],"author":[{"embeddable":true,"href":"https:\/\/portaldenoticias.net\/deusimar\/wp-json\/wp\/v2\/users\/2"}],"replies":[{"embeddable":true,"href":"https:\/\/portaldenoticias.net\/deusimar\/wp-json\/wp\/v2\/comments?post=1498"}],"version-history":[{"count":0,"href":"https:\/\/portaldenoticias.net\/deusimar\/wp-json\/wp\/v2\/posts\/1498\/revisions"}],"wp:attachment":[{"href":"https:\/\/portaldenoticias.net\/deusimar\/wp-json\/wp\/v2\/media?parent=1498"}],"wp:term":[{"taxonomy":"category","embeddable":true,"href":"https:\/\/portaldenoticias.net\/deusimar\/wp-json\/wp\/v2\/categories?post=1498"},{"taxonomy":"post_tag","embeddable":true,"href":"https:\/\/portaldenoticias.net\/deusimar\/wp-json\/wp\/v2\/tags?post=1498"}],"curies":[{"name":"wp","href":"https:\/\/api.w.org\/{rel}","templated":true}]}}