{"id":1488,"date":"2015-03-20T20:50:35","date_gmt":"2015-03-20T23:50:35","guid":{"rendered":"http:\/\/www.portaldenoticias.net\/deusimar\/?p=1488"},"modified":"2015-03-20T20:58:23","modified_gmt":"2015-03-20T23:58:23","slug":"governador-inaugura-requalificacao-da-ba-210-e-visita-escolas-no-municipio-de-rodelas","status":"publish","type":"post","link":"https:\/\/portaldenoticias.net\/deusimar\/governador-inaugura-requalificacao-da-ba-210-e-visita-escolas-no-municipio-de-rodelas\/","title":{"rendered":"GOVERNADOR INAUGURA NO DIA DE HOJE(20),A REQUALIFICA\u00c7\u00c3O DO TRECHO DA BA-210(BARRA DO TARRACHIL\/RODELAS), E VISITA ESCOLAS."},"content":{"rendered":"<p><img loading=\"lazy\" decoding=\"async\" src=\"http:\/\/www.portaldenoticias.net\/deusimar\/wp-content\/uploads\/2015\/02\/RUI-COSTA-IMAGEM-GRANDE-DO-FACE..png\" alt=\"RUI COSTA IMAGEM GRANDE DO FACE.\" width=\"160\" height=\"160\" class=\"alignleft size-full wp-image-832\" srcset=\"https:\/\/portaldenoticias.net\/deusimar\/wp-content\/uploads\/2015\/02\/RUI-COSTA-IMAGEM-GRANDE-DO-FACE..png 160w, https:\/\/portaldenoticias.net\/deusimar\/wp-content\/uploads\/2015\/02\/RUI-COSTA-IMAGEM-GRANDE-DO-FACE.-150x150.png 150w\" sizes=\"auto, (max-width: 160px) 100vw, 160px\" \/><br \/>\n<img loading=\"lazy\" decoding=\"async\" src=\"http:\/\/www.portaldenoticias.net\/deusimar\/wp-content\/uploads\/2015\/03\/ESTATUA-DE-DULCINA.jpg\" alt=\"ESTATUA DE DULCINA\" width=\"320\" height=\"240\" class=\"alignleft size-full wp-image-1490\" srcset=\"https:\/\/portaldenoticias.net\/deusimar\/wp-content\/uploads\/2015\/03\/ESTATUA-DE-DULCINA.jpg 320w, https:\/\/portaldenoticias.net\/deusimar\/wp-content\/uploads\/2015\/03\/ESTATUA-DE-DULCINA-174x131.jpg 174w, https:\/\/portaldenoticias.net\/deusimar\/wp-content\/uploads\/2015\/03\/ESTATUA-DE-DULCINA-70x53.jpg 70w\" sizes=\"auto, (max-width: 320px) 100vw, 320px\" \/><br \/>\nRui Costa &#8211; Homenagem P\u00f3stuma a fundadora do Col\u00e9gio Estadual Dulcina Cruz Lima-Rodelas-Ba,<br \/>\n16 min \u00b7<br \/>\nEste fim de semana ser\u00e1 de muito trabalho pelo munic\u00edpio de Rodelas, na microrregi\u00e3o de Paulo Afonso. Mais de 600 mil habitantes ser\u00e3o beneficados com a inaugura\u00e7\u00e3o da pavimenta\u00e7\u00e3o de mais um trecho da BA 210. \u00c0s 9h, inauguramos os 31 km que liga Barra do Tarrachil a Rodelas. Depois, seguindo com o \u202a#\u200ePactoPelaEduca\u00e7\u00e3o\u202c visito a Escola Municipal Maria Estella Rodrigues Ferreira e em seguida o Col\u00e9gio Estadual Dulcina Cruz Lima.<\/p>\n<p><img loading=\"lazy\" decoding=\"async\" src=\"http:\/\/www.portaldenoticias.net\/deusimar\/wp-content\/uploads\/2015\/03\/RU-E-RODELAS.-450x450.jpg\" alt=\"RU E RODELAS.\" width=\"450\" height=\"450\" class=\"alignleft size-medium wp-image-1489\" srcset=\"https:\/\/portaldenoticias.net\/deusimar\/wp-content\/uploads\/2015\/03\/RU-E-RODELAS.-450x450.jpg 450w, https:\/\/portaldenoticias.net\/deusimar\/wp-content\/uploads\/2015\/03\/RU-E-RODELAS.-150x150.jpg 150w, https:\/\/portaldenoticias.net\/deusimar\/wp-content\/uploads\/2015\/03\/RU-E-RODELAS..jpg 480w\" sizes=\"auto, (max-width: 450px) 100vw, 450px\" \/><\/p>\n<p>COLABORA\u00c7\u00c3O E COMPLEMENTOS:<br \/>\n<img loading=\"lazy\" decoding=\"async\" src=\"http:\/\/www.portaldenoticias.net\/deusimar\/wp-content\/uploads\/2015\/03\/CARTAO-DE-VISITA-DEUSIMAR1-450x250.jpg\" alt=\"CARTAO DE VISITA DEUSIMAR\" width=\"450\" height=\"250\" class=\"alignleft size-medium wp-image-1410\" srcset=\"https:\/\/portaldenoticias.net\/deusimar\/wp-content\/uploads\/2015\/03\/CARTAO-DE-VISITA-DEUSIMAR1-450x250.jpg 450w, https:\/\/portaldenoticias.net\/deusimar\/wp-content\/uploads\/2015\/03\/CARTAO-DE-VISITA-DEUSIMAR1-640x356.jpg 640w, https:\/\/portaldenoticias.net\/deusimar\/wp-content\/uploads\/2015\/03\/CARTAO-DE-VISITA-DEUSIMAR1.jpg 1062w\" sizes=\"auto, (max-width: 450px) 100vw, 450px\" \/><\/p>\n","protected":false},"excerpt":{"rendered":"<p>Rui Costa &#8211; Homenagem P\u00f3stuma a fundadora do Col\u00e9gio Estadual Dulcina Cruz Lima-Rodelas-Ba, 16 min \u00b7 Este fim de semana ser\u00e1 de muito trabalho pelo munic\u00edpio de Rodelas, na microrregi\u00e3o de Paulo Afonso. Mais de 600 mil habitantes ser\u00e3o beneficados com a inaugura\u00e7\u00e3o da pavimenta\u00e7\u00e3o de mais um trecho da BA 210. \u00c0s 9h, inauguramos [&hellip;]<\/p>\n","protected":false},"author":2,"featured_media":0,"comment_status":"open","ping_status":"open","sticky":false,"template":"","format":"standard","meta":{"footnotes":""},"categories":[1],"tags":[],"class_list":{"0":"post-1488","1":"post","2":"type-post","3":"status-publish","4":"format-standard","6":"category-destaques"},"_links":{"self":[{"href":"https:\/\/portaldenoticias.net\/deusimar\/wp-json\/wp\/v2\/posts\/1488","targetHints":{"allow":["GET"]}}],"collection":[{"href":"https:\/\/portaldenoticias.net\/deusimar\/wp-json\/wp\/v2\/posts"}],"about":[{"href":"https:\/\/portaldenoticias.net\/deusimar\/wp-json\/wp\/v2\/types\/post"}],"author":[{"embeddable":true,"href":"https:\/\/portaldenoticias.net\/deusimar\/wp-json\/wp\/v2\/users\/2"}],"replies":[{"embeddable":true,"href":"https:\/\/portaldenoticias.net\/deusimar\/wp-json\/wp\/v2\/comments?post=1488"}],"version-history":[{"count":0,"href":"https:\/\/portaldenoticias.net\/deusimar\/wp-json\/wp\/v2\/posts\/1488\/revisions"}],"wp:attachment":[{"href":"https:\/\/portaldenoticias.net\/deusimar\/wp-json\/wp\/v2\/media?parent=1488"}],"wp:term":[{"taxonomy":"category","embeddable":true,"href":"https:\/\/portaldenoticias.net\/deusimar\/wp-json\/wp\/v2\/categories?post=1488"},{"taxonomy":"post_tag","embeddable":true,"href":"https:\/\/portaldenoticias.net\/deusimar\/wp-json\/wp\/v2\/tags?post=1488"}],"curies":[{"name":"wp","href":"https:\/\/api.w.org\/{rel}","templated":true}]}}