{"id":1485,"date":"2015-03-20T20:26:14","date_gmt":"2015-03-20T23:26:14","guid":{"rendered":"http:\/\/www.portaldenoticias.net\/deusimar\/?p=1485"},"modified":"2015-03-20T20:26:14","modified_gmt":"2015-03-20T23:26:14","slug":"blog-do-deusimar-publicavice-presidente-da-republica-acena-para-a-oposicao","status":"publish","type":"post","link":"https:\/\/portaldenoticias.net\/deusimar\/blog-do-deusimar-publicavice-presidente-da-republica-acena-para-a-oposicao\/","title":{"rendered":"BLOG DO DEUSIMAR PUBLICA:VICE-PRESIDENTE DA REP\u00daBLICA ACENA PARA A OPOSI\u00c7\u00c3O."},"content":{"rendered":"<p><img loading=\"lazy\" decoding=\"async\" src=\"http:\/\/www.portaldenoticias.net\/deusimar\/wp-content\/uploads\/2015\/03\/MICHEL-TEMER-450x299.jpg\" alt=\"MICHEL TEMER\" width=\"450\" height=\"299\" class=\"alignleft size-medium wp-image-1486\" srcset=\"https:\/\/portaldenoticias.net\/deusimar\/wp-content\/uploads\/2015\/03\/MICHEL-TEMER-450x299.jpg 450w, https:\/\/portaldenoticias.net\/deusimar\/wp-content\/uploads\/2015\/03\/MICHEL-TEMER-640x426.jpg 640w, https:\/\/portaldenoticias.net\/deusimar\/wp-content\/uploads\/2015\/03\/MICHEL-TEMER.jpg 800w\" sizes=\"auto, (max-width: 450px) 100vw, 450px\" \/><\/p>\n<p>Crise leva Michel Temer a se aproximar de l\u00edderes da oposi\u00e7\u00e3o<\/p>\n<p>Diante da crise que o governo federal enfrenta, o vice-presidente Michel Temer (PMDB) se aproximou nas \u00faltimas semanas de l\u00edderes de partidos de oposi\u00e7\u00e3o como o PSDB e o DEM, entre eles o prefeito de Salvador, ACM Neto.<\/p>\n<p>Outros nomes como o do ex-presidente Fernando Henrique Cardoso, Jos\u00e9 Serra, A\u00e9cio Neves, todos do PSDB, foram listados em reuni\u00f5es com o vice de Dilma. <\/p>\n<p>O assunto em debate, segundo o peemedebista, s\u00e3o mudan\u00e7as na legisla\u00e7\u00e3o eleitoral.<\/p>\n<p>Aliados do governo afirmam, segundo reportagem da Folha de S. Paulo, que o objetivo das conversas \u00e9 reduzir a tens\u00e3o nas rela\u00e7\u00f5es entre o governo e a oposi\u00e7\u00e3o. <\/p>\n<p>Em entrevista \u00e0 Globo News, Temer fez acenos \u00e0 oposi\u00e7\u00e3o. &#8220;Se o pa\u00eds tem uma situa\u00e7\u00e3o dram\u00e1tica, nada impede um di\u00e1logo com a oposi\u00e7\u00e3o, e eu tenho feito isso com muita frequ\u00eancia&#8221;, disse o peemedebista.<\/p>\n<p>CONTRIBUI\u00c7\u00c3O DO SITE:WWW.RADIOWEBJUAZEIRO.COM.BR<\/p>\n<p>COLABORA\u00c7\u00c3O E COMPLEMENTOS DOS:<br \/>\n<img loading=\"lazy\" decoding=\"async\" src=\"http:\/\/www.portaldenoticias.net\/deusimar\/wp-content\/uploads\/2015\/03\/CARTAO-DE-VISITA-DEUSIMAR1-450x250.jpg\" alt=\"CARTAO DE VISITA DEUSIMAR\" width=\"450\" height=\"250\" class=\"alignleft size-medium wp-image-1410\" srcset=\"https:\/\/portaldenoticias.net\/deusimar\/wp-content\/uploads\/2015\/03\/CARTAO-DE-VISITA-DEUSIMAR1-450x250.jpg 450w, https:\/\/portaldenoticias.net\/deusimar\/wp-content\/uploads\/2015\/03\/CARTAO-DE-VISITA-DEUSIMAR1-640x356.jpg 640w, https:\/\/portaldenoticias.net\/deusimar\/wp-content\/uploads\/2015\/03\/CARTAO-DE-VISITA-DEUSIMAR1.jpg 1062w\" sizes=\"auto, (max-width: 450px) 100vw, 450px\" \/><\/p>\n","protected":false},"excerpt":{"rendered":"<p>Crise leva Michel Temer a se aproximar de l\u00edderes da oposi\u00e7\u00e3o Diante da crise que o governo federal enfrenta, o vice-presidente Michel Temer (PMDB) se aproximou nas \u00faltimas semanas de l\u00edderes de partidos de oposi\u00e7\u00e3o como o PSDB e o DEM, entre eles o prefeito de Salvador, ACM Neto. Outros nomes como o do ex-presidente [&hellip;]<\/p>\n","protected":false},"author":2,"featured_media":0,"comment_status":"open","ping_status":"open","sticky":false,"template":"","format":"standard","meta":{"footnotes":""},"categories":[1],"tags":[],"class_list":{"0":"post-1485","1":"post","2":"type-post","3":"status-publish","4":"format-standard","6":"category-destaques"},"_links":{"self":[{"href":"https:\/\/portaldenoticias.net\/deusimar\/wp-json\/wp\/v2\/posts\/1485","targetHints":{"allow":["GET"]}}],"collection":[{"href":"https:\/\/portaldenoticias.net\/deusimar\/wp-json\/wp\/v2\/posts"}],"about":[{"href":"https:\/\/portaldenoticias.net\/deusimar\/wp-json\/wp\/v2\/types\/post"}],"author":[{"embeddable":true,"href":"https:\/\/portaldenoticias.net\/deusimar\/wp-json\/wp\/v2\/users\/2"}],"replies":[{"embeddable":true,"href":"https:\/\/portaldenoticias.net\/deusimar\/wp-json\/wp\/v2\/comments?post=1485"}],"version-history":[{"count":0,"href":"https:\/\/portaldenoticias.net\/deusimar\/wp-json\/wp\/v2\/posts\/1485\/revisions"}],"wp:attachment":[{"href":"https:\/\/portaldenoticias.net\/deusimar\/wp-json\/wp\/v2\/media?parent=1485"}],"wp:term":[{"taxonomy":"category","embeddable":true,"href":"https:\/\/portaldenoticias.net\/deusimar\/wp-json\/wp\/v2\/categories?post=1485"},{"taxonomy":"post_tag","embeddable":true,"href":"https:\/\/portaldenoticias.net\/deusimar\/wp-json\/wp\/v2\/tags?post=1485"}],"curies":[{"name":"wp","href":"https:\/\/api.w.org\/{rel}","templated":true}]}}