{"id":1461,"date":"2015-03-20T11:37:41","date_gmt":"2015-03-20T14:37:41","guid":{"rendered":"http:\/\/www.portaldenoticias.net\/deusimar\/?p=1461"},"modified":"2015-03-20T11:41:41","modified_gmt":"2015-03-20T14:41:41","slug":"vale-a-pena-apreciar-de-novosalve-salve-o-dia-do-radialista-homenagem-dos-blogs-deusimar-das-abelhas","status":"publish","type":"post","link":"https:\/\/portaldenoticias.net\/deusimar\/vale-a-pena-apreciar-de-novosalve-salve-o-dia-do-radialista-homenagem-dos-blogs-deusimar-das-abelhas\/","title":{"rendered":"VALE A PENA APRECIAR DE NOVO:SALVE!! SALVE !! O DIA DO RADIALISTA- HOMENAGEM DOS BLOGS DEUSIMAR DAS ABELHAS."},"content":{"rendered":"<p>VALE A PENA LER DE NOVO:SALVE!! SALVE !! O DIA DO RADIALISTA- HOMENAGEM DOS BLOGS DEUSIMAR DAS ABELHAS.<\/p>\n<p><img loading=\"lazy\" decoding=\"async\" src=\"http:\/\/www.portaldenoticias.net\/deusimar\/wp-content\/uploads\/2015\/03\/RADIO-ZILOMAG.jpg\" alt=\"RADIO ZILOMAG\" width=\"259\" height=\"194\" class=\"alignleft size-full wp-image-1462\" srcset=\"https:\/\/portaldenoticias.net\/deusimar\/wp-content\/uploads\/2015\/03\/RADIO-ZILOMAG.jpg 259w, https:\/\/portaldenoticias.net\/deusimar\/wp-content\/uploads\/2015\/03\/RADIO-ZILOMAG-174x131.jpg 174w, https:\/\/portaldenoticias.net\/deusimar\/wp-content\/uploads\/2015\/03\/RADIO-ZILOMAG-70x53.jpg 70w\" sizes=\"auto, (max-width: 259px) 100vw, 259px\" \/><\/p>\n<p>NOTE:Este \u00e9 famoso Zilomag, a primeira s\u00e9rie de r\u00e1dio e difus\u00e3o que surgiu na d\u00e9cada de 50. Este blogueiro de voc\u00eas tem um exemplar que trocou com um som moderno com seu s\u00e1bio tio Jos\u00e9 Gon\u00e7alves Rodrigues de 97,9 janeiros.Foi um dos primeiros aparelhos que chegou em Uau\u00e1.<\/p>\n<p>Ol\u00e1 leitores(as) amigos(as) de nossos blogs!!<\/p>\n<p>Em minha modesta condi\u00e7\u00e3o de radialista que fui na d\u00e9cada de 90, e no final do ano passado quando tive a oportunidade de apresentar na R\u00e1dio Jornal Grande Sert\u00e3o-1370-KHZ os programas: O INFORMATIVO RURAL e A VOZ DO CAMPO, junto-me ao blogueiro Florisvaldo Ferreira dos Santos, para apresentar-lhes na \u00edntegra a ora\u00e7\u00e3o do radialista dedicada  a todos os radialista de nossa linda e extensa Bahia. N\u00e3o poderia deixar neste momento, de dedicar de forma exclusiva esta ora\u00e7\u00e3o ao mestre em programa de r\u00e1dio e difus\u00e3o precisamente da d\u00e9cada de 80, o professor Erinaldo Bezerra da Silva- Agr\u00f4nomo da EBDA de  Juazeiro, a quem este blogueiro de voc\u00eas deve, e muito pelo aprendizado do mais eficiente modelo de extens\u00e3o rural, programa de r\u00e1dio e difus\u00e3o. \u00c9 nas primeiras horas do dia, que o agricultor familiar tomando o seu primeiro cafezinho quente do dia, recebe atrav\u00e9s das ondas sonoras do r\u00e1dio,  uma completa carga  de conhecimentos t\u00e9cnicos.  Atentem bem nas fotos abaixo postadas, que mostram os bons momentos das apresenta\u00e7\u00f5es dos programas pelo blogueiro de voc\u00eas. Nestas apresenta\u00e7\u00f5es, foi poss\u00edvel contar com a participa\u00e7\u00e3o exclusiva dos t\u00e9cnicos: Jos\u00e9 Raimundo Almeida de Araujo- Engenheiro Agr\u00f4nomo -Chefe da EBDA de Cansan\u00e7\u00e3o; Jos\u00e9 Fortunato da Silva- Eng\u00ba Agr\u00f4nomo- Mestre em Fitotecnia da EBDA- Monte Santo- Pacto Federativo \u00e0 \u00e9poca; Pedro Henrique Oliveira de Jesus Silva- T\u00e9cnico em Agropecu\u00e1ria- Agente de Desenvolvimento Rural do BNB-Sr. do Bonfim;<\/p>\n<p>Lamentavelmente por problemas alheios \u00e0 vontade deste  blogueiro de voc\u00eas , que inclusive se reserva, e  prefere n\u00e3o entrar em detalhes, nossos programas que vinham ajudando muito os trabalhos de ATER- Assist\u00eancia T\u00e9cnica e Extens\u00e3o Rural da EBDA- Monte Santo, foram por \u00e1gua abaixo por conta e risco do propriet\u00e1rio das emissoras, ficando no preju\u00edzo nossos agricultores familiares.<\/p>\n<p><img loading=\"lazy\" decoding=\"async\" src=\"http:\/\/www.portaldenoticias.net\/deusimar\/wp-content\/uploads\/2015\/03\/DEUSIMAR-E-ERINALDO.jpg\" alt=\"DEUSIMAR E ERINALDO\" width=\"259\" height=\"194\" class=\"alignleft size-full wp-image-1463\" srcset=\"https:\/\/portaldenoticias.net\/deusimar\/wp-content\/uploads\/2015\/03\/DEUSIMAR-E-ERINALDO.jpg 259w, https:\/\/portaldenoticias.net\/deusimar\/wp-content\/uploads\/2015\/03\/DEUSIMAR-E-ERINALDO-174x131.jpg 174w, https:\/\/portaldenoticias.net\/deusimar\/wp-content\/uploads\/2015\/03\/DEUSIMAR-E-ERINALDO-70x53.jpg 70w\" sizes=\"auto, (max-width: 259px) 100vw, 259px\" \/><br \/>\nDeusimar das Abelhas e seu professor de R\u00e1dio e Difus\u00e3o  Erinaldo Bezerra da Silva<\/p>\n<p><img loading=\"lazy\" decoding=\"async\" src=\"http:\/\/www.portaldenoticias.net\/deusimar\/wp-content\/uploads\/2015\/03\/deusimar-eesquerdinha.jpg\" alt=\"deusimar eesquerdinha\" width=\"240\" height=\"180\" class=\"alignleft size-full wp-image-1464\" srcset=\"https:\/\/portaldenoticias.net\/deusimar\/wp-content\/uploads\/2015\/03\/deusimar-eesquerdinha.jpg 240w, https:\/\/portaldenoticias.net\/deusimar\/wp-content\/uploads\/2015\/03\/deusimar-eesquerdinha-174x131.jpg 174w, https:\/\/portaldenoticias.net\/deusimar\/wp-content\/uploads\/2015\/03\/deusimar-eesquerdinha-70x53.jpg 70w\" sizes=\"auto, (max-width: 240px) 100vw, 240px\" \/><br \/>\nParticipa\u00e7\u00e3o do meu professor de extens\u00e3o rural Jos\u00e9 Raimundo Almeida de Araujo no Programa  A VOZ DO CAMPO<\/p>\n<p>Entrevista sobre a linha de cr\u00e9dito PRONAF-Programa Nacional do Fortalecimento da Agricultura Familiar.<\/p>\n<p><img loading=\"lazy\" decoding=\"async\" src=\"http:\/\/www.portaldenoticias.net\/deusimar\/wp-content\/uploads\/2015\/03\/deusimar-e-fortunato.jpg\" alt=\"deusimar e fortunato\" width=\"240\" height=\"180\" class=\"alignleft size-full wp-image-1466\" srcset=\"https:\/\/portaldenoticias.net\/deusimar\/wp-content\/uploads\/2015\/03\/deusimar-e-fortunato.jpg 240w, https:\/\/portaldenoticias.net\/deusimar\/wp-content\/uploads\/2015\/03\/deusimar-e-fortunato-174x131.jpg 174w, https:\/\/portaldenoticias.net\/deusimar\/wp-content\/uploads\/2015\/03\/deusimar-e-fortunato-70x53.jpg 70w\" sizes=\"auto, (max-width: 240px) 100vw, 240px\" \/><\/p>\n<p>Participa\u00e7\u00e3o do Mestre Fortuna da Extens\u00e3o Rural sendo entrevistado sobre a milagrosa cultura da mandioca no Programa A VOZ DO CAMPO.<\/p>\n<p><img loading=\"lazy\" decoding=\"async\" src=\"http:\/\/www.portaldenoticias.net\/deusimar\/wp-content\/uploads\/2015\/03\/DEUSIMAR-NA-LUZ-DO-SERTAO.jpg\" alt=\"DEUSIMAR NA LUZ DO SERTAO\" width=\"300\" height=\"168\" class=\"alignleft size-full wp-image-1465\" \/><\/p>\n<p><img loading=\"lazy\" decoding=\"async\" src=\"http:\/\/www.portaldenoticias.net\/deusimar\/wp-content\/uploads\/2015\/03\/IMG_71071-450x338.jpg\" alt=\"IMG_7107[1]\" width=\"450\" height=\"338\" class=\"alignleft size-medium wp-image-1151\" srcset=\"https:\/\/portaldenoticias.net\/deusimar\/wp-content\/uploads\/2015\/03\/IMG_71071-450x338.jpg 450w, https:\/\/portaldenoticias.net\/deusimar\/wp-content\/uploads\/2015\/03\/IMG_71071-640x480.jpg 640w, https:\/\/portaldenoticias.net\/deusimar\/wp-content\/uploads\/2015\/03\/IMG_71071-174x131.jpg 174w, https:\/\/portaldenoticias.net\/deusimar\/wp-content\/uploads\/2015\/03\/IMG_71071-70x53.jpg 70w\" sizes=\"auto, (max-width: 450px) 100vw, 450px\" \/><br \/>\nDeusimar das Abelhas concedendo entrevista sobre apicultura na R\u00e1dio Comunit\u00e1ria Luz do Sert\u00e3o em sua terra natal Uau\u00e1.<\/p>\n<p>Deusimar das Abelhas sendo entrevistado na R\u00e1dio Comunit\u00e1ria raio de Luz no V Festival Regional do Umbu em sua terra natal Uau\u00e1, sobre seu trabalho com a reciclagem e multiuso das garrafas pet dentre outros recursos naturais na agricultura\/apicultura\/meliponicultura familiar.<\/p>\n<p><img loading=\"lazy\" decoding=\"async\" src=\"http:\/\/www.portaldenoticias.net\/deusimar\/wp-content\/uploads\/2015\/03\/DEUSIMAR-E-PEDRO-HENRIQUE-BNB.jpg\" alt=\"DEUSIMAR E PEDRO HENRIQUE-BNB\" width=\"240\" height=\"180\" class=\"alignleft size-full wp-image-1467\" srcset=\"https:\/\/portaldenoticias.net\/deusimar\/wp-content\/uploads\/2015\/03\/DEUSIMAR-E-PEDRO-HENRIQUE-BNB.jpg 240w, https:\/\/portaldenoticias.net\/deusimar\/wp-content\/uploads\/2015\/03\/DEUSIMAR-E-PEDRO-HENRIQUE-BNB-174x131.jpg 174w, https:\/\/portaldenoticias.net\/deusimar\/wp-content\/uploads\/2015\/03\/DEUSIMAR-E-PEDRO-HENRIQUE-BNB-70x53.jpg 70w\" sizes=\"auto, (max-width: 240px) 100vw, 240px\" \/><\/p>\n<p>Participa\u00e7\u00e3o do t\u00e9cnico Pedro Henrique Oliveira de Jesus Silva, do Programa AGROAMIGO -BANCO DO NORDESTE -Ag. Senhor do Bonfim, sobre a operacionaliza\u00e7\u00e3o deste referido programa em nosso munic\u00edpio e regi\u00e3o.<\/p>\n<p>Como um apaixonado pela Radiofonia ou R\u00e1dio Difus\u00e3o, comprimento a todos os radialistas pela sua data, oferecendo a ora\u00e7\u00e3o feita por L\u00e9o Sabala em homenagem a estres profissionais<\/p>\n<p>Ora\u00e7\u00e3o do Radialista<\/p>\n<p>Senhor, fa\u00e7a deste microfone um condutor da verdade.Mantenha-me firme e sereno para equilibrar o meu senso de justi\u00e7a.Direcione o meu conhecimento para produzir fa\u00edscas de esperan\u00e7a.N\u00e3o permita que me perca pelos caminhos distantes da raz\u00e3o.Jamais deixe algum sentimento distorcer a ess\u00eancia do que precisa ser dito.Senhor, ilumine as minhas palavras para que elas carreguem alento.Conceda-me sabedoria para falar e bastante paci\u00eancia para saber ouvir.Inspira-me com bons pensamentos e que eu defenda apenas o que acredito.Senhor, mantenha-me seguro todos os dias na sinuosa pista da humildade.Que a minha voz se fa\u00e7a ouvir sem frieza nem sensacionalismo.Livra-me da arrog\u00e2ncia, do medo, da vaidade e da indiferen\u00e7a.Evite que usem indevidamente a minha voz para prejudicar algu\u00e9m.Fa\u00e7a de mim porta voz da cidadania, da credibilidade e da isen\u00e7\u00e3o.Senhor, impe\u00e7a que eu induza a pr\u00e9 julgamentos ou a condena\u00e7\u00f5es.Corrija o meu excesso de individualidade e me torne mais flex\u00edvel.D\u00e1-me firmeza para eu n\u00e3o escorregar nas armadilhas da palavra.Senhor, proteja minhas cordas vocais, ferramenta do meu ganha p\u00e3o.Proteja, Senhor, a todos os meus ouvintes, raz\u00e3o do meu trabalho<\/p>\n<p>.Um forte abra\u00e7o para todos.<\/p>\n<p>CONTRIBUI\u00c7\u00c3O DE:Florisvaldo Ferreira Dos Santos<br \/>\nConsultor de Seguros e Benef\u00edcios\u2013<br \/>\nCONTRIBUI\u00c7\u00c3O FANT\u00c1STICA DO BLOGUEIRO COMPOANHEIRO DO WWW.PORTALDENOTICIAS.NET<\/p>\n<p>COLABORA\u00c7\u00c3O E COMPLEMENTOS DOS:<\/p>\n<p><img loading=\"lazy\" decoding=\"async\" src=\"http:\/\/www.portaldenoticias.net\/deusimar\/wp-content\/uploads\/2015\/03\/CARTAO-DE-VISITA-DEUSIMAR1-450x250.jpg\" alt=\"CARTAO DE VISITA DEUSIMAR\" width=\"450\" height=\"250\" class=\"alignleft size-medium wp-image-1410\" srcset=\"https:\/\/portaldenoticias.net\/deusimar\/wp-content\/uploads\/2015\/03\/CARTAO-DE-VISITA-DEUSIMAR1-450x250.jpg 450w, https:\/\/portaldenoticias.net\/deusimar\/wp-content\/uploads\/2015\/03\/CARTAO-DE-VISITA-DEUSIMAR1-640x356.jpg 640w, https:\/\/portaldenoticias.net\/deusimar\/wp-content\/uploads\/2015\/03\/CARTAO-DE-VISITA-DEUSIMAR1.jpg 1062w\" sizes=\"auto, (max-width: 450px) 100vw, 450px\" \/><\/p>\n<p>Compartilhar no Facebook<\/p>\n","protected":false},"excerpt":{"rendered":"<p>VALE A PENA LER DE NOVO:SALVE!! SALVE !! O DIA DO RADIALISTA- HOMENAGEM DOS BLOGS DEUSIMAR DAS ABELHAS. NOTE:Este \u00e9 famoso Zilomag, a primeira s\u00e9rie de r\u00e1dio e difus\u00e3o que surgiu na d\u00e9cada de 50. Este blogueiro de voc\u00eas tem um exemplar que trocou com um som moderno com seu s\u00e1bio tio Jos\u00e9 Gon\u00e7alves Rodrigues [&hellip;]<\/p>\n","protected":false},"author":2,"featured_media":0,"comment_status":"open","ping_status":"open","sticky":false,"template":"","format":"standard","meta":{"footnotes":""},"categories":[1],"tags":[],"class_list":{"0":"post-1461","1":"post","2":"type-post","3":"status-publish","4":"format-standard","6":"category-destaques"},"_links":{"self":[{"href":"https:\/\/portaldenoticias.net\/deusimar\/wp-json\/wp\/v2\/posts\/1461","targetHints":{"allow":["GET"]}}],"collection":[{"href":"https:\/\/portaldenoticias.net\/deusimar\/wp-json\/wp\/v2\/posts"}],"about":[{"href":"https:\/\/portaldenoticias.net\/deusimar\/wp-json\/wp\/v2\/types\/post"}],"author":[{"embeddable":true,"href":"https:\/\/portaldenoticias.net\/deusimar\/wp-json\/wp\/v2\/users\/2"}],"replies":[{"embeddable":true,"href":"https:\/\/portaldenoticias.net\/deusimar\/wp-json\/wp\/v2\/comments?post=1461"}],"version-history":[{"count":0,"href":"https:\/\/portaldenoticias.net\/deusimar\/wp-json\/wp\/v2\/posts\/1461\/revisions"}],"wp:attachment":[{"href":"https:\/\/portaldenoticias.net\/deusimar\/wp-json\/wp\/v2\/media?parent=1461"}],"wp:term":[{"taxonomy":"category","embeddable":true,"href":"https:\/\/portaldenoticias.net\/deusimar\/wp-json\/wp\/v2\/categories?post=1461"},{"taxonomy":"post_tag","embeddable":true,"href":"https:\/\/portaldenoticias.net\/deusimar\/wp-json\/wp\/v2\/tags?post=1461"}],"curies":[{"name":"wp","href":"https:\/\/api.w.org\/{rel}","templated":true}]}}