{"id":1456,"date":"2015-03-20T00:07:45","date_gmt":"2015-03-20T03:07:45","guid":{"rendered":"http:\/\/www.portaldenoticias.net\/deusimar\/?p=1456"},"modified":"2015-03-20T00:07:45","modified_gmt":"2015-03-20T03:07:45","slug":"blog-do-deusimar-postando-scrap-que-trata-do-fim-da-concessao-publica-a-toda-poderosa-rede-globo-de-televisao","status":"publish","type":"post","link":"https:\/\/portaldenoticias.net\/deusimar\/blog-do-deusimar-postando-scrap-que-trata-do-fim-da-concessao-publica-a-toda-poderosa-rede-globo-de-televisao\/","title":{"rendered":"BLOG DO DEUSIMAR POSTANDO SCRAP QUE TRATA DO FIM DA CONCESS\u00c3O P\u00daBLICA A TODA PODEROSA REDE GLOBO DE TELEVIS\u00c3O."},"content":{"rendered":"<p>Pela liberdade de express\u00e3o.<\/p>\n<p>Movimentos Sociais pedem o fim da Rede Globo<br \/>\nNo pr\u00f3ximo dia primeiro de Abril, movimentos sociais do Brasil inteiro, v\u00e3o as ruas pedir o fim da concess\u00e3o p\u00fablica a rede globo. De acordo com a organiza\u00e7\u00e3o, a&#8230;<\/p>\n<p><img loading=\"lazy\" decoding=\"async\" src=\"http:\/\/www.portaldenoticias.net\/deusimar\/wp-content\/uploads\/2015\/03\/FECHAMENTO-DA-GLOBO-450x310.jpg\" alt=\"FECHAMENTO DA GLOBO\" width=\"450\" height=\"310\" class=\"alignleft size-medium wp-image-1458\" srcset=\"https:\/\/portaldenoticias.net\/deusimar\/wp-content\/uploads\/2015\/03\/FECHAMENTO-DA-GLOBO-450x310.jpg 450w, https:\/\/portaldenoticias.net\/deusimar\/wp-content\/uploads\/2015\/03\/FECHAMENTO-DA-GLOBO.jpg 563w\" sizes=\"auto, (max-width: 450px) 100vw, 450px\" \/><br \/>\nNOTE: DEUSIMAR DAS ABELHAS PROP\u00d5E QUE SEJA ANTECIPADA OU AT\u00c9 MESMO ADIADA A DATA 1\u00ba DE ABRIL POR SER O DIA INTERNACIONAL DA MENTIRA. PRECISAMOS DEFINIR UMA OUTRA DATA,<\/p>\n<p><img loading=\"lazy\" decoding=\"async\" src=\"http:\/\/www.portaldenoticias.net\/deusimar\/wp-content\/uploads\/2015\/01\/dddd.jpg\" alt=\"dddd\" width=\"319\" height=\"427\" class=\"alignleft size-full wp-image-22\" \/><br \/>\nJose Deusimar Loiola Gon\u00e7alves<br \/>\n Buta(no sotaque pernambucano ou cearense) baixaria nisso. O BIG BOA BOSTA-BBB, com esta indecorosa novela mostrando duas velhotas l\u00e9sbicas se lambendo em frente das respeitadas fam\u00edlias brasileiras e at\u00e9 do outro lado do mundo. Percebam na imagem que o ovo deixado pelo perverso e truculento regime da ditadura, parece-nos que do seu ato eclos\u00e3o nasceu um monte de gente imbecil parecidas com caranguejos com muita merda em suas cabe\u00e7as. Atentai bem no que Deusimar das Abelhas vai dizer: A equipe de produ\u00e7\u00e3o desta emissora n\u00e3o acreditou no potencial de nosso Artista intelectual de Monte Santo, nosso exemplo de supera\u00e7\u00e3o Claudio Vieira de Oliveira, que foi assediado pelas emissoras de TV nacionais(SBT:RECORD) e at\u00e9 pelas maiores emissoras dos EUA(CBN e CBC) da Inglaterra(DISCOVERY LONDON) TV JAPONESA, TV DA ARGETINA, e por vai. A toda poderosa Globo , nem tico, e nem taco. kkk . Boa Noite!! CONTRIBUI\u00c7\u00c3O DE: Jos\u00e9 Deusimar Loiola Gon\u00e7alves<br \/>\nApicultor Meliponicultor,Diretor de Comunica\u00e7\u00e3o da FEBAMEL,,e P\u00f3s Graduado em Gest\u00e3o e Educa\u00e7\u00e3o Ambiental &#8211; EBDA Monte Santo<br \/>\n(75) 9131-0784\/ 9998-0025<br \/>\n<img loading=\"lazy\" decoding=\"async\" src=\"http:\/\/www.portaldenoticias.net\/deusimar\/wp-content\/uploads\/2015\/03\/SIMBOLODA-REDE-GLOBO-OVO-DA-DITADURA.-342x450.jpg\" alt=\"SIMBOLODA REDE GLOBO-OVO DA DITADURA.\" width=\"342\" height=\"450\" class=\"alignleft size-medium wp-image-1271\" srcset=\"https:\/\/portaldenoticias.net\/deusimar\/wp-content\/uploads\/2015\/03\/SIMBOLODA-REDE-GLOBO-OVO-DA-DITADURA.-342x450.jpg 342w, https:\/\/portaldenoticias.net\/deusimar\/wp-content\/uploads\/2015\/03\/SIMBOLODA-REDE-GLOBO-OVO-DA-DITADURA.-486x640.jpg 486w, https:\/\/portaldenoticias.net\/deusimar\/wp-content\/uploads\/2015\/03\/SIMBOLODA-REDE-GLOBO-OVO-DA-DITADURA..jpg 729w\" sizes=\"auto, (max-width: 342px) 100vw, 342px\" \/><\/p>\n<p><img loading=\"lazy\" decoding=\"async\" src=\"http:\/\/www.portaldenoticias.net\/deusimar\/wp-content\/uploads\/2015\/03\/DEUSIMAR-E-CLAUDIO-VIEIRA1.jpg\" alt=\"DEUSIMAR E CLAUDIO VIEIRA\" width=\"259\" height=\"194\" class=\"alignleft size-full wp-image-1457\" srcset=\"https:\/\/portaldenoticias.net\/deusimar\/wp-content\/uploads\/2015\/03\/DEUSIMAR-E-CLAUDIO-VIEIRA1.jpg 259w, https:\/\/portaldenoticias.net\/deusimar\/wp-content\/uploads\/2015\/03\/DEUSIMAR-E-CLAUDIO-VIEIRA1-174x131.jpg 174w, https:\/\/portaldenoticias.net\/deusimar\/wp-content\/uploads\/2015\/03\/DEUSIMAR-E-CLAUDIO-VIEIRA1-70x53.jpg 70w\" sizes=\"auto, (max-width: 259px) 100vw, 259px\" \/><\/p>\n<p>Jose Deusimar Loiola Gon\u00e7alves Para aqueles que ainda n\u00e3o conhecem o nosso ARTISTA INTELECTUAL DE MONTE SANTO-Claudio Vieira de Oliveira, segue a foto registrada a pedido de Deusimar das Abelhas na oportunidade do mega show do cantor famosos da m\u00fasica popular brasileira, Daniel -Festa de Todos os Santos-2010. Mais uma contribui\u00e7\u00e3o de: Jos\u00e9 Deusimar Loiola Gon\u00e7alves<br \/>\nApicultor Meliponicultor,Diretor de Comunica\u00e7\u00e3o da FEBAMEL,,e P\u00f3s Graduado em Gest\u00e3o e Educa\u00e7\u00e3o Ambiental &#8211; EBDA Monte Santo<br \/>\n(75) 9131-0784\/ 9998-0025<\/p>\n<p>COLABORA\u00c7\u00c3O E COMPLEMENTOS DOS:<br \/>\n<img loading=\"lazy\" decoding=\"async\" src=\"http:\/\/www.portaldenoticias.net\/deusimar\/wp-content\/uploads\/2015\/03\/CARTAO-DE-VISITA-DEUSIMAR1-450x250.jpg\" alt=\"CARTAO DE VISITA DEUSIMAR\" width=\"450\" height=\"250\" class=\"alignleft size-medium wp-image-1410\" srcset=\"https:\/\/portaldenoticias.net\/deusimar\/wp-content\/uploads\/2015\/03\/CARTAO-DE-VISITA-DEUSIMAR1-450x250.jpg 450w, https:\/\/portaldenoticias.net\/deusimar\/wp-content\/uploads\/2015\/03\/CARTAO-DE-VISITA-DEUSIMAR1-640x356.jpg 640w, https:\/\/portaldenoticias.net\/deusimar\/wp-content\/uploads\/2015\/03\/CARTAO-DE-VISITA-DEUSIMAR1.jpg 1062w\" sizes=\"auto, (max-width: 450px) 100vw, 450px\" \/><\/p>\n","protected":false},"excerpt":{"rendered":"<p>Pela liberdade de express\u00e3o. Movimentos Sociais pedem o fim da Rede Globo No pr\u00f3ximo dia primeiro de Abril, movimentos sociais do Brasil inteiro, v\u00e3o as ruas pedir o fim da concess\u00e3o p\u00fablica a rede globo. De acordo com a organiza\u00e7\u00e3o, a&#8230; NOTE: DEUSIMAR DAS ABELHAS PROP\u00d5E QUE SEJA ANTECIPADA OU AT\u00c9 MESMO ADIADA A DATA [&hellip;]<\/p>\n","protected":false},"author":2,"featured_media":0,"comment_status":"open","ping_status":"open","sticky":false,"template":"","format":"standard","meta":{"footnotes":""},"categories":[1],"tags":[],"class_list":{"0":"post-1456","1":"post","2":"type-post","3":"status-publish","4":"format-standard","6":"category-destaques"},"_links":{"self":[{"href":"https:\/\/portaldenoticias.net\/deusimar\/wp-json\/wp\/v2\/posts\/1456","targetHints":{"allow":["GET"]}}],"collection":[{"href":"https:\/\/portaldenoticias.net\/deusimar\/wp-json\/wp\/v2\/posts"}],"about":[{"href":"https:\/\/portaldenoticias.net\/deusimar\/wp-json\/wp\/v2\/types\/post"}],"author":[{"embeddable":true,"href":"https:\/\/portaldenoticias.net\/deusimar\/wp-json\/wp\/v2\/users\/2"}],"replies":[{"embeddable":true,"href":"https:\/\/portaldenoticias.net\/deusimar\/wp-json\/wp\/v2\/comments?post=1456"}],"version-history":[{"count":0,"href":"https:\/\/portaldenoticias.net\/deusimar\/wp-json\/wp\/v2\/posts\/1456\/revisions"}],"wp:attachment":[{"href":"https:\/\/portaldenoticias.net\/deusimar\/wp-json\/wp\/v2\/media?parent=1456"}],"wp:term":[{"taxonomy":"category","embeddable":true,"href":"https:\/\/portaldenoticias.net\/deusimar\/wp-json\/wp\/v2\/categories?post=1456"},{"taxonomy":"post_tag","embeddable":true,"href":"https:\/\/portaldenoticias.net\/deusimar\/wp-json\/wp\/v2\/tags?post=1456"}],"curies":[{"name":"wp","href":"https:\/\/api.w.org\/{rel}","templated":true}]}}