{"id":1450,"date":"2015-03-19T21:14:19","date_gmt":"2015-03-20T00:14:19","guid":{"rendered":"http:\/\/www.portaldenoticias.net\/deusimar\/?p=1450"},"modified":"2015-03-19T21:14:19","modified_gmt":"2015-03-20T00:14:19","slug":"visita-as-escolas-do-interior-compromisso-rotineiro-do-governador-sao-cumpridas-no-dia-de-hoje19-no-prospero-municipio-de-santo-antonio-de-jesus","status":"publish","type":"post","link":"https:\/\/portaldenoticias.net\/deusimar\/visita-as-escolas-do-interior-compromisso-rotineiro-do-governador-sao-cumpridas-no-dia-de-hoje19-no-prospero-municipio-de-santo-antonio-de-jesus\/","title":{"rendered":"VISITA AS ESCOLAS  DO INTERIOR ,COMPROMISSO ROTINEIRO DO GOVERNADOR S\u00c3O CUMPRIDAS NO DIA DE HOJE(19) NO PR\u00d3SPERO MUNIC\u00cdPIO DE SANTO ANTONIO DE JESUS."},"content":{"rendered":"<p><img loading=\"lazy\" decoding=\"async\" src=\"http:\/\/www.portaldenoticias.net\/deusimar\/wp-content\/uploads\/2015\/02\/RUI-COSTA-IMAGEM-GRANDE-DO-FACE..png\" alt=\"RUI COSTA IMAGEM GRANDE DO FACE.\" width=\"160\" height=\"160\" class=\"alignleft size-full wp-image-832\" srcset=\"https:\/\/portaldenoticias.net\/deusimar\/wp-content\/uploads\/2015\/02\/RUI-COSTA-IMAGEM-GRANDE-DO-FACE..png 160w, https:\/\/portaldenoticias.net\/deusimar\/wp-content\/uploads\/2015\/02\/RUI-COSTA-IMAGEM-GRANDE-DO-FACE.-150x150.png 150w\" sizes=\"auto, (max-width: 160px) 100vw, 160px\" \/><br \/>\nRui Costa adicionou 44 novas fotos ao \u00e1lbum: #PactoPelaEduca\u00e7\u00e3o e visita ao Hospital em Santo Ant\u00f4nio de Jesus \u2014 em Santo Ant\u00f4nio de Jesus.<br \/>\n53 min \u00b7<br \/>\nHoje teve muita caminhada e muito dial\u00f3go em Santo Ant\u00f4nio de Jesus. Ap\u00f3s a inaugura\u00e7\u00e3o da Unidade Fabril da Ramarim, visitei um hospital e duas escolas. Uma delas, o Col\u00e9gio Estadual Florentino Firmino de Almeida ter\u00e1 uma quadra poliesportiva ainda esse ano. O col\u00e9gio, recentemente reformado e ampliado, tem 249 estudantes do ensino fundamental e m\u00e9dio. No Hospital Regional do mun\u00edcipio, junto com secret\u00e1rio da Sa\u00fade, F\u00e1bio Vilas-Boas, tive um prazer de anunciar outra boa not\u00edcia: a destina\u00e7\u00e3o de um novo tom\u00f3grafo para a unidade, um aparelho mais moderno, de 16 canais, o que vai permitir que o exame com resolu\u00e7\u00e3o ainda melhor e mais detalhado. \u202a#\u200eMaisSa\u00fade\u202c \u202a#\u200ePactoPelaEduca\u00e7\u00e3o\u202c \u202a#\u200eMuitaEstrada\u202c<\/p>\n<p><img loading=\"lazy\" decoding=\"async\" src=\"http:\/\/www.portaldenoticias.net\/deusimar\/wp-content\/uploads\/2015\/03\/RUI-VISITA-HOSPITAL-EM-S.ANTONIO.-450x308.jpg\" alt=\"RUI VISITA HOSPITAL EM S.ANTONIO.\" width=\"450\" height=\"308\" class=\"alignleft size-medium wp-image-1451\" srcset=\"https:\/\/portaldenoticias.net\/deusimar\/wp-content\/uploads\/2015\/03\/RUI-VISITA-HOSPITAL-EM-S.ANTONIO.-450x308.jpg 450w, https:\/\/portaldenoticias.net\/deusimar\/wp-content\/uploads\/2015\/03\/RUI-VISITA-HOSPITAL-EM-S.ANTONIO.-640x438.jpg 640w, https:\/\/portaldenoticias.net\/deusimar\/wp-content\/uploads\/2015\/03\/RUI-VISITA-HOSPITAL-EM-S.ANTONIO..jpg 828w\" sizes=\"auto, (max-width: 450px) 100vw, 450px\" \/><\/p>\n<p><img loading=\"lazy\" decoding=\"async\" src=\"http:\/\/www.portaldenoticias.net\/deusimar\/wp-content\/uploads\/2015\/03\/GOV-E-DIRETOR-DO-HOSPITAL.jpg\" alt=\"GOV E DIRETOR  DO HOSPITAL\" width=\"296\" height=\"199\" class=\"alignleft size-full wp-image-1452\" \/><\/p>\n<p><img loading=\"lazy\" decoding=\"async\" src=\"http:\/\/www.portaldenoticias.net\/deusimar\/wp-content\/uploads\/2015\/03\/RUI-E-ALUNA.jpg\" alt=\"RUI E ALUNA\" width=\"296\" height=\"194\" class=\"alignleft size-full wp-image-1453\" \/><\/p>\n<p>COLABORA\u00c7\u00c3O E COMPLEMENTOS DOS:<br \/>\n<img loading=\"lazy\" decoding=\"async\" src=\"http:\/\/www.portaldenoticias.net\/deusimar\/wp-content\/uploads\/2015\/03\/CARTAO-DE-VISITA-DEUSIMAR1-450x250.jpg\" alt=\"CARTAO DE VISITA DEUSIMAR\" width=\"450\" height=\"250\" class=\"alignleft size-medium wp-image-1410\" srcset=\"https:\/\/portaldenoticias.net\/deusimar\/wp-content\/uploads\/2015\/03\/CARTAO-DE-VISITA-DEUSIMAR1-450x250.jpg 450w, https:\/\/portaldenoticias.net\/deusimar\/wp-content\/uploads\/2015\/03\/CARTAO-DE-VISITA-DEUSIMAR1-640x356.jpg 640w, https:\/\/portaldenoticias.net\/deusimar\/wp-content\/uploads\/2015\/03\/CARTAO-DE-VISITA-DEUSIMAR1.jpg 1062w\" sizes=\"auto, (max-width: 450px) 100vw, 450px\" \/><\/p>\n","protected":false},"excerpt":{"rendered":"<p>Rui Costa adicionou 44 novas fotos ao \u00e1lbum: #PactoPelaEduca\u00e7\u00e3o e visita ao Hospital em Santo Ant\u00f4nio de Jesus \u2014 em Santo Ant\u00f4nio de Jesus. 53 min \u00b7 Hoje teve muita caminhada e muito dial\u00f3go em Santo Ant\u00f4nio de Jesus. Ap\u00f3s a inaugura\u00e7\u00e3o da Unidade Fabril da Ramarim, visitei um hospital e duas escolas. Uma delas, [&hellip;]<\/p>\n","protected":false},"author":2,"featured_media":0,"comment_status":"open","ping_status":"open","sticky":false,"template":"","format":"standard","meta":{"footnotes":""},"categories":[1],"tags":[],"class_list":{"0":"post-1450","1":"post","2":"type-post","3":"status-publish","4":"format-standard","6":"category-destaques"},"_links":{"self":[{"href":"https:\/\/portaldenoticias.net\/deusimar\/wp-json\/wp\/v2\/posts\/1450","targetHints":{"allow":["GET"]}}],"collection":[{"href":"https:\/\/portaldenoticias.net\/deusimar\/wp-json\/wp\/v2\/posts"}],"about":[{"href":"https:\/\/portaldenoticias.net\/deusimar\/wp-json\/wp\/v2\/types\/post"}],"author":[{"embeddable":true,"href":"https:\/\/portaldenoticias.net\/deusimar\/wp-json\/wp\/v2\/users\/2"}],"replies":[{"embeddable":true,"href":"https:\/\/portaldenoticias.net\/deusimar\/wp-json\/wp\/v2\/comments?post=1450"}],"version-history":[{"count":0,"href":"https:\/\/portaldenoticias.net\/deusimar\/wp-json\/wp\/v2\/posts\/1450\/revisions"}],"wp:attachment":[{"href":"https:\/\/portaldenoticias.net\/deusimar\/wp-json\/wp\/v2\/media?parent=1450"}],"wp:term":[{"taxonomy":"category","embeddable":true,"href":"https:\/\/portaldenoticias.net\/deusimar\/wp-json\/wp\/v2\/categories?post=1450"},{"taxonomy":"post_tag","embeddable":true,"href":"https:\/\/portaldenoticias.net\/deusimar\/wp-json\/wp\/v2\/tags?post=1450"}],"curies":[{"name":"wp","href":"https:\/\/api.w.org\/{rel}","templated":true}]}}