{"id":1443,"date":"2015-03-19T20:54:58","date_gmt":"2015-03-19T23:54:58","guid":{"rendered":"http:\/\/www.portaldenoticias.net\/deusimar\/?p=1443"},"modified":"2015-03-19T20:54:58","modified_gmt":"2015-03-19T23:54:58","slug":"blog-do-deusimar-divulgando-e-compartilhando-as-principais-fotos-do-ato-de-inauguracao-da-fabrica-de-calcados-pelo-governador-de-nossa-linda-e-extensa-bahia","status":"publish","type":"post","link":"https:\/\/portaldenoticias.net\/deusimar\/blog-do-deusimar-divulgando-e-compartilhando-as-principais-fotos-do-ato-de-inauguracao-da-fabrica-de-calcados-pelo-governador-de-nossa-linda-e-extensa-bahia\/","title":{"rendered":"BLOG DO DEUSIMAR DIVULGANDO E COMPARTILHANDO AS PRINCIPAIS FOTOS DO ATO DE INAUGURA\u00c7\u00c3O DA F\u00c1BRICA DE CAL\u00c7ADOS PELO GOVERNADOR DE NOSSA LINDA E EXTENSA BAHIA."},"content":{"rendered":"<p><img loading=\"lazy\" decoding=\"async\" src=\"http:\/\/www.portaldenoticias.net\/deusimar\/wp-content\/uploads\/2015\/02\/RUI-COSTA-IMAGEM-GRANDE-DO-FACE..png\" alt=\"RUI COSTA IMAGEM GRANDE DO FACE.\" width=\"160\" height=\"160\" class=\"alignleft size-full wp-image-832\" srcset=\"https:\/\/portaldenoticias.net\/deusimar\/wp-content\/uploads\/2015\/02\/RUI-COSTA-IMAGEM-GRANDE-DO-FACE..png 160w, https:\/\/portaldenoticias.net\/deusimar\/wp-content\/uploads\/2015\/02\/RUI-COSTA-IMAGEM-GRANDE-DO-FACE.-150x150.png 150w\" sizes=\"auto, (max-width: 160px) 100vw, 160px\" \/><\/p>\n<p><img loading=\"lazy\" decoding=\"async\" src=\"http:\/\/www.portaldenoticias.net\/deusimar\/wp-content\/uploads\/2015\/03\/rui-e-sto-antonio-450x337.jpg\" alt=\"rui e sto antonio\" width=\"450\" height=\"337\" class=\"alignleft size-medium wp-image-1444\" srcset=\"https:\/\/portaldenoticias.net\/deusimar\/wp-content\/uploads\/2015\/03\/rui-e-sto-antonio-450x337.jpg 450w, https:\/\/portaldenoticias.net\/deusimar\/wp-content\/uploads\/2015\/03\/rui-e-sto-antonio-174x131.jpg 174w, https:\/\/portaldenoticias.net\/deusimar\/wp-content\/uploads\/2015\/03\/rui-e-sto-antonio-70x53.jpg 70w, https:\/\/portaldenoticias.net\/deusimar\/wp-content\/uploads\/2015\/03\/rui-e-sto-antonio.jpg 550w\" sizes=\"auto, (max-width: 450px) 100vw, 450px\" \/><br \/>\nRui Costa adicionou 13 novas fotos ao \u00e1lbum: Inaugura\u00e7\u00e3o de unidade fabril de cal\u00e7ados em Sto Ant\u00f4nio de Jesus.<br \/>\n6 h \u00b7<br \/>\nO setor cal\u00e7adista cresce na Bahia e n\u00f3s crescemos junto! Hoje tivemos mais uma conquista com a inaugura\u00e7\u00e3o da nova unidade fabril da Ramarim, que vai gerar cerca de 600 vagas diretas de emprego em Santo Ant\u00f4nio de Jesus e Rec\u00f4ncavo. F\u00e1bricas de cal\u00e7ados s\u00e3o empresas de m\u00e3o de obra intensiva que causam forte impacto econ\u00f4mico onde se instalam. O investimento \u00e9 baixo, mas a quantidade de pessoas empregadas \u00e9 alta. Este tipo de empreendimento interessa muito ao Estado da Bahia, porque gera emprego e renda nas nossas cidades e com\u00e9rcio.<br \/>\nFotos: Manu Dias\/GOVBA<\/p>\n<p><img loading=\"lazy\" decoding=\"async\" src=\"http:\/\/www.portaldenoticias.net\/deusimar\/wp-content\/uploads\/2015\/03\/GOVERNADOR-EM-SANTO-ANTONIO-450x297.jpg\" alt=\"GOVERNADOR EM SANTO ANTONIO\" width=\"450\" height=\"297\" class=\"alignleft size-medium wp-image-1447\" srcset=\"https:\/\/portaldenoticias.net\/deusimar\/wp-content\/uploads\/2015\/03\/GOVERNADOR-EM-SANTO-ANTONIO-450x297.jpg 450w, https:\/\/portaldenoticias.net\/deusimar\/wp-content\/uploads\/2015\/03\/GOVERNADOR-EM-SANTO-ANTONIO.jpg 598w\" sizes=\"auto, (max-width: 450px) 100vw, 450px\" \/><\/p>\n<p><img loading=\"lazy\" decoding=\"async\" src=\"http:\/\/www.portaldenoticias.net\/deusimar\/wp-content\/uploads\/2015\/03\/RUI-EM-SANTO-ANTONIO..jpg\" alt=\"RUI EM SANTO ANTONIO.\" width=\"280\" height=\"194\" class=\"alignleft size-full wp-image-1445\" \/><\/p>\n<p><img loading=\"lazy\" decoding=\"async\" src=\"http:\/\/www.portaldenoticias.net\/deusimar\/wp-content\/uploads\/2015\/03\/GOV-INAUGURA-FABRICA.jpg\" alt=\"GOV INAUGURA FABRICA\" width=\"280\" height=\"197\" class=\"alignleft size-full wp-image-1446\" \/><br \/>\n<img loading=\"lazy\" decoding=\"async\" src=\"http:\/\/www.portaldenoticias.net\/deusimar\/wp-content\/uploads\/2015\/03\/FABRICA-DE-CALCADOS-450x320.jpg\" alt=\"FABRICA DE CALCADOS\" width=\"450\" height=\"320\" class=\"alignleft size-medium wp-image-1448\" srcset=\"https:\/\/portaldenoticias.net\/deusimar\/wp-content\/uploads\/2015\/03\/FABRICA-DE-CALCADOS-450x320.jpg 450w, https:\/\/portaldenoticias.net\/deusimar\/wp-content\/uploads\/2015\/03\/FABRICA-DE-CALCADOS-640x455.jpg 640w, https:\/\/portaldenoticias.net\/deusimar\/wp-content\/uploads\/2015\/03\/FABRICA-DE-CALCADOS.jpg 960w\" sizes=\"auto, (max-width: 450px) 100vw, 450px\" \/><\/p>\n<p>COLABORA\u00c7\u00c3O E COMPLEMENTOS DOS:<br \/>\n<img loading=\"lazy\" decoding=\"async\" src=\"http:\/\/www.portaldenoticias.net\/deusimar\/wp-content\/uploads\/2015\/03\/CARTAO-DE-VISITA-DEUSIMAR1-450x250.jpg\" alt=\"CARTAO DE VISITA DEUSIMAR\" width=\"450\" height=\"250\" class=\"alignleft size-medium wp-image-1410\" srcset=\"https:\/\/portaldenoticias.net\/deusimar\/wp-content\/uploads\/2015\/03\/CARTAO-DE-VISITA-DEUSIMAR1-450x250.jpg 450w, https:\/\/portaldenoticias.net\/deusimar\/wp-content\/uploads\/2015\/03\/CARTAO-DE-VISITA-DEUSIMAR1-640x356.jpg 640w, https:\/\/portaldenoticias.net\/deusimar\/wp-content\/uploads\/2015\/03\/CARTAO-DE-VISITA-DEUSIMAR1.jpg 1062w\" sizes=\"auto, (max-width: 450px) 100vw, 450px\" \/><\/p>\n","protected":false},"excerpt":{"rendered":"<p>Rui Costa adicionou 13 novas fotos ao \u00e1lbum: Inaugura\u00e7\u00e3o de unidade fabril de cal\u00e7ados em Sto Ant\u00f4nio de Jesus. 6 h \u00b7 O setor cal\u00e7adista cresce na Bahia e n\u00f3s crescemos junto! Hoje tivemos mais uma conquista com a inaugura\u00e7\u00e3o da nova unidade fabril da Ramarim, que vai gerar cerca de 600 vagas diretas de [&hellip;]<\/p>\n","protected":false},"author":2,"featured_media":0,"comment_status":"open","ping_status":"open","sticky":false,"template":"","format":"standard","meta":{"footnotes":""},"categories":[1],"tags":[],"class_list":{"0":"post-1443","1":"post","2":"type-post","3":"status-publish","4":"format-standard","6":"category-destaques"},"_links":{"self":[{"href":"https:\/\/portaldenoticias.net\/deusimar\/wp-json\/wp\/v2\/posts\/1443","targetHints":{"allow":["GET"]}}],"collection":[{"href":"https:\/\/portaldenoticias.net\/deusimar\/wp-json\/wp\/v2\/posts"}],"about":[{"href":"https:\/\/portaldenoticias.net\/deusimar\/wp-json\/wp\/v2\/types\/post"}],"author":[{"embeddable":true,"href":"https:\/\/portaldenoticias.net\/deusimar\/wp-json\/wp\/v2\/users\/2"}],"replies":[{"embeddable":true,"href":"https:\/\/portaldenoticias.net\/deusimar\/wp-json\/wp\/v2\/comments?post=1443"}],"version-history":[{"count":0,"href":"https:\/\/portaldenoticias.net\/deusimar\/wp-json\/wp\/v2\/posts\/1443\/revisions"}],"wp:attachment":[{"href":"https:\/\/portaldenoticias.net\/deusimar\/wp-json\/wp\/v2\/media?parent=1443"}],"wp:term":[{"taxonomy":"category","embeddable":true,"href":"https:\/\/portaldenoticias.net\/deusimar\/wp-json\/wp\/v2\/categories?post=1443"},{"taxonomy":"post_tag","embeddable":true,"href":"https:\/\/portaldenoticias.net\/deusimar\/wp-json\/wp\/v2\/tags?post=1443"}],"curies":[{"name":"wp","href":"https:\/\/api.w.org\/{rel}","templated":true}]}}