{"id":1415,"date":"2015-03-19T00:29:28","date_gmt":"2015-03-19T03:29:28","guid":{"rendered":"http:\/\/www.portaldenoticias.net\/deusimar\/?p=1415"},"modified":"2015-03-19T00:52:30","modified_gmt":"2015-03-19T03:52:30","slug":"blogs-do-deusimar-no-vale-a-pena-reler-de-novo-complementando-e-divulgando-materia-de-interesse-da-agricultura-familiar","status":"publish","type":"post","link":"https:\/\/portaldenoticias.net\/deusimar\/blogs-do-deusimar-no-vale-a-pena-reler-de-novo-complementando-e-divulgando-materia-de-interesse-da-agricultura-familiar\/","title":{"rendered":"BLOGS DO DEUSIMAR NO VALE A PENA RELER DE NOVO,  COMPLEMENTANDO E DIVULGANDO MAT\u00c9RIA DE INTERESSE DA AGRICULTURA FAMILIAR."},"content":{"rendered":"<p><img loading=\"lazy\" decoding=\"async\" src=\"http:\/\/www.portaldenoticias.net\/deusimar\/wp-content\/uploads\/2015\/01\/IMAGEM-FACE-GRANDE-DEUSIMAR.jpg\" alt=\"IMAGEM FACE GRANDE DEUSIMAR\" width=\"259\" height=\"195\" class=\"alignleft size-full wp-image-55\" srcset=\"https:\/\/portaldenoticias.net\/deusimar\/wp-content\/uploads\/2015\/01\/IMAGEM-FACE-GRANDE-DEUSIMAR.jpg 259w, https:\/\/portaldenoticias.net\/deusimar\/wp-content\/uploads\/2015\/01\/IMAGEM-FACE-GRANDE-DEUSIMAR-174x131.jpg 174w, https:\/\/portaldenoticias.net\/deusimar\/wp-content\/uploads\/2015\/01\/IMAGEM-FACE-GRANDE-DEUSIMAR-70x53.jpg 70w\" sizes=\"auto, (max-width: 259px) 100vw, 259px\" \/><\/p>\n<p>BLOGS DEUSIMAR DAS ABELHAS COMPLEMENTANDO E DIVULGANDO MAT\u00c9RIA DE INTERESSE DA AGRICULTURA FAMILIAR.<\/p>\n<p>comments Comments (0) By deusimar, 27\/05\/2014 3:20 pm<br \/>\nOl\u00e1 leitores(as)  amigos(as) de nossos blogs!!<\/p>\n<p>Esta experi\u00eancia exitosa dos(as) agricultores(as) familiares da cidade de Apodi no Rio Grande do Norte, conforme mostra esta mat\u00e9ria exclusiva do EAD-SENAR-Servi\u00e7o Nacional de Aprendizagem Rural, ao longo de mais de dez anos vem sendo desenvolvida aqui em nossa hist\u00f3rica Micro Regi\u00e3o de Canudos. O casamento de sucesso entre os segmentos: ASSOCIATIVISMO e COOPERATIVISMO,resultou na constitui\u00e7\u00e3o da COOPERCUC ,  que vem  fazendo um brilhante trabalho na terra natal deste blogueiro de voc\u00eas, a sua, digo, a nossa Uau\u00e1.Aqui em nossa Monte Santo,apesar de n\u00e3o contar com a estrutura que tem Uau\u00e1, mas um pequeno grupo de agricultores(as) familiares(as) agrupados nas associa\u00e7\u00f5es comunit\u00e1rias das comunidades de: Riacho da On\u00e7a; Tapera; Lagoa do Saco;Gameleira; Lagoa Redonda, dentre outras,sob a orienta\u00e7\u00e3o da ARESOL-Associa\u00e7\u00e3o Regional da Economia Solid\u00e1ria,vem desenvolvendo este tipo de atividade no aproveitamento de poupas das frutas da regi\u00e3o . Como diz o velho e dito s\u00e1bio popular que,\u201d todo bom exemplo deve ser seguido e copiado\u201c, este blogueiro de voc\u00eas de  de 32 anos de extens\u00e3o rural, mais de 28 anos prestados aqui em nossa Monte Santo,ao lado de sua companheira do trabalho e do lar(Assun\u00e7\u00e3o Valdil\u00e9ia), enfim , de todos(as) da EBDA-Monte Santo, sempre contribuindo com a expans\u00e3o  e assessoramento do segmento ASSOCIATIVISMO, n\u00e3o entende e muito pouco compreende, porque as organiza\u00e7\u00f5es comunit\u00e1rias dos munic\u00edpios vizinhos de Uau\u00e1 com a COOPERCUC, n\u00e3o copiam esse bom exemplo.Al\u00e9m deste bom exemplo de sua, digo, nossa Uau\u00e1, contamos com outros exemplos exitosos aqui em nossa regi\u00e3o, como o  da CECOAPI-Centra de Cooperativas Ap\u00edcolas de nossa linda e extensa Bahia, com sede ali em Ribeira do Pombal, a COOPLEQ-Cooperativa dos Produtores de Leite, tamb\u00e9m, ali no distrito de Quic\u00e9-Sr.Bonfim,e daAPAEB, com sede no prospero munic\u00edpio de Valente.Um outro exemplo que este blogueiro de voc\u00eas n\u00e3o pode deixar de fora, \u00e9 o grupo proativo de apicultura do Vale do Cap\u00e3o na Chapada Diamantina, que vem fazendo a gest\u00e3o do projeto APIS -CHAPADA patrocinado pela PETROBR\u00c1S , sempre contando com o apoio do atual governo do Estado.<\/p>\n<p>Este blogueiro de voc\u00eas conhece de perto e est\u00e1 contando de certo, os resultados desses exemplos acima mencionados, que vem possibilitando ao povo desses munic\u00edpios melhores condi\u00e7\u00f5es de vida.<\/p>\n<p>Atentem bem\u2026 o atual governo do estado vem  apoiando bem esse bons exemplos que este blogueiro de voc\u00eas acaba de citar, porque o governador dar muito valor a quem faz as coisas  acontecerem.<\/p>\n<p>Tem sentido o que o DIVINO deixou escrito nas escrituras:\u201dFaz por te que te ajudarei\u201d.<\/p>\n<p>Gilberto Gil: \u201cO SERT\u00c3O \u00c9 COMO UMBU, DOCE QUANDO TEM QUE SER DOCE E AZEDO QUANDO TEM QUE SER AZEDO\u201d.<\/p>\n<p>\u201cNO SERT\u00c3O TEM DE TUDO, QUANDO FALTA  A  GENTE INVENTA\u201d-<\/p>\n<p>SLOGAN DA APAEB VALENTE,PLAGIADO POR ESTE MODESTO INVENTOR DEUSIMAR DAS ABELHAS.<\/p>\n<p>Aproveito o ensejo, para deixar aqui os sinceros agradecimentos ao brilhante extensionista Jos\u00e9 Raimundo Almeida de Araujo, chefe da EBDA de Cansan\u00e7\u00e3o, por ter enviado via e-mail,esta importante contribui\u00e7\u00e3o para a alimenta\u00e7\u00e3o de nossos blogs.<\/p>\n<p>Muito Obrigado!!<\/p>\n<p><img loading=\"lazy\" decoding=\"async\" src=\"http:\/\/www.portaldenoticias.net\/deusimar\/wp-content\/uploads\/2015\/03\/deusimar-e-esquerdinha.jpg\" alt=\"deusimar e esquerdinha\" width=\"300\" height=\"225\" class=\"alignleft size-full wp-image-1416\" srcset=\"https:\/\/portaldenoticias.net\/deusimar\/wp-content\/uploads\/2015\/03\/deusimar-e-esquerdinha.jpg 300w, https:\/\/portaldenoticias.net\/deusimar\/wp-content\/uploads\/2015\/03\/deusimar-e-esquerdinha-174x131.jpg 174w, https:\/\/portaldenoticias.net\/deusimar\/wp-content\/uploads\/2015\/03\/deusimar-e-esquerdinha-70x53.jpg 70w\" sizes=\"auto, (max-width: 300px) 100vw, 300px\" \/><\/p>\n<p>NOTE:Foto registrada nos est\u00fadios da Radio Jornal Grande Sert\u00e3o AM, na oportunidade da participa\u00e7\u00e3o de Z\u00e9 Esquerdinha concedendo uma entrevista sobre Cr\u00e9dito Rural-Opera\u00e7\u00e3o do PRONAF-Programa Nacional de Fortalecimento da Agricultura Familiar, no ex-programa de r\u00e1dio \u201cA VOZ DO CAMPO\u201d.<\/p>\n<p>CONTRIBUI\u00c7\u00c3O DE:<br \/>\nJos\u00e9 Deusimar Loiola Gon\u00e7alves <\/p>\n<p>Apicultor Meliponicultor,Diretor de Comunica\u00e7\u00e3o da FEBAMEL,,e P\u00f3s Graduado em Gest\u00e3o e Educa\u00e7\u00e3o Ambiental \u2013 EBDA Monte Santo<br \/>\n(75) 9131-0784\/ 9998-0025<\/p>\n<p>NOTE: LEIAM NA \u00cdNTEGRA ESTE BELO EXEMPLO DO EAD-SENAR-SERVI\u00c7O NACIONAL DE APRENDIZAGEM RURAL DO ESTADO DO RIO GRANDE DO NORTE MELHORANDO SIGNIFICATIVAMENTE AS CONDI\u00c7\u00d5ES DE VIDA DOS(AS) AGRICULTORES(AS) FAMILIARES DA COMUNIDADE DE S\u00cdTIO DO C\u00d3RREGO-APODI-RIO GRANDE DO NORTE. <\/p>\n<p>Qualifica\u00e7\u00e3o profissional<\/p>\n<p>Agricultores t\u00eam nova perspectiva <\/p>\n<p>Tribuna do Norte \u2013 Sandra Monteiro<\/p>\n<p>O aproveitamento de frutas t\u00edpicas da regi\u00e3o por meio de m\u00e9todos de processamento est\u00e1 ajudando moradores do S\u00edtio C\u00f3rrego, zona rural de Apodi, a encontrarem na agricultura familiar, uma alternativa para melhor conviver com o semi-\u00e1rido. Um total de 40 agricultores que participaram de capacita\u00e7\u00e3o em processamento e manipula\u00e7\u00e3o segura de alimentos, enxerga novas possibilidades a partir da fabrica\u00e7\u00e3o de produtos derivados das frutas. Al\u00e9m de gerar renda, a a\u00e7\u00e3o ataca o desperd\u00edcio dos frutos, problema antigo vivenciado pela comunidade.<\/p>\n<p>A capacita\u00e7\u00e3o, desenvolvida pela Embrapa Agroind\u00fastria Tropical, do Cear\u00e1 em parceria com o Sebrae no Rio Grande do Norte est\u00e1 inserida no Projeto \u201cUso da Tecnologia da extra\u00e7\u00e3o a vapor para a produ\u00e7\u00e3o de sucos de frutas produzidos no sert\u00e3o do Apodi\u201d, da Universidade do Estado do Rio Grande do Norte (Uern). O projeto de extens\u00e3o, de autoria do professor Vin\u00edcius Claudino e vencedor do Pr\u00eamio Santander \u2013 Universidade Solid\u00e1ria, conta com o apoio de parceiros como a Cooperativa dos Agricultores Familiares do Rio Grande do Norte (Coafarn), Funda\u00e7\u00e3o Banco do Brasil e Cooperativa dos Agricultores de Apodi (Coopapi).<\/p>\n<p>O agricultor Evanilson da Silva \u00e9 um dos mais empolgados com os novos conhecimentos adquiridos durante a consultoria. Acostumado a lidar apenas com a colheita do caju, ele acredita em uma realidade diferente a partir de agora. \u201cTudo aqui est\u00e1 sendo muito proveitoso. Aprendi muito e quero colocar tudo em pr\u00e1tica, para ter uma renda mais fixa. Al\u00e9m disso, a gente ganha e ainda evita o desperd\u00edcio\u201d, enfatiza.<\/p>\n<p>Produtos<\/p>\n<p>Durante a capacita\u00e7\u00e3o, que aconteceu ao longo de toda esta semana, foram produzidos diversos produtos \u00e0 base de cajarana, manga, goiaba, abacaxi, banana e caju. Frutas que, na maioria das vezes era desperdi\u00e7ada ou servia apenas como alimenta\u00e7\u00e3o animal agora s\u00e3o mat\u00e9rias primas para o preparo de alimentos saborosos e ricos em nutrientes.<\/p>\n<p>\u201cTrabalhamos, de forma experimental, uma quantidade razo\u00e1vel de produtos, que poder\u00e3o ser aproveitadas futuramente pelos agricultores para obter renda. S\u00e3o t\u00e9cnicas de processamento que garantem a produ\u00e7\u00e3o de alimentos seguros e de qualidade a partir do aproveitamento das frutas\u201d, explica Calixto Lima, pesquisador da Embrapa Agroind\u00fastria Tropical.<\/p>\n<p>A partir do processamento, tomates foram secos, transformados em conservas e em molho. As frutas s\u00e3o apresentadas em uma grande quantidade de alimentos derivados, como gel\u00e9ias, compotas e frutas desidratadas. At\u00e9 as sementes de goiaba foram utilizadas para a fabrica\u00e7\u00e3o de uma esp\u00e9cie de farinha, rica em c\u00e1lcio e minerais.<\/p>\n<p>Tudo aqui est\u00e1 sendo muito proveitoso. Aprendi muito e quero colocar tudo em pr\u00e1tica, para ter uma renda mais fixa. Al\u00e9m disso, a gente ganha e ainda evita o desperd\u00edcio<\/p>\n<p>\u201cAo longo de todo o processo vamos oferecer capacita\u00e7\u00e3o na \u00e1rea de gest\u00e3o e produ\u00e7\u00e3o, de modo que os agricultores promovam sempre melhorias nos produtos e gerenciamento do neg\u00f3cio\u201d, afirma o gestor de Fruticultura do Sebrae-RN, Franco Marinho.<\/p>\n<p>Publicado em: 25\/05\/2014.<\/p>\n<p>CONTRIBUI\u00c7\u00c3O DO CHEFE DA EBDA DE CANSAN\u00c7\u00c3O JOS\u00c9 RAIMUNDO ALMEIDA DE ARAUJO-\u201dZ\u00c9 ESQUERDINHA\u201d<\/p>\n<p>COLABORA\u00c7\u00c3O E COMPLEMENTOS DOS:<br \/>\n<img loading=\"lazy\" decoding=\"async\" src=\"http:\/\/www.portaldenoticias.net\/deusimar\/wp-content\/uploads\/2015\/03\/CARTAO-DE-VISITA-DEUSIMAR1-450x250.jpg\" alt=\"CARTAO DE VISITA DEUSIMAR\" width=\"450\" height=\"250\" class=\"alignleft size-medium wp-image-1410\" srcset=\"https:\/\/portaldenoticias.net\/deusimar\/wp-content\/uploads\/2015\/03\/CARTAO-DE-VISITA-DEUSIMAR1-450x250.jpg 450w, https:\/\/portaldenoticias.net\/deusimar\/wp-content\/uploads\/2015\/03\/CARTAO-DE-VISITA-DEUSIMAR1-640x356.jpg 640w, https:\/\/portaldenoticias.net\/deusimar\/wp-content\/uploads\/2015\/03\/CARTAO-DE-VISITA-DEUSIMAR1.jpg 1062w\" sizes=\"auto, (max-width: 450px) 100vw, 450px\" \/><\/p>\n","protected":false},"excerpt":{"rendered":"<p>BLOGS DEUSIMAR DAS ABELHAS COMPLEMENTANDO E DIVULGANDO MAT\u00c9RIA DE INTERESSE DA AGRICULTURA FAMILIAR. comments Comments (0) By deusimar, 27\/05\/2014 3:20 pm Ol\u00e1 leitores(as) amigos(as) de nossos blogs!! Esta experi\u00eancia exitosa dos(as) agricultores(as) familiares da cidade de Apodi no Rio Grande do Norte, conforme mostra esta mat\u00e9ria exclusiva do EAD-SENAR-Servi\u00e7o Nacional de Aprendizagem Rural, ao longo [&hellip;]<\/p>\n","protected":false},"author":2,"featured_media":0,"comment_status":"open","ping_status":"open","sticky":false,"template":"","format":"standard","meta":{"footnotes":""},"categories":[1],"tags":[],"class_list":{"0":"post-1415","1":"post","2":"type-post","3":"status-publish","4":"format-standard","6":"category-destaques"},"_links":{"self":[{"href":"https:\/\/portaldenoticias.net\/deusimar\/wp-json\/wp\/v2\/posts\/1415","targetHints":{"allow":["GET"]}}],"collection":[{"href":"https:\/\/portaldenoticias.net\/deusimar\/wp-json\/wp\/v2\/posts"}],"about":[{"href":"https:\/\/portaldenoticias.net\/deusimar\/wp-json\/wp\/v2\/types\/post"}],"author":[{"embeddable":true,"href":"https:\/\/portaldenoticias.net\/deusimar\/wp-json\/wp\/v2\/users\/2"}],"replies":[{"embeddable":true,"href":"https:\/\/portaldenoticias.net\/deusimar\/wp-json\/wp\/v2\/comments?post=1415"}],"version-history":[{"count":0,"href":"https:\/\/portaldenoticias.net\/deusimar\/wp-json\/wp\/v2\/posts\/1415\/revisions"}],"wp:attachment":[{"href":"https:\/\/portaldenoticias.net\/deusimar\/wp-json\/wp\/v2\/media?parent=1415"}],"wp:term":[{"taxonomy":"category","embeddable":true,"href":"https:\/\/portaldenoticias.net\/deusimar\/wp-json\/wp\/v2\/categories?post=1415"},{"taxonomy":"post_tag","embeddable":true,"href":"https:\/\/portaldenoticias.net\/deusimar\/wp-json\/wp\/v2\/tags?post=1415"}],"curies":[{"name":"wp","href":"https:\/\/api.w.org\/{rel}","templated":true}]}}