{"id":1389,"date":"2015-03-18T19:13:06","date_gmt":"2015-03-18T22:13:06","guid":{"rendered":"http:\/\/www.portaldenoticias.net\/deusimar\/?p=1389"},"modified":"2015-03-18T19:28:33","modified_gmt":"2015-03-18T22:28:33","slug":"governador-cumpre-agenda-do-dia-de-amanha19-dia-de-sao-jose-inaugurando-fabrica-de-calcadas-em-santo-antonio-de-jesus","status":"publish","type":"post","link":"https:\/\/portaldenoticias.net\/deusimar\/governador-cumpre-agenda-do-dia-de-amanha19-dia-de-sao-jose-inaugurando-fabrica-de-calcadas-em-santo-antonio-de-jesus\/","title":{"rendered":"GOVERNADOR CUMPRE AGENDA  AMANH\u00c3(19), DIA DE S\u00c3O JOS\u00c9 INAUGURANDO F\u00c1BRICA DE CAL\u00c7ADOS EM SANTO ANTONIO DE JESUS."},"content":{"rendered":"<p><img loading=\"lazy\" decoding=\"async\" src=\"http:\/\/www.portaldenoticias.net\/deusimar\/wp-content\/uploads\/2015\/02\/RUI-COSTA-IMAGEM-GRANDE-DO-FACE..png\" alt=\"RUI COSTA IMAGEM GRANDE DO FACE.\" width=\"160\" height=\"160\" class=\"alignleft size-full wp-image-832\" srcset=\"https:\/\/portaldenoticias.net\/deusimar\/wp-content\/uploads\/2015\/02\/RUI-COSTA-IMAGEM-GRANDE-DO-FACE..png 160w, https:\/\/portaldenoticias.net\/deusimar\/wp-content\/uploads\/2015\/02\/RUI-COSTA-IMAGEM-GRANDE-DO-FACE.-150x150.png 150w\" sizes=\"auto, (max-width: 160px) 100vw, 160px\" \/><\/p>\n<p><img loading=\"lazy\" decoding=\"async\" src=\"http:\/\/www.portaldenoticias.net\/deusimar\/wp-content\/uploads\/2015\/03\/FABRICA-RAMARIM.jpg\" alt=\"FABRICA RAMARIM\" width=\"275\" height=\"183\" class=\"alignleft size-full wp-image-1390\" \/><br \/>\nRui Costa<br \/>\n48 min \u00b7<br \/>\nEu costumo dizer que Governo se faz pr\u00f3ximo das pessoas, na estrada, n\u00e3o no Gabinete. E assim eu procuro fazer a minha gest\u00e3o, com visitas regulares \u00e0s cidades do interior da Bahia. Amanh\u00e3 n\u00e3o ser\u00e1 diferente. O destino \u00e9 Santo Ant\u00f4nio de Jesus, no Rec\u00f4ncavo Baiano, onde inauguro a Unidade Fabril da Cal\u00e7ados Ramarim. Depois, reservei um tempo na agenda para fazer visitas do \u202a#\u200ePactoPelaEduca\u00e7\u00e3o\u202c, no Col\u00e9gio Florentino Firmino de Almeida e na Escola Municipal Luis Eduardo Magalh\u00e3es. Depois, visito tamb\u00e9m o Hospital Regional Santo Ant\u00f4nio de Jesus. \u202a#\u200ePartiuSantoAnt\u00f4nioDeJesus\u202c<\/p>\n<p>COLABORA\u00c7\u00c3O E COMPLEMENTOS DOS:<br \/>\n<img loading=\"lazy\" decoding=\"async\" src=\"http:\/\/www.portaldenoticias.net\/deusimar\/wp-content\/uploads\/2015\/03\/CARTAO-DE-VISITA-DEUSIMAR-DAS-ABELHAS.-450x250.jpg\" alt=\"CARTAO DE VISITA-DEUSIMAR DAS ABELHAS.\" width=\"450\" height=\"250\" class=\"alignleft size-medium wp-image-1342\" srcset=\"https:\/\/portaldenoticias.net\/deusimar\/wp-content\/uploads\/2015\/03\/CARTAO-DE-VISITA-DEUSIMAR-DAS-ABELHAS.-450x250.jpg 450w, https:\/\/portaldenoticias.net\/deusimar\/wp-content\/uploads\/2015\/03\/CARTAO-DE-VISITA-DEUSIMAR-DAS-ABELHAS.-640x356.jpg 640w, https:\/\/portaldenoticias.net\/deusimar\/wp-content\/uploads\/2015\/03\/CARTAO-DE-VISITA-DEUSIMAR-DAS-ABELHAS..jpg 1062w\" sizes=\"auto, (max-width: 450px) 100vw, 450px\" \/><\/p>\n","protected":false},"excerpt":{"rendered":"<p>Rui Costa 48 min \u00b7 Eu costumo dizer que Governo se faz pr\u00f3ximo das pessoas, na estrada, n\u00e3o no Gabinete. E assim eu procuro fazer a minha gest\u00e3o, com visitas regulares \u00e0s cidades do interior da Bahia. Amanh\u00e3 n\u00e3o ser\u00e1 diferente. O destino \u00e9 Santo Ant\u00f4nio de Jesus, no Rec\u00f4ncavo Baiano, onde inauguro a Unidade [&hellip;]<\/p>\n","protected":false},"author":2,"featured_media":0,"comment_status":"open","ping_status":"open","sticky":false,"template":"","format":"standard","meta":{"footnotes":""},"categories":[1],"tags":[],"class_list":{"0":"post-1389","1":"post","2":"type-post","3":"status-publish","4":"format-standard","6":"category-destaques"},"_links":{"self":[{"href":"https:\/\/portaldenoticias.net\/deusimar\/wp-json\/wp\/v2\/posts\/1389","targetHints":{"allow":["GET"]}}],"collection":[{"href":"https:\/\/portaldenoticias.net\/deusimar\/wp-json\/wp\/v2\/posts"}],"about":[{"href":"https:\/\/portaldenoticias.net\/deusimar\/wp-json\/wp\/v2\/types\/post"}],"author":[{"embeddable":true,"href":"https:\/\/portaldenoticias.net\/deusimar\/wp-json\/wp\/v2\/users\/2"}],"replies":[{"embeddable":true,"href":"https:\/\/portaldenoticias.net\/deusimar\/wp-json\/wp\/v2\/comments?post=1389"}],"version-history":[{"count":0,"href":"https:\/\/portaldenoticias.net\/deusimar\/wp-json\/wp\/v2\/posts\/1389\/revisions"}],"wp:attachment":[{"href":"https:\/\/portaldenoticias.net\/deusimar\/wp-json\/wp\/v2\/media?parent=1389"}],"wp:term":[{"taxonomy":"category","embeddable":true,"href":"https:\/\/portaldenoticias.net\/deusimar\/wp-json\/wp\/v2\/categories?post=1389"},{"taxonomy":"post_tag","embeddable":true,"href":"https:\/\/portaldenoticias.net\/deusimar\/wp-json\/wp\/v2\/tags?post=1389"}],"curies":[{"name":"wp","href":"https:\/\/api.w.org\/{rel}","templated":true}]}}