{"id":1379,"date":"2015-03-18T18:28:46","date_gmt":"2015-03-18T21:28:46","guid":{"rendered":"http:\/\/www.portaldenoticias.net\/deusimar\/?p=1379"},"modified":"2015-03-18T18:28:46","modified_gmt":"2015-03-18T21:28:46","slug":"blog-do-deusimar-publicando-caso-inedito-indiano-chega-aos-179-anos-de-vida-acredite-se-quiser","status":"publish","type":"post","link":"https:\/\/portaldenoticias.net\/deusimar\/blog-do-deusimar-publicando-caso-inedito-indiano-chega-aos-179-anos-de-vida-acredite-se-quiser\/","title":{"rendered":"BLOG DO DEUSIMAR PUBLICANDO CASO IN\u00c9DITO: INDIANO CHEGA AOS 179 ANOS DE VIDA\u2026.ACREDITE\u2026 SE QUISER.."},"content":{"rendered":"<p><img loading=\"lazy\" decoding=\"async\" src=\"http:\/\/www.portaldenoticias.net\/deusimar\/wp-content\/uploads\/2015\/03\/indiano-de-179-anos-450x237.jpg\" alt=\"indiano de 179 anos\" width=\"450\" height=\"237\" class=\"alignleft size-medium wp-image-1380\" srcset=\"https:\/\/portaldenoticias.net\/deusimar\/wp-content\/uploads\/2015\/03\/indiano-de-179-anos-450x237.jpg 450w, https:\/\/portaldenoticias.net\/deusimar\/wp-content\/uploads\/2015\/03\/indiano-de-179-anos.jpg 475w\" sizes=\"auto, (max-width: 450px) 100vw, 450px\" \/><br \/>\nINDIANO CHEGA AOS 179 ANOS DE VIDA\u2026.ACREDITE\u2026 SE QUISER..<\/p>\n<p>\u201cA morte esqueceu de mim\u201d, diz indiano de 179 anos<br \/>\n\u201cMeus bisnetos j\u00e1 morreram h\u00e1 anos. De algum modo, a morte esqueceu de mim.\u201d<\/p>\n<p>Indiano 179 Anos<\/p>\n<p>O sapateiro indiano Mahashta M\u00fbrasi alega ter nascido em Janeiro de 1835, o que faz dele n\u00e3o s\u00f3 o ser humano mais velho do mundo, mas tamb\u00e9m o homem que mais anos viveu em toda hist\u00f3ria humana, de acordo com o Guinness World Records.<\/p>\n<p>Autoridades indianas dizem que o homem nasceu numa casa em Bangalore no dia 6 de Janeiro de 1835. A partir de 1903 passou a viver em Varanasi onde trabalhou at\u00e9 1957, at\u00e9 que se aposentou aos 122 anos.<\/p>\n<p>\u201cEstou vivo h\u00e1 tanto tempo que os meus bisnetos j\u00e1 morreram h\u00e1 anos\u201d, explicou M\u00fbrasi. \u201cDe algum modo, a Morte esqueceu de mim. E agora j\u00e1 n\u00e3o tenho esperan\u00e7a. Ao olhar para as estat\u00edsticas, ningu\u00e9m morre com mais de 150 anos, muito menos com mais de 170. Neste ponto acho que sou imortal ou algo assim\u201d, considerou.<\/p>\n<p>Segundo o WorldNewsDailyReport.com, todos os documentos de identifica\u00e7\u00e3o do homem confirmam a sua vers\u00e3o, mas at\u00e9 ao momento, nenhum exame m\u00e9dico confirmou a veracidade da sua alega\u00e7\u00e3o. O \u00faltimo profissional de sa\u00fade que M\u00fbrasi visitou morreu em 1971, de modo que s\u00e3o escassas as informa\u00e7\u00f5es sobre o seu hist\u00f3rico m\u00e9dico.<\/p>\n<p>FONTE DA MAT\u00c9RIA: JORNAL  VDD<\/p>\n<p>COLABORA\u00c7\u00c3O DOS:<br \/>\n<img loading=\"lazy\" decoding=\"async\" src=\"http:\/\/www.portaldenoticias.net\/deusimar\/wp-content\/uploads\/2015\/03\/CARTAO-DE-VISITA-DEUSIMAR-DAS-ABELHAS.-450x250.jpg\" alt=\"CARTAO DE VISITA-DEUSIMAR DAS ABELHAS.\" width=\"450\" height=\"250\" class=\"alignleft size-medium wp-image-1342\" srcset=\"https:\/\/portaldenoticias.net\/deusimar\/wp-content\/uploads\/2015\/03\/CARTAO-DE-VISITA-DEUSIMAR-DAS-ABELHAS.-450x250.jpg 450w, https:\/\/portaldenoticias.net\/deusimar\/wp-content\/uploads\/2015\/03\/CARTAO-DE-VISITA-DEUSIMAR-DAS-ABELHAS.-640x356.jpg 640w, https:\/\/portaldenoticias.net\/deusimar\/wp-content\/uploads\/2015\/03\/CARTAO-DE-VISITA-DEUSIMAR-DAS-ABELHAS..jpg 1062w\" sizes=\"auto, (max-width: 450px) 100vw, 450px\" \/><\/p>\n","protected":false},"excerpt":{"rendered":"<p>INDIANO CHEGA AOS 179 ANOS DE VIDA\u2026.ACREDITE\u2026 SE QUISER.. \u201cA morte esqueceu de mim\u201d, diz indiano de 179 anos \u201cMeus bisnetos j\u00e1 morreram h\u00e1 anos. De algum modo, a morte esqueceu de mim.\u201d Indiano 179 Anos O sapateiro indiano Mahashta M\u00fbrasi alega ter nascido em Janeiro de 1835, o que faz dele n\u00e3o s\u00f3 o [&hellip;]<\/p>\n","protected":false},"author":2,"featured_media":0,"comment_status":"open","ping_status":"open","sticky":false,"template":"","format":"standard","meta":{"footnotes":""},"categories":[1],"tags":[],"class_list":{"0":"post-1379","1":"post","2":"type-post","3":"status-publish","4":"format-standard","6":"category-destaques"},"_links":{"self":[{"href":"https:\/\/portaldenoticias.net\/deusimar\/wp-json\/wp\/v2\/posts\/1379","targetHints":{"allow":["GET"]}}],"collection":[{"href":"https:\/\/portaldenoticias.net\/deusimar\/wp-json\/wp\/v2\/posts"}],"about":[{"href":"https:\/\/portaldenoticias.net\/deusimar\/wp-json\/wp\/v2\/types\/post"}],"author":[{"embeddable":true,"href":"https:\/\/portaldenoticias.net\/deusimar\/wp-json\/wp\/v2\/users\/2"}],"replies":[{"embeddable":true,"href":"https:\/\/portaldenoticias.net\/deusimar\/wp-json\/wp\/v2\/comments?post=1379"}],"version-history":[{"count":0,"href":"https:\/\/portaldenoticias.net\/deusimar\/wp-json\/wp\/v2\/posts\/1379\/revisions"}],"wp:attachment":[{"href":"https:\/\/portaldenoticias.net\/deusimar\/wp-json\/wp\/v2\/media?parent=1379"}],"wp:term":[{"taxonomy":"category","embeddable":true,"href":"https:\/\/portaldenoticias.net\/deusimar\/wp-json\/wp\/v2\/categories?post=1379"},{"taxonomy":"post_tag","embeddable":true,"href":"https:\/\/portaldenoticias.net\/deusimar\/wp-json\/wp\/v2\/tags?post=1379"}],"curies":[{"name":"wp","href":"https:\/\/api.w.org\/{rel}","templated":true}]}}