{"id":1369,"date":"2015-03-18T17:33:46","date_gmt":"2015-03-18T20:33:46","guid":{"rendered":"http:\/\/www.portaldenoticias.net\/deusimar\/?p=1369"},"modified":"2015-03-18T17:39:29","modified_gmt":"2015-03-18T20:39:29","slug":"blog-do-deusimar-apresentando-uma-das-materias-do-vale-a-pena-a-ver-de-novo-do-face-do-governador-de-nossa-linda-e-extensa-bahia","status":"publish","type":"post","link":"https:\/\/portaldenoticias.net\/deusimar\/blog-do-deusimar-apresentando-uma-das-materias-do-vale-a-pena-a-ver-de-novo-do-face-do-governador-de-nossa-linda-e-extensa-bahia\/","title":{"rendered":"BLOG DO DEUSIMAR APRESENTANDO UMA DAS MAT\u00c9RIAS DO VALE A PENA  RELER DE NOVO DO FACE DO GOVERNADOR DE NOSSA LINDA E EXTENSA BAHIA."},"content":{"rendered":"<p><img loading=\"lazy\" decoding=\"async\" src=\"http:\/\/www.portaldenoticias.net\/deusimar\/wp-content\/uploads\/2015\/02\/RUI-COSTA-IMAGEM-GRANDE-DO-FACE..png\" alt=\"RUI COSTA IMAGEM GRANDE DO FACE.\" width=\"160\" height=\"160\" class=\"alignleft size-full wp-image-832\" srcset=\"https:\/\/portaldenoticias.net\/deusimar\/wp-content\/uploads\/2015\/02\/RUI-COSTA-IMAGEM-GRANDE-DO-FACE..png 160w, https:\/\/portaldenoticias.net\/deusimar\/wp-content\/uploads\/2015\/02\/RUI-COSTA-IMAGEM-GRANDE-DO-FACE.-150x150.png 150w\" sizes=\"auto, (max-width: 160px) 100vw, 160px\" \/><br \/>\n<img loading=\"lazy\" decoding=\"async\" src=\"http:\/\/www.portaldenoticias.net\/deusimar\/wp-content\/uploads\/2015\/03\/VALE-A-PENA-RELER.jpg\" alt=\"VALE A PENA RELER\" width=\"277\" height=\"182\" class=\"alignleft size-full wp-image-1375\" \/><br \/>\nRui Costa<br \/>\n29 de dezembro de 2013 \u00b7<br \/>\nNos despedimos de 2013 com a satisfa\u00e7\u00e3o de ter entregado \u00e0 popula\u00e7\u00e3o um dos maiores benef\u00edcios j\u00e1 feitos pela mobilidade urbana em Salvador: a Via Expressa Ba\u00eda de Todos-os-Santos. No ano que se inicia, o governo estadual vai realizar a\u00e7\u00f5es que trar\u00e3o uma nova realidade para os soteropolitanos que se locomovem, diariamente, por essa bela cidade. V\u00e3o somar-se \u00e0 Via Expressa, a linha 1 do metr\u00f4, que tem previs\u00e3o de come\u00e7ar a sua opera\u00e7\u00e3o assistida no m\u00eas de junho, e os viadutos de Narandiba e Imbu\u00ed, que j\u00e1 est\u00e3o com 50% das obras prontas e logo v\u00e3o ajudar a desafogar o tr\u00e2nsito na Paralela.<br \/>\nOutra interven\u00e7\u00e3o que vai contribuir para uma melhor mobilidade urbana em 2014 \u00e9 a duplica\u00e7\u00e3o da Avenida Pinto de Aguiar, que interliga a Avenida Paralela \u00e0 Orla. Com a duplica\u00e7\u00e3o, a via passar\u00e1 a ter seis pistas de tr\u00e1fego, ciclovia e passeios. A obra vai formar uma via alimentadora, que poder\u00e1 fazer parte de um verdadeiro corredor de transporte de alta capacidade at\u00e9 a Esta\u00e7\u00e3o Piraj\u00e1, passando pela Avenida Gal Costa, que tamb\u00e9m ser\u00e1 duplicada. Ainda duplicaremos a Orlando Gomes e vamos construir a 29 de Mar\u00e7o. Nosso governo seguir\u00e1 trabalhando para que, no ano de 2014, Salvador possa fluir melhor.<br \/>\n<img loading=\"lazy\" decoding=\"async\" src=\"http:\/\/www.portaldenoticias.net\/deusimar\/wp-content\/uploads\/2015\/03\/VALE-A-PENA-VER-DE-NOVO.1-450x285.png\" alt=\"VALE A PENA VER DE NOVO.\" width=\"450\" height=\"285\" class=\"alignleft size-medium wp-image-1371\" srcset=\"https:\/\/portaldenoticias.net\/deusimar\/wp-content\/uploads\/2015\/03\/VALE-A-PENA-VER-DE-NOVO.1-450x285.png 450w, https:\/\/portaldenoticias.net\/deusimar\/wp-content\/uploads\/2015\/03\/VALE-A-PENA-VER-DE-NOVO.1.png 600w\" sizes=\"auto, (max-width: 450px) 100vw, 450px\" \/><\/p>\n<p>NOTE: para continuar a aprecia\u00e7\u00e3o dos demais posts no VALE A PENA RELER DE NOVO do GOVERNADOR, basta procurar no face do mesmo.<\/p>\n<p>Muito Obrigado!<br \/>\nCONTRIBUI\u00c7\u00c3O DE:<br \/>\nJos\u00e9 Deusimar Loiola Gon\u00e7alves<br \/>\nApicultor Meliponicultor,Diretor de Comunica\u00e7\u00e3o da FEBAMEL,,e P\u00f3s Graduado em Gest\u00e3o e Educa\u00e7\u00e3o Ambiental &#8211; EBDA Monte Santo<br \/>\n(75) 9131-0784\/ 9998-0025<\/p>\n<p>COLABORA\u00c7\u00c3O E COMPLEMENTOS DOS:<br \/>\n<img loading=\"lazy\" decoding=\"async\" src=\"http:\/\/www.portaldenoticias.net\/deusimar\/wp-content\/uploads\/2015\/02\/CARTAO-DE-VISITA-AMPLIADO-DE-DEUSIMAR1-450x250.jpg\" alt=\"CARTAO DE VISITA AMPLIADO DE DEUSIMAR\" width=\"450\" height=\"250\" class=\"alignleft size-medium wp-image-591\" srcset=\"https:\/\/portaldenoticias.net\/deusimar\/wp-content\/uploads\/2015\/02\/CARTAO-DE-VISITA-AMPLIADO-DE-DEUSIMAR1-450x250.jpg 450w, https:\/\/portaldenoticias.net\/deusimar\/wp-content\/uploads\/2015\/02\/CARTAO-DE-VISITA-AMPLIADO-DE-DEUSIMAR1-640x356.jpg 640w, https:\/\/portaldenoticias.net\/deusimar\/wp-content\/uploads\/2015\/02\/CARTAO-DE-VISITA-AMPLIADO-DE-DEUSIMAR1.jpg 1062w\" sizes=\"auto, (max-width: 450px) 100vw, 450px\" \/><\/p>\n","protected":false},"excerpt":{"rendered":"<p>Rui Costa 29 de dezembro de 2013 \u00b7 Nos despedimos de 2013 com a satisfa\u00e7\u00e3o de ter entregado \u00e0 popula\u00e7\u00e3o um dos maiores benef\u00edcios j\u00e1 feitos pela mobilidade urbana em Salvador: a Via Expressa Ba\u00eda de Todos-os-Santos. No ano que se inicia, o governo estadual vai realizar a\u00e7\u00f5es que trar\u00e3o uma nova realidade para os [&hellip;]<\/p>\n","protected":false},"author":2,"featured_media":0,"comment_status":"open","ping_status":"open","sticky":false,"template":"","format":"standard","meta":{"footnotes":""},"categories":[1],"tags":[],"class_list":{"0":"post-1369","1":"post","2":"type-post","3":"status-publish","4":"format-standard","6":"category-destaques"},"_links":{"self":[{"href":"https:\/\/portaldenoticias.net\/deusimar\/wp-json\/wp\/v2\/posts\/1369","targetHints":{"allow":["GET"]}}],"collection":[{"href":"https:\/\/portaldenoticias.net\/deusimar\/wp-json\/wp\/v2\/posts"}],"about":[{"href":"https:\/\/portaldenoticias.net\/deusimar\/wp-json\/wp\/v2\/types\/post"}],"author":[{"embeddable":true,"href":"https:\/\/portaldenoticias.net\/deusimar\/wp-json\/wp\/v2\/users\/2"}],"replies":[{"embeddable":true,"href":"https:\/\/portaldenoticias.net\/deusimar\/wp-json\/wp\/v2\/comments?post=1369"}],"version-history":[{"count":0,"href":"https:\/\/portaldenoticias.net\/deusimar\/wp-json\/wp\/v2\/posts\/1369\/revisions"}],"wp:attachment":[{"href":"https:\/\/portaldenoticias.net\/deusimar\/wp-json\/wp\/v2\/media?parent=1369"}],"wp:term":[{"taxonomy":"category","embeddable":true,"href":"https:\/\/portaldenoticias.net\/deusimar\/wp-json\/wp\/v2\/categories?post=1369"},{"taxonomy":"post_tag","embeddable":true,"href":"https:\/\/portaldenoticias.net\/deusimar\/wp-json\/wp\/v2\/tags?post=1369"}],"curies":[{"name":"wp","href":"https:\/\/api.w.org\/{rel}","templated":true}]}}