{"id":1356,"date":"2015-03-17T23:08:50","date_gmt":"2015-03-18T02:08:50","guid":{"rendered":"http:\/\/www.portaldenoticias.net\/deusimar\/?p=1356"},"modified":"2015-03-17T23:11:23","modified_gmt":"2015-03-18T02:11:23","slug":"governador-se-reuniu-no-dia-de-hoje17-com-liderancas-do-mst-e-prometeu-solucoes-para-os-diversos-problemas-dos-assentamentos-de-nossa-linda-e-extensa-bahia","status":"publish","type":"post","link":"https:\/\/portaldenoticias.net\/deusimar\/governador-se-reuniu-no-dia-de-hoje17-com-liderancas-do-mst-e-prometeu-solucoes-para-os-diversos-problemas-dos-assentamentos-de-nossa-linda-e-extensa-bahia\/","title":{"rendered":"GOVERNADOR SE REUNIU NO DIA DE HOJE(17) COM LIDERAN\u00c7AS DO MST E APRESENTOU ALTERNATIVAS PARA RESOLVER OS DIVERSOS PROBLEMAS DOS ASSENTAMENTOS DE NOSSA LINDA E EXTENSA BAHIA."},"content":{"rendered":"<p><img loading=\"lazy\" decoding=\"async\" src=\"http:\/\/www.portaldenoticias.net\/deusimar\/wp-content\/uploads\/2015\/02\/RUI-COSTA-IMAGEM-GRANDE-DO-FACE..png\" alt=\"RUI COSTA IMAGEM GRANDE DO FACE.\" width=\"160\" height=\"160\" class=\"alignleft size-full wp-image-832\" srcset=\"https:\/\/portaldenoticias.net\/deusimar\/wp-content\/uploads\/2015\/02\/RUI-COSTA-IMAGEM-GRANDE-DO-FACE..png 160w, https:\/\/portaldenoticias.net\/deusimar\/wp-content\/uploads\/2015\/02\/RUI-COSTA-IMAGEM-GRANDE-DO-FACE.-150x150.png 150w\" sizes=\"auto, (max-width: 160px) 100vw, 160px\" \/><\/p>\n<p>Rui Costa<br \/>\n1 h \u00b7<br \/>\nN\u00f3s precisamos ter uma solu\u00e7\u00e3o imediata para o estado da Bahia, que tem o maior n\u00famero de acampados esperando que a reforma agr\u00e1ria aconte\u00e7a o mais r\u00e1pido poss\u00edvel. Hoje, me reuni com lideran\u00e7as do Movimento dos Sem Terra (MST) para acordar itens como apoio aos assentamentos na Bahia para que todos se tornem produtivos. Algumas a\u00e7\u00f5es j\u00e1 est\u00e3o em andamento e ter\u00e3o continuidade, como a capacita\u00e7\u00e3o t\u00e9cnica dos produtores e mecaniza\u00e7\u00e3o da produ\u00e7\u00e3o, al\u00e9m da estrutura\u00e7\u00e3o das cadeias produtivas como a do leite, dos caprinos e ovinos. \u202a#\u200eDesenvolvimentoRural\u202c<\/p>\n<p><img loading=\"lazy\" decoding=\"async\" src=\"http:\/\/www.portaldenoticias.net\/deusimar\/wp-content\/uploads\/2015\/03\/GOV-E-MST-450x450.jpg\" alt=\"GOV E MST\" width=\"450\" height=\"450\" class=\"alignleft size-medium wp-image-1357\" srcset=\"https:\/\/portaldenoticias.net\/deusimar\/wp-content\/uploads\/2015\/03\/GOV-E-MST-450x450.jpg 450w, https:\/\/portaldenoticias.net\/deusimar\/wp-content\/uploads\/2015\/03\/GOV-E-MST-150x150.jpg 150w, https:\/\/portaldenoticias.net\/deusimar\/wp-content\/uploads\/2015\/03\/GOV-E-MST-640x640.jpg 640w, https:\/\/portaldenoticias.net\/deusimar\/wp-content\/uploads\/2015\/03\/GOV-E-MST.jpg 960w\" sizes=\"auto, (max-width: 450px) 100vw, 450px\" \/><\/p>\n<p>COLABORA\u00c7\u00c3O E COMPLEMENTOS DOS:<\/p>\n<p><img loading=\"lazy\" decoding=\"async\" src=\"http:\/\/www.portaldenoticias.net\/deusimar\/wp-content\/uploads\/2015\/03\/CARTAO-DE-VISITA-DEUSIMAR-DAS-ABELHAS.-450x250.jpg\" alt=\"CARTAO DE VISITA-DEUSIMAR DAS ABELHAS.\" width=\"450\" height=\"250\" class=\"alignleft size-medium wp-image-1342\" srcset=\"https:\/\/portaldenoticias.net\/deusimar\/wp-content\/uploads\/2015\/03\/CARTAO-DE-VISITA-DEUSIMAR-DAS-ABELHAS.-450x250.jpg 450w, https:\/\/portaldenoticias.net\/deusimar\/wp-content\/uploads\/2015\/03\/CARTAO-DE-VISITA-DEUSIMAR-DAS-ABELHAS.-640x356.jpg 640w, https:\/\/portaldenoticias.net\/deusimar\/wp-content\/uploads\/2015\/03\/CARTAO-DE-VISITA-DEUSIMAR-DAS-ABELHAS..jpg 1062w\" sizes=\"auto, (max-width: 450px) 100vw, 450px\" \/><\/p>\n","protected":false},"excerpt":{"rendered":"<p>Rui Costa 1 h \u00b7 N\u00f3s precisamos ter uma solu\u00e7\u00e3o imediata para o estado da Bahia, que tem o maior n\u00famero de acampados esperando que a reforma agr\u00e1ria aconte\u00e7a o mais r\u00e1pido poss\u00edvel. Hoje, me reuni com lideran\u00e7as do Movimento dos Sem Terra (MST) para acordar itens como apoio aos assentamentos na Bahia para que [&hellip;]<\/p>\n","protected":false},"author":2,"featured_media":0,"comment_status":"open","ping_status":"open","sticky":false,"template":"","format":"standard","meta":{"footnotes":""},"categories":[1],"tags":[],"class_list":{"0":"post-1356","1":"post","2":"type-post","3":"status-publish","4":"format-standard","6":"category-destaques"},"_links":{"self":[{"href":"https:\/\/portaldenoticias.net\/deusimar\/wp-json\/wp\/v2\/posts\/1356","targetHints":{"allow":["GET"]}}],"collection":[{"href":"https:\/\/portaldenoticias.net\/deusimar\/wp-json\/wp\/v2\/posts"}],"about":[{"href":"https:\/\/portaldenoticias.net\/deusimar\/wp-json\/wp\/v2\/types\/post"}],"author":[{"embeddable":true,"href":"https:\/\/portaldenoticias.net\/deusimar\/wp-json\/wp\/v2\/users\/2"}],"replies":[{"embeddable":true,"href":"https:\/\/portaldenoticias.net\/deusimar\/wp-json\/wp\/v2\/comments?post=1356"}],"version-history":[{"count":0,"href":"https:\/\/portaldenoticias.net\/deusimar\/wp-json\/wp\/v2\/posts\/1356\/revisions"}],"wp:attachment":[{"href":"https:\/\/portaldenoticias.net\/deusimar\/wp-json\/wp\/v2\/media?parent=1356"}],"wp:term":[{"taxonomy":"category","embeddable":true,"href":"https:\/\/portaldenoticias.net\/deusimar\/wp-json\/wp\/v2\/categories?post=1356"},{"taxonomy":"post_tag","embeddable":true,"href":"https:\/\/portaldenoticias.net\/deusimar\/wp-json\/wp\/v2\/tags?post=1356"}],"curies":[{"name":"wp","href":"https:\/\/api.w.org\/{rel}","templated":true}]}}