{"id":1339,"date":"2015-03-17T18:46:45","date_gmt":"2015-03-17T21:46:45","guid":{"rendered":"http:\/\/www.portaldenoticias.net\/deusimar\/?p=1339"},"modified":"2015-03-17T18:46:45","modified_gmt":"2015-03-17T21:46:45","slug":"governador-anuncia-no-programa-diga-ai-governador-a-contratacao-de-2-mil-policiais-para-a-ampliacao-do-quadro-efetivo-da-seguranca-publica-do-estado","status":"publish","type":"post","link":"https:\/\/portaldenoticias.net\/deusimar\/governador-anuncia-no-programa-diga-ai-governador-a-contratacao-de-2-mil-policiais-para-a-ampliacao-do-quadro-efetivo-da-seguranca-publica-do-estado\/","title":{"rendered":"GOVERNADOR ANUNCIA NO PROGRAMA &#8220;DIGA AI GOVERNADOR&#8221; A CONTRATA\u00c7\u00c3O DE 2 MIL POLICIAIS PARA A AMPLIA\u00c7\u00c3O DO QUADRO EFETIVO DA SEGURAN\u00c7A P\u00daBLICA DO ESTADO."},"content":{"rendered":"<p><img loading=\"lazy\" decoding=\"async\" src=\"http:\/\/www.portaldenoticias.net\/deusimar\/wp-content\/uploads\/2015\/03\/PROGRAA-DO-NOVO-GOVERNADOR.-450x450.jpg\" alt=\"PROGRAA DO NOVO GOVERNADOR.\" width=\"450\" height=\"450\" class=\"alignleft size-medium wp-image-1031\" srcset=\"https:\/\/portaldenoticias.net\/deusimar\/wp-content\/uploads\/2015\/03\/PROGRAA-DO-NOVO-GOVERNADOR.-450x450.jpg 450w, https:\/\/portaldenoticias.net\/deusimar\/wp-content\/uploads\/2015\/03\/PROGRAA-DO-NOVO-GOVERNADOR.-150x150.jpg 150w, https:\/\/portaldenoticias.net\/deusimar\/wp-content\/uploads\/2015\/03\/PROGRAA-DO-NOVO-GOVERNADOR..jpg 480w\" sizes=\"auto, (max-width: 450px) 100vw, 450px\" \/><\/p>\n<p>J\u00e1 est\u00e1 no ar o nosso programa semanal \u202a#\u200eDiga\u00edGovernador\u202c! Falo sobre a convoca\u00e7\u00e3o de dois mil aprovados no concurso da Pol\u00edcia Militar de 2012, um esfor\u00e7o otimista que fiz para refor\u00e7ar a \u202a#\u200eSeguran\u00e7aP\u00fablica\u202c. Tamb\u00e9m vou chamar os policiais civis cujo concurso est\u00e1 sendo conclu\u00eddo, ainda neste primeiro semestre. A regionaliza\u00e7\u00e3o da \u202a#\u200eSa\u00fade\u202c e a \u202a#\u200eInfraestrutura\u202c das rodovias baianas tamb\u00e9m foram destaque nessa edi\u00e7\u00e3o. Assim como fiz no programa, refor\u00e7o aqui meu convite \u00e0s fam\u00edlias, aos prefeitos e a toda sociedade no lan\u00e7amento, no dia 30 de mar\u00e7o, do \u202a#\u200ePactoPelaEduca\u00e7\u00e3o\u202c. N\u00f3s vamos mudar a hist\u00f3ria da Bahia, melhorando a educa\u00e7\u00e3o p\u00fablica.<\/p>\n<p>Diga ai<br \/>\nYOUTUBE.COM<br \/>\nCOLABORA\u00c7\u00c3O E COMPLEMENTOS DOS:<\/p>\n<p><img loading=\"lazy\" decoding=\"async\" src=\"http:\/\/www.portaldenoticias.net\/deusimar\/wp-content\/uploads\/2015\/02\/CARTAO-DE-VISITA-DEUSIMAR-450x250.jpg\" alt=\"CARTAO DE VISITA DEUSIMAR\" width=\"450\" height=\"250\" class=\"alignleft size-medium wp-image-849\" srcset=\"https:\/\/portaldenoticias.net\/deusimar\/wp-content\/uploads\/2015\/02\/CARTAO-DE-VISITA-DEUSIMAR-450x250.jpg 450w, https:\/\/portaldenoticias.net\/deusimar\/wp-content\/uploads\/2015\/02\/CARTAO-DE-VISITA-DEUSIMAR-640x356.jpg 640w, https:\/\/portaldenoticias.net\/deusimar\/wp-content\/uploads\/2015\/02\/CARTAO-DE-VISITA-DEUSIMAR.jpg 1062w\" sizes=\"auto, (max-width: 450px) 100vw, 450px\" \/><\/p>\n","protected":false},"excerpt":{"rendered":"<p>J\u00e1 est\u00e1 no ar o nosso programa semanal \u202a#\u200eDiga\u00edGovernador\u202c! Falo sobre a convoca\u00e7\u00e3o de dois mil aprovados no concurso da Pol\u00edcia Militar de 2012, um esfor\u00e7o otimista que fiz para refor\u00e7ar a \u202a#\u200eSeguran\u00e7aP\u00fablica\u202c. Tamb\u00e9m vou chamar os policiais civis cujo concurso est\u00e1 sendo conclu\u00eddo, ainda neste primeiro semestre. A regionaliza\u00e7\u00e3o da \u202a#\u200eSa\u00fade\u202c e a \u202a#\u200eInfraestrutura\u202c [&hellip;]<\/p>\n","protected":false},"author":2,"featured_media":0,"comment_status":"open","ping_status":"open","sticky":false,"template":"","format":"standard","meta":{"footnotes":""},"categories":[1],"tags":[],"class_list":{"0":"post-1339","1":"post","2":"type-post","3":"status-publish","4":"format-standard","6":"category-destaques"},"_links":{"self":[{"href":"https:\/\/portaldenoticias.net\/deusimar\/wp-json\/wp\/v2\/posts\/1339","targetHints":{"allow":["GET"]}}],"collection":[{"href":"https:\/\/portaldenoticias.net\/deusimar\/wp-json\/wp\/v2\/posts"}],"about":[{"href":"https:\/\/portaldenoticias.net\/deusimar\/wp-json\/wp\/v2\/types\/post"}],"author":[{"embeddable":true,"href":"https:\/\/portaldenoticias.net\/deusimar\/wp-json\/wp\/v2\/users\/2"}],"replies":[{"embeddable":true,"href":"https:\/\/portaldenoticias.net\/deusimar\/wp-json\/wp\/v2\/comments?post=1339"}],"version-history":[{"count":0,"href":"https:\/\/portaldenoticias.net\/deusimar\/wp-json\/wp\/v2\/posts\/1339\/revisions"}],"wp:attachment":[{"href":"https:\/\/portaldenoticias.net\/deusimar\/wp-json\/wp\/v2\/media?parent=1339"}],"wp:term":[{"taxonomy":"category","embeddable":true,"href":"https:\/\/portaldenoticias.net\/deusimar\/wp-json\/wp\/v2\/categories?post=1339"},{"taxonomy":"post_tag","embeddable":true,"href":"https:\/\/portaldenoticias.net\/deusimar\/wp-json\/wp\/v2\/tags?post=1339"}],"curies":[{"name":"wp","href":"https:\/\/api.w.org\/{rel}","templated":true}]}}