{"id":1331,"date":"2015-03-17T18:26:34","date_gmt":"2015-03-17T21:26:34","guid":{"rendered":"http:\/\/www.portaldenoticias.net\/deusimar\/?p=1331"},"modified":"2015-03-17T18:34:11","modified_gmt":"2015-03-17T21:34:11","slug":"secom-ba-inovando-mais-um-programa-para-a-divulgacao-das-acoes-do-governo-cafezinho-com-rui","status":"publish","type":"post","link":"https:\/\/portaldenoticias.net\/deusimar\/secom-ba-inovando-mais-um-programa-para-a-divulgacao-das-acoes-do-governo-cafezinho-com-rui\/","title":{"rendered":"BLOG DO DEUSIMAR DIVULGANDO MAIS UM PROGRAMA PARA  A DIVULGA\u00c7\u00c3O DAS A\u00c7\u00d5ES DO GOVERNO DE NOSSA LINDA E EXTENSA BAHIA: &#8220;CAFEZINHO COM RUI&#8221;."},"content":{"rendered":"<p><img loading=\"lazy\" decoding=\"async\" src=\"http:\/\/www.portaldenoticias.net\/deusimar\/wp-content\/uploads\/2015\/02\/RUI-COSTA-IMAGEM-GRANDE-DO-FACE..png\" alt=\"RUI COSTA IMAGEM GRANDE DO FACE.\" width=\"160\" height=\"160\" class=\"alignleft size-full wp-image-832\" srcset=\"https:\/\/portaldenoticias.net\/deusimar\/wp-content\/uploads\/2015\/02\/RUI-COSTA-IMAGEM-GRANDE-DO-FACE..png 160w, https:\/\/portaldenoticias.net\/deusimar\/wp-content\/uploads\/2015\/02\/RUI-COSTA-IMAGEM-GRANDE-DO-FACE.-150x150.png 150w\" sizes=\"auto, (max-width: 160px) 100vw, 160px\" \/><br \/>\n<img loading=\"lazy\" decoding=\"async\" src=\"http:\/\/www.portaldenoticias.net\/deusimar\/wp-content\/uploads\/2015\/03\/CAFEZINHO-QUENTE.jpg\" alt=\"CAFEZINHO QUENTE\" width=\"222\" height=\"227\" class=\"alignleft size-full wp-image-1332\" \/><\/p>\n<p>Rui Costa<br \/>\n5 h \u00b7<br \/>\nDaqui a pouco teremos uma nova edi\u00e7\u00e3o do \u202a#\u200eCafezinhoComRui\u202c, meu encontro aberto com jornalistas para bater papo, responder a perguntas e tirar d\u00favidas. O di\u00e1logo com a popula\u00e7\u00e3o e a imprensa \u00e9 importante para a democracia.<\/p>\n<p><img loading=\"lazy\" decoding=\"async\" src=\"http:\/\/www.portaldenoticias.net\/deusimar\/wp-content\/uploads\/2015\/03\/PROGRAMA-CAFEZINHO-COM-RUI.-450x450.png\" alt=\"PROGRAMA CAFEZINHO COM RUI.\" width=\"450\" height=\"450\" class=\"alignleft size-medium wp-image-1333\" srcset=\"https:\/\/portaldenoticias.net\/deusimar\/wp-content\/uploads\/2015\/03\/PROGRAMA-CAFEZINHO-COM-RUI.-450x450.png 450w, https:\/\/portaldenoticias.net\/deusimar\/wp-content\/uploads\/2015\/03\/PROGRAMA-CAFEZINHO-COM-RUI.-150x150.png 150w, https:\/\/portaldenoticias.net\/deusimar\/wp-content\/uploads\/2015\/03\/PROGRAMA-CAFEZINHO-COM-RUI.-640x640.png 640w, https:\/\/portaldenoticias.net\/deusimar\/wp-content\/uploads\/2015\/03\/PROGRAMA-CAFEZINHO-COM-RUI..png 960w\" sizes=\"auto, (max-width: 450px) 100vw, 450px\" \/><\/p>\n<p>COLABORA\u00c7\u00c3O E COMPLEMENTOS DOS:<br \/>\n<img loading=\"lazy\" decoding=\"async\" src=\"http:\/\/www.portaldenoticias.net\/deusimar\/wp-content\/uploads\/2015\/03\/CARTAO-DE-VISITA-DEUSIMAR-450x250.jpg\" alt=\"CARTAO DE VISITA DEUSIMAR\" width=\"450\" height=\"250\" class=\"alignleft size-medium wp-image-1224\" srcset=\"https:\/\/portaldenoticias.net\/deusimar\/wp-content\/uploads\/2015\/03\/CARTAO-DE-VISITA-DEUSIMAR-450x250.jpg 450w, https:\/\/portaldenoticias.net\/deusimar\/wp-content\/uploads\/2015\/03\/CARTAO-DE-VISITA-DEUSIMAR-640x356.jpg 640w, https:\/\/portaldenoticias.net\/deusimar\/wp-content\/uploads\/2015\/03\/CARTAO-DE-VISITA-DEUSIMAR.jpg 1062w\" sizes=\"auto, (max-width: 450px) 100vw, 450px\" \/><\/p>\n","protected":false},"excerpt":{"rendered":"<p>Rui Costa 5 h \u00b7 Daqui a pouco teremos uma nova edi\u00e7\u00e3o do \u202a#\u200eCafezinhoComRui\u202c, meu encontro aberto com jornalistas para bater papo, responder a perguntas e tirar d\u00favidas. O di\u00e1logo com a popula\u00e7\u00e3o e a imprensa \u00e9 importante para a democracia. COLABORA\u00c7\u00c3O E COMPLEMENTOS DOS:<\/p>\n","protected":false},"author":2,"featured_media":0,"comment_status":"open","ping_status":"open","sticky":false,"template":"","format":"standard","meta":{"footnotes":""},"categories":[1],"tags":[],"class_list":{"0":"post-1331","1":"post","2":"type-post","3":"status-publish","4":"format-standard","6":"category-destaques"},"_links":{"self":[{"href":"https:\/\/portaldenoticias.net\/deusimar\/wp-json\/wp\/v2\/posts\/1331","targetHints":{"allow":["GET"]}}],"collection":[{"href":"https:\/\/portaldenoticias.net\/deusimar\/wp-json\/wp\/v2\/posts"}],"about":[{"href":"https:\/\/portaldenoticias.net\/deusimar\/wp-json\/wp\/v2\/types\/post"}],"author":[{"embeddable":true,"href":"https:\/\/portaldenoticias.net\/deusimar\/wp-json\/wp\/v2\/users\/2"}],"replies":[{"embeddable":true,"href":"https:\/\/portaldenoticias.net\/deusimar\/wp-json\/wp\/v2\/comments?post=1331"}],"version-history":[{"count":0,"href":"https:\/\/portaldenoticias.net\/deusimar\/wp-json\/wp\/v2\/posts\/1331\/revisions"}],"wp:attachment":[{"href":"https:\/\/portaldenoticias.net\/deusimar\/wp-json\/wp\/v2\/media?parent=1331"}],"wp:term":[{"taxonomy":"category","embeddable":true,"href":"https:\/\/portaldenoticias.net\/deusimar\/wp-json\/wp\/v2\/categories?post=1331"},{"taxonomy":"post_tag","embeddable":true,"href":"https:\/\/portaldenoticias.net\/deusimar\/wp-json\/wp\/v2\/tags?post=1331"}],"curies":[{"name":"wp","href":"https:\/\/api.w.org\/{rel}","templated":true}]}}