{"id":1321,"date":"2015-03-17T12:30:31","date_gmt":"2015-03-17T15:30:31","guid":{"rendered":"http:\/\/www.portaldenoticias.net\/deusimar\/?p=1321"},"modified":"2015-03-17T13:05:50","modified_gmt":"2015-03-17T16:05:50","slug":"vale-a-pena-ler-de-novo-dos-blogs-deusimar-das-abelhas-deputado-da-acao-da-nova-bahiaprioriza-saude-em-suas-emendas-parlamentares","status":"publish","type":"post","link":"https:\/\/portaldenoticias.net\/deusimar\/vale-a-pena-ler-de-novo-dos-blogs-deusimar-das-abelhas-deputado-da-acao-da-nova-bahiaprioriza-saude-em-suas-emendas-parlamentares\/","title":{"rendered":"VALE A PENA LER DE NOVO DOS BLOGS DEUSIMAR DAS ABELHAS-DEPUTADO DA \u201cA\u00c7\u00c3O DA NOVA BAHIA&#8221;PRIORIZA SA\u00daDE EM SUAS EMENDAS PARLAMENTARES."},"content":{"rendered":"<p><img loading=\"lazy\" decoding=\"async\" src=\"http:\/\/www.portaldenoticias.net\/deusimar\/wp-content\/uploads\/2015\/03\/DEUSIMAR-E-CLAUDIO-VIEIRA.jpg\" alt=\"DEUSIMAR E CLAUDIO VIEIRA\" width=\"259\" height=\"194\" class=\"alignleft size-full wp-image-1045\" srcset=\"https:\/\/portaldenoticias.net\/deusimar\/wp-content\/uploads\/2015\/03\/DEUSIMAR-E-CLAUDIO-VIEIRA.jpg 259w, https:\/\/portaldenoticias.net\/deusimar\/wp-content\/uploads\/2015\/03\/DEUSIMAR-E-CLAUDIO-VIEIRA-174x131.jpg 174w, https:\/\/portaldenoticias.net\/deusimar\/wp-content\/uploads\/2015\/03\/DEUSIMAR-E-CLAUDIO-VIEIRA-70x53.jpg 70w\" sizes=\"auto, (max-width: 259px) 100vw, 259px\" \/><\/p>\n<p>Ol\u00e1 leitores(as) amigos(as) de nossos blogs!!<br \/>\nAtendendo aos questionamentos de alguns leitores amigos via e-mail do artigo de ontem com o t\u00edtulo:BLOGUEIRO DEUSIMAR DAS ABELHAS JUSTIFICANDO E CONFIRMANDO PORQUE VAI CONTINUAR POSTANDO AS A\u00c7\u00d5ES DO GOVERNO DE NOSSA LINDA E EXTENSA BAHIA.resolveu a postar no VALE A PENA A LER DE NOVO  de nossos blogs, mais uma mat\u00e9ria confirmando que este trabalho do blogueiro de voc\u00eas para o ex-deputado federal, atual governador de nossa linda e extensa Bahia, vem de longas datas.Questionado se eu estaria recebendo muita grana,este blogueiro amigo de voc\u00eas, responde aqui, e agora, que non..non, mais que foi; \u00e9; e continuar\u00e1 sendo muito grato ao ex-deputado federal, atual governador, por ter lhe promovido Chefe(digo, l\u00edder, quem tem chefe \u00e9 \u00edndio), do Escrit\u00f3rio da EBDA-Monte Santo no per\u00edodo de 2011\/ a 2012. Gra\u00e7as  esta a\u00e7\u00e3o do ex-deputado federal, estaria este blogueiro de voc\u00eas neste final de ano, colando grau na faculdade AGES de Paripiranga no curso de Bacharel em Advocacia. O Diret\u00f3rio do PT daqui de olho no cargo, contrariando a vontade do ex-deputado federal, e muito mais ainda a vontade deste blogueiro amigo de voc\u00eas, que precisava  custear as despesas da faculdade com a comiss\u00e3o de l\u00edder do escrit\u00f3rio do maior Centro de Atendimento da Agricultura Familiar de Monte Santo. N\u00e3o \u00e9 um CAUSO VER\u00cdDICO&#8230;\u00e9 um CASO VER\u00cdDICO&#8230; ACREDITEM SE QUISEREM&#8230;SRSRSRSRSR!!<br \/>\nNOTE: leiam na \u00edntegra a a\u00e7\u00e3o parlamentar do ex-deputado federal Rui Costa, que tratou da prioridade \u00e0 sa\u00fade de nossa linda e extensa Bahia em suas emendas individuais. Atentem bem no que diz o velho e s\u00e1bio dito popular: quem planta bem, colhe bem tamb\u00e9m.<br \/>\nCONTRIBUI\u00c7\u00c3O DE:<br \/>\nJos\u00e9 Deusimar Loiola Gon\u00e7alves<br \/>\nApicultor Meliponicultor,Diretor de Comunica\u00e7\u00e3o da FEBAMEL,,e P\u00f3s Graduado em Gest\u00e3o e Educa\u00e7\u00e3o Ambiental &#8211; EBDA Monte Santo<br \/>\n(75) 9131-0784\/ 9998-0025<\/p>\n<p>Domingo, 27 Novembro 2011<br \/>\nDEPUTADO DA \u201cA\u00c7\u00c3O DA NOVA BAHIA&#8221;PRIORIZA SA\u00daDE EM SUAS EMENDAS PARLAMENTARES.<br \/>\nBLOGS DEUSIMAR DAS ABELHAS DIVULGA MAIS A\u00c7\u00d5ES PARLAMENTARES DO DEPUTADO DA \u201cA\u00c7\u00c3O DA NOVA BAHIA\u201d. Comments (0) By deusimar, 27\/11\/2011 2:31 pm Rui Costa prioriza Sa\u00fade nas emendas individuais Postado por comunicacaoruicosta em 25 nov 2011 | Comente! Hospitais e linhas f\u00e9rreas foram alguns dos principais objetos das emendas individuais do deputado federal Rui Costa (PT-BA) ao Plano Plurianual 2012 \u2013 2015 (PPA). O prazo para que os parlamentares apresentassem \u00e0 Comiss\u00e3o Mista de Or\u00e7amento as emendas individuais terminou ontem (24.11). \u201cEssa \u00e9 a possibilidade de a gente incluir o que definimos como prioridade para o nosso estado. Cada um pode expressar a sua vis\u00e3o\u201d, explicou Costa. O deputado apresentou nove emendas; tr\u00eas delas s\u00e3o para a constru\u00e7\u00e3o de hospitais: Hospital de Doen\u00e7a Infectocontagiosa; Hospital de Oncologia e Hospital Regional de Bonfim. Em aten\u00e7\u00e3o ao desenvolvimento econ\u00f4mico do estado, o deputado destinou uma emenda para o trem regional de Alagoinhas a Salvador, uma para a constru\u00e7\u00e3o de linha f\u00e9rrea de Feira de Santana ao Porto de Aratu, outra para o contorno da linha f\u00e9rrea em Santo Amaro e uma \u00faltima, dentro desse setor, para a transposi\u00e7\u00e3o da via f\u00e9rrea do centro urbano de Alagoinhas. Preocupado com a infraestrutura em Educa\u00e7\u00e3o, Rui Costa protocolou emenda para a extens\u00e3o da Universidade do Oeste da Bahia, em Santa Maria da Vit\u00f3ria. A \u00faltima emenda foi destinada para a constru\u00e7\u00e3o do Aeroporto de Ilh\u00e9us. Agora, o deputado vai acompanhar a aprova\u00e7\u00e3o das emendas no PPA, que deve acontecer at\u00e9 o fim deste ano. COLABORA\u00c7\u00c3O DOS B\u00c7OGS DUSIMAR DAS ABELHAS- WWW.PORTALDENOTICIAS.NET\/DEUSIMAR WWW.MONTESANTO.NET<\/p>\n","protected":false},"excerpt":{"rendered":"<p>Ol\u00e1 leitores(as) amigos(as) de nossos blogs!! Atendendo aos questionamentos de alguns leitores amigos via e-mail do artigo de ontem com o t\u00edtulo:BLOGUEIRO DEUSIMAR DAS ABELHAS JUSTIFICANDO E CONFIRMANDO PORQUE VAI CONTINUAR POSTANDO AS A\u00c7\u00d5ES DO GOVERNO DE NOSSA LINDA E EXTENSA BAHIA.resolveu a postar no VALE A PENA A LER DE NOVO de nossos blogs, [&hellip;]<\/p>\n","protected":false},"author":2,"featured_media":0,"comment_status":"open","ping_status":"open","sticky":false,"template":"","format":"standard","meta":{"footnotes":""},"categories":[1],"tags":[],"class_list":{"0":"post-1321","1":"post","2":"type-post","3":"status-publish","4":"format-standard","6":"category-destaques"},"_links":{"self":[{"href":"https:\/\/portaldenoticias.net\/deusimar\/wp-json\/wp\/v2\/posts\/1321","targetHints":{"allow":["GET"]}}],"collection":[{"href":"https:\/\/portaldenoticias.net\/deusimar\/wp-json\/wp\/v2\/posts"}],"about":[{"href":"https:\/\/portaldenoticias.net\/deusimar\/wp-json\/wp\/v2\/types\/post"}],"author":[{"embeddable":true,"href":"https:\/\/portaldenoticias.net\/deusimar\/wp-json\/wp\/v2\/users\/2"}],"replies":[{"embeddable":true,"href":"https:\/\/portaldenoticias.net\/deusimar\/wp-json\/wp\/v2\/comments?post=1321"}],"version-history":[{"count":0,"href":"https:\/\/portaldenoticias.net\/deusimar\/wp-json\/wp\/v2\/posts\/1321\/revisions"}],"wp:attachment":[{"href":"https:\/\/portaldenoticias.net\/deusimar\/wp-json\/wp\/v2\/media?parent=1321"}],"wp:term":[{"taxonomy":"category","embeddable":true,"href":"https:\/\/portaldenoticias.net\/deusimar\/wp-json\/wp\/v2\/categories?post=1321"},{"taxonomy":"post_tag","embeddable":true,"href":"https:\/\/portaldenoticias.net\/deusimar\/wp-json\/wp\/v2\/tags?post=1321"}],"curies":[{"name":"wp","href":"https:\/\/api.w.org\/{rel}","templated":true}]}}