{"id":1306,"date":"2015-03-17T00:56:52","date_gmt":"2015-03-17T03:56:52","guid":{"rendered":"http:\/\/www.portaldenoticias.net\/deusimar\/?p=1306"},"modified":"2015-03-17T00:59:39","modified_gmt":"2015-03-17T03:59:39","slug":"atual-governador-publica-em-seu-facebook-os-sinceros-parabens-pela-passagem-natalicia-de-seu-antecessor-jaques-wagner","status":"publish","type":"post","link":"https:\/\/portaldenoticias.net\/deusimar\/atual-governador-publica-em-seu-facebook-os-sinceros-parabens-pela-passagem-natalicia-de-seu-antecessor-jaques-wagner\/","title":{"rendered":"ATUAL GOVERNADOR PUBLICA EM SEU FACEBOOK OS SINCEROS PARAB\u00c9NS PELA PASSAGEM NATAL\u00cdCIA DE SEU ANTECESSOR JAQUES WAGNER."},"content":{"rendered":"<p><img loading=\"lazy\" decoding=\"async\" src=\"http:\/\/www.portaldenoticias.net\/deusimar\/wp-content\/uploads\/2015\/03\/WAGNER-E-RUI.jpg\" alt=\"WAGNER E RUI\" width=\"278\" height=\"181\" class=\"alignleft size-full wp-image-1310\" \/><br \/>\nRui Costa<br \/>\n13 h \u00b7<br \/>\nBom dia! Quero come\u00e7ar a segunda-feira parabenizando meu amigo e companheiro de lutas, Jaques Wagner pelo seu anivers\u00e1rio. Que Deus continue aben\u00e7oando seus caminhos e lhe dando muita sa\u00fade, sabedoria e determina\u00e7\u00e3o para trabalhar pela terra que lhe acolheu e voc\u00ea escolheu representar e pelo nosso pa\u00eds. S\u00e3o mais de 30 anos de amizade e de admira\u00e7\u00e3o.<br \/>\nVida longa e um forte abra\u00e7o!<br \/>\nFoto: Manu Dias\/GOVBA<\/p>\n<p><img loading=\"lazy\" decoding=\"async\" src=\"http:\/\/www.portaldenoticias.net\/deusimar\/wp-content\/uploads\/2015\/03\/NIVER-DO-GALEGO-DO-LULA.-450x439.jpg\" alt=\"NIVER DO GALEGO DO LULA.\" width=\"450\" height=\"439\" class=\"alignleft size-medium wp-image-1307\" srcset=\"https:\/\/portaldenoticias.net\/deusimar\/wp-content\/uploads\/2015\/03\/NIVER-DO-GALEGO-DO-LULA.-450x439.jpg 450w, https:\/\/portaldenoticias.net\/deusimar\/wp-content\/uploads\/2015\/03\/NIVER-DO-GALEGO-DO-LULA..jpg 480w\" sizes=\"auto, (max-width: 450px) 100vw, 450px\" \/><\/p>\n<p>COLABORA\u00c7\u00c3O E COMPLEMENTOS:<br \/>\n<img loading=\"lazy\" decoding=\"async\" src=\"http:\/\/www.portaldenoticias.net\/deusimar\/wp-content\/uploads\/2015\/03\/CARTAO-DE-VISITA-DEUSIMAR-450x250.jpg\" alt=\"CARTAO DE VISITA DEUSIMAR\" width=\"450\" height=\"250\" class=\"alignleft size-medium wp-image-1224\" srcset=\"https:\/\/portaldenoticias.net\/deusimar\/wp-content\/uploads\/2015\/03\/CARTAO-DE-VISITA-DEUSIMAR-450x250.jpg 450w, https:\/\/portaldenoticias.net\/deusimar\/wp-content\/uploads\/2015\/03\/CARTAO-DE-VISITA-DEUSIMAR-640x356.jpg 640w, https:\/\/portaldenoticias.net\/deusimar\/wp-content\/uploads\/2015\/03\/CARTAO-DE-VISITA-DEUSIMAR.jpg 1062w\" sizes=\"auto, (max-width: 450px) 100vw, 450px\" \/><\/p>\n","protected":false},"excerpt":{"rendered":"<p>Rui Costa 13 h \u00b7 Bom dia! Quero come\u00e7ar a segunda-feira parabenizando meu amigo e companheiro de lutas, Jaques Wagner pelo seu anivers\u00e1rio. Que Deus continue aben\u00e7oando seus caminhos e lhe dando muita sa\u00fade, sabedoria e determina\u00e7\u00e3o para trabalhar pela terra que lhe acolheu e voc\u00ea escolheu representar e pelo nosso pa\u00eds. S\u00e3o mais de [&hellip;]<\/p>\n","protected":false},"author":2,"featured_media":0,"comment_status":"open","ping_status":"open","sticky":false,"template":"","format":"standard","meta":{"footnotes":""},"categories":[1],"tags":[],"class_list":{"0":"post-1306","1":"post","2":"type-post","3":"status-publish","4":"format-standard","6":"category-destaques"},"_links":{"self":[{"href":"https:\/\/portaldenoticias.net\/deusimar\/wp-json\/wp\/v2\/posts\/1306","targetHints":{"allow":["GET"]}}],"collection":[{"href":"https:\/\/portaldenoticias.net\/deusimar\/wp-json\/wp\/v2\/posts"}],"about":[{"href":"https:\/\/portaldenoticias.net\/deusimar\/wp-json\/wp\/v2\/types\/post"}],"author":[{"embeddable":true,"href":"https:\/\/portaldenoticias.net\/deusimar\/wp-json\/wp\/v2\/users\/2"}],"replies":[{"embeddable":true,"href":"https:\/\/portaldenoticias.net\/deusimar\/wp-json\/wp\/v2\/comments?post=1306"}],"version-history":[{"count":0,"href":"https:\/\/portaldenoticias.net\/deusimar\/wp-json\/wp\/v2\/posts\/1306\/revisions"}],"wp:attachment":[{"href":"https:\/\/portaldenoticias.net\/deusimar\/wp-json\/wp\/v2\/media?parent=1306"}],"wp:term":[{"taxonomy":"category","embeddable":true,"href":"https:\/\/portaldenoticias.net\/deusimar\/wp-json\/wp\/v2\/categories?post=1306"},{"taxonomy":"post_tag","embeddable":true,"href":"https:\/\/portaldenoticias.net\/deusimar\/wp-json\/wp\/v2\/tags?post=1306"}],"curies":[{"name":"wp","href":"https:\/\/api.w.org\/{rel}","templated":true}]}}