{"id":1303,"date":"2015-03-17T00:47:48","date_gmt":"2015-03-17T03:47:48","guid":{"rendered":"http:\/\/www.portaldenoticias.net\/deusimar\/?p=1303"},"modified":"2015-03-17T00:47:48","modified_gmt":"2015-03-17T03:47:48","slug":"estudante-de-feira-de-santana-classificada-entre-as-100-melhores-do-brasil-em-concurso-da-terrivel-matematica-recebe-os-parabens-do-governador-de-nossa-linda-e-extensa-bahia","status":"publish","type":"post","link":"https:\/\/portaldenoticias.net\/deusimar\/estudante-de-feira-de-santana-classificada-entre-as-100-melhores-do-brasil-em-concurso-da-terrivel-matematica-recebe-os-parabens-do-governador-de-nossa-linda-e-extensa-bahia\/","title":{"rendered":"ESTUDANTE DE FEIRA DE SANTANA, CLASSIFICADA ENTRE AS 100 MELHORES DO BRASIL EM CONCURSO DA TERR\u00cdVEL MATEM\u00c1TICA RECEBE OS PARAB\u00c9NS DO GOVERNADOR DE NOSSA LINDA E EXTENSA BAHIA."},"content":{"rendered":"<p><img loading=\"lazy\" decoding=\"async\" src=\"http:\/\/www.portaldenoticias.net\/deusimar\/wp-content\/uploads\/2015\/02\/RUI-COSTA-IMAGEM-GRANDE-DO-FACE..png\" alt=\"RUI COSTA IMAGEM GRANDE DO FACE.\" width=\"160\" height=\"160\" class=\"alignleft size-full wp-image-832\" srcset=\"https:\/\/portaldenoticias.net\/deusimar\/wp-content\/uploads\/2015\/02\/RUI-COSTA-IMAGEM-GRANDE-DO-FACE..png 160w, https:\/\/portaldenoticias.net\/deusimar\/wp-content\/uploads\/2015\/02\/RUI-COSTA-IMAGEM-GRANDE-DO-FACE.-150x150.png 150w\" sizes=\"auto, (max-width: 160px) 100vw, 160px\" \/><\/p>\n<p>Rui Costa<br \/>\n3 h \u00b7<br \/>\nJana\u00edna de Santana Santos \u00e9 aluna do Col\u00e9gio Ernesto de Carneiro Ribeiro, em Feira de Santana. Ela participou de um concurso com 20 milh\u00f5es de pessoas e est\u00e1 entre as cem melhores estudantes de matem\u00e1tica de col\u00e9gio p\u00fablico do Brasil. Dona de v\u00e1rias medalhas, ela \u00e9 um exemplo para todos os seus colegas e s\u00f3 faz aumentar nosso desejo de investir cada vez mais na educa\u00e7\u00e3o<\/p>\n<p><img loading=\"lazy\" decoding=\"async\" src=\"http:\/\/www.portaldenoticias.net\/deusimar\/wp-content\/uploads\/2015\/03\/RUI-E-O-ALUNADO-2-450x450.jpg\" alt=\"RUI E O ALUNADO-2\" width=\"450\" height=\"450\" class=\"alignleft size-medium wp-image-1304\" srcset=\"https:\/\/portaldenoticias.net\/deusimar\/wp-content\/uploads\/2015\/03\/RUI-E-O-ALUNADO-2-450x450.jpg 450w, https:\/\/portaldenoticias.net\/deusimar\/wp-content\/uploads\/2015\/03\/RUI-E-O-ALUNADO-2-150x150.jpg 150w, https:\/\/portaldenoticias.net\/deusimar\/wp-content\/uploads\/2015\/03\/RUI-E-O-ALUNADO-2-640x640.jpg 640w, https:\/\/portaldenoticias.net\/deusimar\/wp-content\/uploads\/2015\/03\/RUI-E-O-ALUNADO-2.jpg 800w\" sizes=\"auto, (max-width: 450px) 100vw, 450px\" \/><\/p>\n<p>COLABORA\u00c7\u00c3O E COMPLEMENTOS DOS:<br \/>\n<img loading=\"lazy\" decoding=\"async\" src=\"http:\/\/www.portaldenoticias.net\/deusimar\/wp-content\/uploads\/2015\/03\/CARTAO-DE-VISITA-DEUSIMAR-450x250.jpg\" alt=\"CARTAO DE VISITA DEUSIMAR\" width=\"450\" height=\"250\" class=\"alignleft size-medium wp-image-1224\" srcset=\"https:\/\/portaldenoticias.net\/deusimar\/wp-content\/uploads\/2015\/03\/CARTAO-DE-VISITA-DEUSIMAR-450x250.jpg 450w, https:\/\/portaldenoticias.net\/deusimar\/wp-content\/uploads\/2015\/03\/CARTAO-DE-VISITA-DEUSIMAR-640x356.jpg 640w, https:\/\/portaldenoticias.net\/deusimar\/wp-content\/uploads\/2015\/03\/CARTAO-DE-VISITA-DEUSIMAR.jpg 1062w\" sizes=\"auto, (max-width: 450px) 100vw, 450px\" \/><\/p>\n","protected":false},"excerpt":{"rendered":"<p>Rui Costa 3 h \u00b7 Jana\u00edna de Santana Santos \u00e9 aluna do Col\u00e9gio Ernesto de Carneiro Ribeiro, em Feira de Santana. Ela participou de um concurso com 20 milh\u00f5es de pessoas e est\u00e1 entre as cem melhores estudantes de matem\u00e1tica de col\u00e9gio p\u00fablico do Brasil. Dona de v\u00e1rias medalhas, ela \u00e9 um exemplo para todos [&hellip;]<\/p>\n","protected":false},"author":2,"featured_media":0,"comment_status":"open","ping_status":"open","sticky":false,"template":"","format":"standard","meta":{"footnotes":""},"categories":[1],"tags":[],"class_list":{"0":"post-1303","1":"post","2":"type-post","3":"status-publish","4":"format-standard","6":"category-destaques"},"_links":{"self":[{"href":"https:\/\/portaldenoticias.net\/deusimar\/wp-json\/wp\/v2\/posts\/1303","targetHints":{"allow":["GET"]}}],"collection":[{"href":"https:\/\/portaldenoticias.net\/deusimar\/wp-json\/wp\/v2\/posts"}],"about":[{"href":"https:\/\/portaldenoticias.net\/deusimar\/wp-json\/wp\/v2\/types\/post"}],"author":[{"embeddable":true,"href":"https:\/\/portaldenoticias.net\/deusimar\/wp-json\/wp\/v2\/users\/2"}],"replies":[{"embeddable":true,"href":"https:\/\/portaldenoticias.net\/deusimar\/wp-json\/wp\/v2\/comments?post=1303"}],"version-history":[{"count":0,"href":"https:\/\/portaldenoticias.net\/deusimar\/wp-json\/wp\/v2\/posts\/1303\/revisions"}],"wp:attachment":[{"href":"https:\/\/portaldenoticias.net\/deusimar\/wp-json\/wp\/v2\/media?parent=1303"}],"wp:term":[{"taxonomy":"category","embeddable":true,"href":"https:\/\/portaldenoticias.net\/deusimar\/wp-json\/wp\/v2\/categories?post=1303"},{"taxonomy":"post_tag","embeddable":true,"href":"https:\/\/portaldenoticias.net\/deusimar\/wp-json\/wp\/v2\/tags?post=1303"}],"curies":[{"name":"wp","href":"https:\/\/api.w.org\/{rel}","templated":true}]}}