{"id":1300,"date":"2015-03-17T00:35:21","date_gmt":"2015-03-17T03:35:21","guid":{"rendered":"http:\/\/www.portaldenoticias.net\/deusimar\/?p=1300"},"modified":"2015-03-17T00:35:21","modified_gmt":"2015-03-17T03:35:21","slug":"governador-confirma-em-seu-facebook-presenca-no-bairro-da-paz-em-salvador-para-prestigiar-a-equipe-do-programa-odonto-movel-do-governo-do-estado","status":"publish","type":"post","link":"https:\/\/portaldenoticias.net\/deusimar\/governador-confirma-em-seu-facebook-presenca-no-bairro-da-paz-em-salvador-para-prestigiar-a-equipe-do-programa-odonto-movel-do-governo-do-estado\/","title":{"rendered":"GOVERNADOR CONFIRMA EM SEU FACEBOOK PRESEN\u00c7A NO BAIRRO DA PAZ EM SALVADOR PARA PRESTIGIAR A EQUIPE  DO PROGRAMA ODONTO M\u00d3VEL DO GOVERNO DO ESTADO."},"content":{"rendered":"<p><img loading=\"lazy\" decoding=\"async\" src=\"http:\/\/www.portaldenoticias.net\/deusimar\/wp-content\/uploads\/2015\/02\/RUI-COSTA-IMAGEM-GRANDE-DO-FACE..png\" alt=\"RUI COSTA IMAGEM GRANDE DO FACE.\" width=\"160\" height=\"160\" class=\"alignleft size-full wp-image-832\" srcset=\"https:\/\/portaldenoticias.net\/deusimar\/wp-content\/uploads\/2015\/02\/RUI-COSTA-IMAGEM-GRANDE-DO-FACE..png 160w, https:\/\/portaldenoticias.net\/deusimar\/wp-content\/uploads\/2015\/02\/RUI-COSTA-IMAGEM-GRANDE-DO-FACE.-150x150.png 150w\" sizes=\"auto, (max-width: 160px) 100vw, 160px\" \/><br \/>\nRui Costa<br \/>\n2 h \u00b7<br \/>\nAmanh\u00e3 bem cedinho tenho um compromisso importante com os moradores do Bairro da Paz, em Salvador. Desde o dia 9 de mar\u00e7o, o Odontom\u00f3vel est\u00e1 no local prestando diversos servi\u00e7os odontol\u00f3gicos gratuitamente. A iniciativa \u00e9 uma a\u00e7\u00e3o do programa Pacto pela Vida e tem o apoio da Base Comunit\u00e1ria de Seguran\u00e7a do Bairro da Paz, em parceria com associa\u00e7\u00f5es comunit\u00e1rias e o governo federal.<br \/>\nQuem ainda n\u00e3o foi, v\u00e1! \u00c9 uma excelente oportunidade de ser atendido em uma unidade com equipamentos de alta tecnologia e profissionais de dez especialidades. O Odontom\u00f3vel est\u00e1 instalado na Rua da Gratid\u00e3o, dentro do Instituto Socioambiental Renova\u00e7\u00e3o, em frente ao Col\u00e9gio Estadual Mestre Paulo dos Anjos, at\u00e9 21 de mar\u00e7o. Os atendimentos s\u00e3o realizados de segunda a sexta-feira, das 8h ao meio-dia e das 13h30 \u00e0s 17h30 e, aos s\u00e1bados, das 8h ao meio-dia. O morador s\u00f3 precisa levar documento pessoal e cart\u00e3o do Sistema \u00danico de Sa\u00fade (SUS<\/p>\n<p><img loading=\"lazy\" decoding=\"async\" src=\"http:\/\/www.portaldenoticias.net\/deusimar\/wp-content\/uploads\/2015\/03\/ponto-de-partida.-450x450.jpg\" alt=\"ponto de partida.\" width=\"450\" height=\"450\" class=\"alignleft size-medium wp-image-1301\" srcset=\"https:\/\/portaldenoticias.net\/deusimar\/wp-content\/uploads\/2015\/03\/ponto-de-partida.-450x450.jpg 450w, https:\/\/portaldenoticias.net\/deusimar\/wp-content\/uploads\/2015\/03\/ponto-de-partida.-150x150.jpg 150w, https:\/\/portaldenoticias.net\/deusimar\/wp-content\/uploads\/2015\/03\/ponto-de-partida.-640x640.jpg 640w, https:\/\/portaldenoticias.net\/deusimar\/wp-content\/uploads\/2015\/03\/ponto-de-partida..jpg 960w\" sizes=\"auto, (max-width: 450px) 100vw, 450px\" \/><\/p>\n<p>COLABORA\u00c7\u00c3O E COMPLEMENTOS DOS:<br \/>\n<img loading=\"lazy\" decoding=\"async\" src=\"http:\/\/www.portaldenoticias.net\/deusimar\/wp-content\/uploads\/2015\/03\/CARTAO-DE-VISITA-DEUSIMAR-450x250.jpg\" alt=\"CARTAO DE VISITA DEUSIMAR\" width=\"450\" height=\"250\" class=\"alignleft size-medium wp-image-1224\" srcset=\"https:\/\/portaldenoticias.net\/deusimar\/wp-content\/uploads\/2015\/03\/CARTAO-DE-VISITA-DEUSIMAR-450x250.jpg 450w, https:\/\/portaldenoticias.net\/deusimar\/wp-content\/uploads\/2015\/03\/CARTAO-DE-VISITA-DEUSIMAR-640x356.jpg 640w, https:\/\/portaldenoticias.net\/deusimar\/wp-content\/uploads\/2015\/03\/CARTAO-DE-VISITA-DEUSIMAR.jpg 1062w\" sizes=\"auto, (max-width: 450px) 100vw, 450px\" \/><\/p>\n","protected":false},"excerpt":{"rendered":"<p>Rui Costa 2 h \u00b7 Amanh\u00e3 bem cedinho tenho um compromisso importante com os moradores do Bairro da Paz, em Salvador. Desde o dia 9 de mar\u00e7o, o Odontom\u00f3vel est\u00e1 no local prestando diversos servi\u00e7os odontol\u00f3gicos gratuitamente. A iniciativa \u00e9 uma a\u00e7\u00e3o do programa Pacto pela Vida e tem o apoio da Base Comunit\u00e1ria de [&hellip;]<\/p>\n","protected":false},"author":2,"featured_media":0,"comment_status":"open","ping_status":"open","sticky":false,"template":"","format":"standard","meta":{"footnotes":""},"categories":[1],"tags":[],"class_list":{"0":"post-1300","1":"post","2":"type-post","3":"status-publish","4":"format-standard","6":"category-destaques"},"_links":{"self":[{"href":"https:\/\/portaldenoticias.net\/deusimar\/wp-json\/wp\/v2\/posts\/1300","targetHints":{"allow":["GET"]}}],"collection":[{"href":"https:\/\/portaldenoticias.net\/deusimar\/wp-json\/wp\/v2\/posts"}],"about":[{"href":"https:\/\/portaldenoticias.net\/deusimar\/wp-json\/wp\/v2\/types\/post"}],"author":[{"embeddable":true,"href":"https:\/\/portaldenoticias.net\/deusimar\/wp-json\/wp\/v2\/users\/2"}],"replies":[{"embeddable":true,"href":"https:\/\/portaldenoticias.net\/deusimar\/wp-json\/wp\/v2\/comments?post=1300"}],"version-history":[{"count":0,"href":"https:\/\/portaldenoticias.net\/deusimar\/wp-json\/wp\/v2\/posts\/1300\/revisions"}],"wp:attachment":[{"href":"https:\/\/portaldenoticias.net\/deusimar\/wp-json\/wp\/v2\/media?parent=1300"}],"wp:term":[{"taxonomy":"category","embeddable":true,"href":"https:\/\/portaldenoticias.net\/deusimar\/wp-json\/wp\/v2\/categories?post=1300"},{"taxonomy":"post_tag","embeddable":true,"href":"https:\/\/portaldenoticias.net\/deusimar\/wp-json\/wp\/v2\/tags?post=1300"}],"curies":[{"name":"wp","href":"https:\/\/api.w.org\/{rel}","templated":true}]}}