{"id":1294,"date":"2015-03-16T21:12:12","date_gmt":"2015-03-17T00:12:12","guid":{"rendered":"http:\/\/www.portaldenoticias.net\/deusimar\/?p=1294"},"modified":"2015-03-16T21:15:54","modified_gmt":"2015-03-17T00:15:54","slug":"blogueiro-deusimar-das-abelhas-justificando-e-confirmando-porque-vai-continuar-postando-as-acoes-do-governo-de-nossa-linda-e-extensa-bahia","status":"publish","type":"post","link":"https:\/\/portaldenoticias.net\/deusimar\/blogueiro-deusimar-das-abelhas-justificando-e-confirmando-porque-vai-continuar-postando-as-acoes-do-governo-de-nossa-linda-e-extensa-bahia\/","title":{"rendered":"BLOGUEIRO DEUSIMAR DAS ABELHAS JUSTIFICANDO E CONFIRMANDO PORQUE VAI CONTINUAR POSTANDO AS A\u00c7\u00d5ES DO GOVERNO DE NOSSA LINDA E EXTENSA BAHIA."},"content":{"rendered":"<p><img loading=\"lazy\" decoding=\"async\" src=\"http:\/\/www.portaldenoticias.net\/deusimar\/wp-content\/uploads\/2015\/03\/deusmar-e-rui-costa.jpg\" alt=\"deusmar  e rui costa\" width=\"259\" height=\"194\" class=\"alignleft size-full wp-image-1295\" srcset=\"https:\/\/portaldenoticias.net\/deusimar\/wp-content\/uploads\/2015\/03\/deusmar-e-rui-costa.jpg 259w, https:\/\/portaldenoticias.net\/deusimar\/wp-content\/uploads\/2015\/03\/deusmar-e-rui-costa-174x131.jpg 174w, https:\/\/portaldenoticias.net\/deusimar\/wp-content\/uploads\/2015\/03\/deusmar-e-rui-costa-70x53.jpg 70w\" sizes=\"auto, (max-width: 259px) 100vw, 259px\" \/><\/p>\n<p>Ol\u00e1 leitores amigos de nossos blogs!!<br \/>\nDiante de uma s\u00e9rie de cr\u00edticas que este blogueiro de voc\u00eas vem recebendo ultimamente por ter disponibilizado um bom espa\u00e7o de nosso blog para a postagem das a\u00e7\u00f5es do governo de nossa linda e extensa Bahia,gostaria de deixar claro que este procedimento \u00e9 de minha livre e espont\u00e2nea vontade,com sinal verde do propriet\u00e1rio do site(www.portaldenoticias.net) que hospeda o blog,inclusive,esta minha atitude vem desde 2010\/2011 quando disponibilizei o blog na divulga\u00e7\u00e3o das a\u00e7\u00f5es parlamentares de Rui Costa,deputado federal, e Chefe da Casa Civil, \u00e0 \u00e9poca. Declaro a bem da verdade, e para os devidos fins, que para tal atitude tenho meus motivos(n\u00e3o sou obrigado a revelar),e que agrandando ou contrariando quem quer que seja,este trabalho do blogueiro vai continuar, entendendo e compreendo que o espa\u00e7o do blog \u00e9 democr\u00e1tico,e quest\u00e3o de gosto nunca se discute.<br \/>\nNas considera\u00e7\u00f5es finais deste blogueiro de voc\u00eas, no VALE A PENA LER DE NOVO, segue a confirma\u00e7\u00e3o do que acabou dizer este blogueiro de voc\u00eas sobre as postagens desde 2010\/2011, lendo na \u00edntegra esta mat\u00e9ria abaixo, que foi publicada em nossos blogs em 22-12-2011,que trata da decis\u00e3o acertada do ex-governador Jaques Wagner na convoca\u00e7\u00e3o de nosso Deputado Federal, Rui Costa para chefiar a Casa Civil, e tornar-se depois o seu sucessor.Aquele(a), que precisar de mais confirma\u00e7\u00e3o do que est\u00e1 dizendo este blogueiro amigo, basta pesquisar assim no Dr. Google: BLOG DEUSIMAR DAS ABELHAS- A\u00c7\u00d5ES PARLAMENTARES DO DEPUTADO FEDERAL RUI COSTA E DAS A\u00c7\u00d5ES DA SECRETARIA DA CASA CiVIL DO GOVERNO DO ESTADO DA BAHIA. <\/p>\n<p>NOTE: POST DE 22-12-2011<br \/>\nOS BLOGS DEUSIMAR DAS ABELHAS DIVULGA A CONVOCA\u00c7\u00c3O DO DEPUTADO DA \u201cA\u00c7\u00c3O DA NOVA BAHIA\u201d,PARA CHEFIAR A CASA CIVIL DO GOVERNO DO ESTADO.<br \/>\nGovernador Jaques Wagner confirma Rui Costa na Casa Civil Publicado por: Gabriel Ara\u00fajo Pol\u00edtica Dec 22, 2011 O governador Jaques Wagner deve anunciar no in\u00edcio de janeiro os substitutos de Eva Chiavon na Casa Civil (ela foi para a Secretaria Executiva do Minist\u00e9rio do Planejamento) e Carlos Martins na Fazenda (ele ir\u00e1 disputar a Prefeitura de Candeias). Wagner confirmou ontem que o deputado federal Rui Costa (PT), que foi secret\u00e1rio de Rela\u00e7\u00f5es Institucionais no primeiro governo, ir\u00e1 mesmo para a Casa Civil, o setor que faz a articula\u00e7\u00e3o para tocar os projetos mais importantes do governo, como a Fiol e o Porto Sul. Para a Secretaria da Fazenda, tem o perfil do que quer, est\u00e1 pensando em alguns nomes, mas ainda n\u00e3o escolheu. -Tem que ser algu\u00e9m que entenda do ramo, conhe\u00e7a a casa e tenha uma boa rela\u00e7\u00e3o comigo, \u00e9 l\u00f3gico. Algu\u00e9m j\u00e1 disse que entregar o dinheiro \u00e9 entregar o poder. Wagner diz que Martins tem at\u00e9 mar\u00e7o para sair, mas prefere liquidar o assunto j\u00e1. Entre o secretariado de Wagner h\u00e1 quem diga que o governo vai sofrer uma forte baixa no meio de campo com a sa\u00edda de Carlos Martins. Apesar de muito criticado pela oposi\u00e7\u00e3o, no p\u00fablico interno ele \u00e9 festejado por uma qualidade: cumpre o que acerta. Os colegas torcem por Martins e para que o sucessor dele tenha o mesmo perfil. (A Tarde)<br \/>\nCOLABORA\u00c7\u00c3O DOS:<br \/>\n<img loading=\"lazy\" decoding=\"async\" src=\"http:\/\/www.portaldenoticias.net\/deusimar\/wp-content\/uploads\/2015\/03\/CARTAO-DE-VISITA-DEUSIMAR-450x250.jpg\" alt=\"CARTAO DE VISITA DEUSIMAR\" width=\"450\" height=\"250\" class=\"alignleft size-medium wp-image-1224\" srcset=\"https:\/\/portaldenoticias.net\/deusimar\/wp-content\/uploads\/2015\/03\/CARTAO-DE-VISITA-DEUSIMAR-450x250.jpg 450w, https:\/\/portaldenoticias.net\/deusimar\/wp-content\/uploads\/2015\/03\/CARTAO-DE-VISITA-DEUSIMAR-640x356.jpg 640w, https:\/\/portaldenoticias.net\/deusimar\/wp-content\/uploads\/2015\/03\/CARTAO-DE-VISITA-DEUSIMAR.jpg 1062w\" sizes=\"auto, (max-width: 450px) 100vw, 450px\" \/><\/p>\n","protected":false},"excerpt":{"rendered":"<p>Ol\u00e1 leitores amigos de nossos blogs!! Diante de uma s\u00e9rie de cr\u00edticas que este blogueiro de voc\u00eas vem recebendo ultimamente por ter disponibilizado um bom espa\u00e7o de nosso blog para a postagem das a\u00e7\u00f5es do governo de nossa linda e extensa Bahia,gostaria de deixar claro que este procedimento \u00e9 de minha livre e espont\u00e2nea vontade,com [&hellip;]<\/p>\n","protected":false},"author":2,"featured_media":0,"comment_status":"open","ping_status":"open","sticky":false,"template":"","format":"standard","meta":{"footnotes":""},"categories":[1],"tags":[],"class_list":{"0":"post-1294","1":"post","2":"type-post","3":"status-publish","4":"format-standard","6":"category-destaques"},"_links":{"self":[{"href":"https:\/\/portaldenoticias.net\/deusimar\/wp-json\/wp\/v2\/posts\/1294","targetHints":{"allow":["GET"]}}],"collection":[{"href":"https:\/\/portaldenoticias.net\/deusimar\/wp-json\/wp\/v2\/posts"}],"about":[{"href":"https:\/\/portaldenoticias.net\/deusimar\/wp-json\/wp\/v2\/types\/post"}],"author":[{"embeddable":true,"href":"https:\/\/portaldenoticias.net\/deusimar\/wp-json\/wp\/v2\/users\/2"}],"replies":[{"embeddable":true,"href":"https:\/\/portaldenoticias.net\/deusimar\/wp-json\/wp\/v2\/comments?post=1294"}],"version-history":[{"count":0,"href":"https:\/\/portaldenoticias.net\/deusimar\/wp-json\/wp\/v2\/posts\/1294\/revisions"}],"wp:attachment":[{"href":"https:\/\/portaldenoticias.net\/deusimar\/wp-json\/wp\/v2\/media?parent=1294"}],"wp:term":[{"taxonomy":"category","embeddable":true,"href":"https:\/\/portaldenoticias.net\/deusimar\/wp-json\/wp\/v2\/categories?post=1294"},{"taxonomy":"post_tag","embeddable":true,"href":"https:\/\/portaldenoticias.net\/deusimar\/wp-json\/wp\/v2\/tags?post=1294"}],"curies":[{"name":"wp","href":"https:\/\/api.w.org\/{rel}","templated":true}]}}