{"id":1278,"date":"2015-03-16T17:55:25","date_gmt":"2015-03-16T20:55:25","guid":{"rendered":"http:\/\/www.portaldenoticias.net\/deusimar\/?p=1278"},"modified":"2015-03-16T17:55:25","modified_gmt":"2015-03-16T20:55:25","slug":"governador-de-nossa-linda-e-extensa-bahia-cumpre-agenda-ate-as-18-horas-de-hoje16em-feira-de-santana","status":"publish","type":"post","link":"https:\/\/portaldenoticias.net\/deusimar\/governador-de-nossa-linda-e-extensa-bahia-cumpre-agenda-ate-as-18-horas-de-hoje16em-feira-de-santana\/","title":{"rendered":"GOVERNADOR DE NOSSA LINDA E EXTENSA BAHIA CUMPRE AGENDA ATE AS 18 HORAS DE HOJE(16)EM FEIRA DE SANTANA."},"content":{"rendered":"<p><img loading=\"lazy\" decoding=\"async\" src=\"http:\/\/www.portaldenoticias.net\/deusimar\/wp-content\/uploads\/2015\/02\/RUI-COSTA-IMAGEM-GRANDE-DO-FACE..png\" alt=\"RUI COSTA IMAGEM GRANDE DO FACE.\" width=\"160\" height=\"160\" class=\"alignleft size-full wp-image-832\" srcset=\"https:\/\/portaldenoticias.net\/deusimar\/wp-content\/uploads\/2015\/02\/RUI-COSTA-IMAGEM-GRANDE-DO-FACE..png 160w, https:\/\/portaldenoticias.net\/deusimar\/wp-content\/uploads\/2015\/02\/RUI-COSTA-IMAGEM-GRANDE-DO-FACE.-150x150.png 150w\" sizes=\"auto, (max-width: 160px) 100vw, 160px\" \/><\/p>\n<p>Rui Costa adicionou 18 novas fotos ao \u00e1lbum: Feira de Santana.<br \/>\n4 h \u00b7<br \/>\nA semana come\u00e7ou bem cedo, em Feira de Santana. Hoje, minha agenda na cidade vai at\u00e9 \u00e0s 18h, com muitas visitas, entregas e assinatura de ordem de servi\u00e7o. Para mim, \u00e9 um prazer enorme estar aqui mais uma vez visitando e trazendo boas not\u00edcias. Come\u00e7amos entregando 98 \u00f4nibus escolares para v\u00e1rias cidades, em uma parceria entre o governo do estado e o governo federal. \u00c9 fundamental a garantia de que todos os alunos tenham transporte para ir \u00e0 escola, principalmente aqueles da zona rural. O programa foi criado por Lula em 2009 e mantido por Dilma, que assim, como o Governo do Estado, compartilha do nosso carinho e do compromisso com a Educa\u00e7\u00e3o na constru\u00e7\u00e3o de creches. J\u00e1 s\u00e3o mais de 600 creches em constru\u00e7\u00e3o na Bahia. Mais tarde, dei ordem de servi\u00e7o para a nova e \u00faltima etapa do projeto da Lagoa Grande, um investimento de 23 milh\u00f5es para recuperar uma \u00e1rea que estava degradada. Como de costume, tamb\u00e9m n\u00e3o poderia deixar de fazer minhas visitas a escolas, dando continuidade ao \u202a#\u200ePactoPelaEduca\u00e7\u00e3o\u202c. Hoje essa agenda inclui o Hospital da Crian\u00e7a, al\u00e9m da Escola Estadual Celita Franca Silva, Escola Municipal Eli Queiroz de Oliveira e do Col\u00e9gio Estadual Ernesto Carneiro Ribeiro. Na minha \u00faltima visita a Feira, ainda em 2014, disse que seria um governador presente. Estejam certos de que estarei aqui para ouvir as demandas e resolv\u00ea-las. Vamos em frente! \u202a#\u200eCorreria\u202c \u202a#\u200eFeira\u202c \u202a#\u200eSa\u00fade\u202c \u202a#\u200eEduca\u00e7\u00e3o\u202c \u202a#\u200eInfraestrutura\u202c<\/p>\n<p><img loading=\"lazy\" decoding=\"async\" src=\"http:\/\/www.portaldenoticias.net\/deusimar\/wp-content\/uploads\/2015\/03\/RUI-EM-FEIRA-450x300.jpg\" alt=\"RUI EM FEIRA\" width=\"450\" height=\"300\" class=\"alignleft size-medium wp-image-1279\" srcset=\"https:\/\/portaldenoticias.net\/deusimar\/wp-content\/uploads\/2015\/03\/RUI-EM-FEIRA-450x300.jpg 450w, https:\/\/portaldenoticias.net\/deusimar\/wp-content\/uploads\/2015\/03\/RUI-EM-FEIRA-640x426.jpg 640w, https:\/\/portaldenoticias.net\/deusimar\/wp-content\/uploads\/2015\/03\/RUI-EM-FEIRA.jpg 960w\" sizes=\"auto, (max-width: 450px) 100vw, 450px\" \/><\/p>\n<p><img loading=\"lazy\" decoding=\"async\" src=\"http:\/\/www.portaldenoticias.net\/deusimar\/wp-content\/uploads\/2015\/03\/RUI-ENTREGA-ONIBUS-ESCOLARES.jpg\" alt=\"RUI ENTREGA ONIBUS ESCOLARES\" width=\"235\" height=\"156\" class=\"alignleft size-full wp-image-1280\" \/><\/p>\n<p><img loading=\"lazy\" decoding=\"async\" src=\"http:\/\/www.portaldenoticias.net\/deusimar\/wp-content\/uploads\/2015\/03\/RUI-VOSTA-ESCOLAS-E-M-FEIRA.jpg\" alt=\"RUI  VOSTA ESCOLAS E M FEIRA\" width=\"235\" height=\"156\" class=\"alignleft size-full wp-image-1281\" \/><\/p>\n<p>COLABORA\u00c7\u00c3O E COMPLEMENTOS DOS:<\/p>\n<p><img loading=\"lazy\" decoding=\"async\" src=\"http:\/\/www.portaldenoticias.net\/deusimar\/wp-content\/uploads\/2015\/03\/CARTAO-DE-VISITA-DEUSIMAR-450x250.jpg\" alt=\"CARTAO DE VISITA DEUSIMAR\" width=\"450\" height=\"250\" class=\"alignleft size-medium wp-image-1224\" srcset=\"https:\/\/portaldenoticias.net\/deusimar\/wp-content\/uploads\/2015\/03\/CARTAO-DE-VISITA-DEUSIMAR-450x250.jpg 450w, https:\/\/portaldenoticias.net\/deusimar\/wp-content\/uploads\/2015\/03\/CARTAO-DE-VISITA-DEUSIMAR-640x356.jpg 640w, https:\/\/portaldenoticias.net\/deusimar\/wp-content\/uploads\/2015\/03\/CARTAO-DE-VISITA-DEUSIMAR.jpg 1062w\" sizes=\"auto, (max-width: 450px) 100vw, 450px\" \/><\/p>\n","protected":false},"excerpt":{"rendered":"<p>Rui Costa adicionou 18 novas fotos ao \u00e1lbum: Feira de Santana. 4 h \u00b7 A semana come\u00e7ou bem cedo, em Feira de Santana. Hoje, minha agenda na cidade vai at\u00e9 \u00e0s 18h, com muitas visitas, entregas e assinatura de ordem de servi\u00e7o. Para mim, \u00e9 um prazer enorme estar aqui mais uma vez visitando e [&hellip;]<\/p>\n","protected":false},"author":2,"featured_media":0,"comment_status":"open","ping_status":"open","sticky":false,"template":"","format":"standard","meta":{"footnotes":""},"categories":[1],"tags":[],"class_list":{"0":"post-1278","1":"post","2":"type-post","3":"status-publish","4":"format-standard","6":"category-destaques"},"_links":{"self":[{"href":"https:\/\/portaldenoticias.net\/deusimar\/wp-json\/wp\/v2\/posts\/1278","targetHints":{"allow":["GET"]}}],"collection":[{"href":"https:\/\/portaldenoticias.net\/deusimar\/wp-json\/wp\/v2\/posts"}],"about":[{"href":"https:\/\/portaldenoticias.net\/deusimar\/wp-json\/wp\/v2\/types\/post"}],"author":[{"embeddable":true,"href":"https:\/\/portaldenoticias.net\/deusimar\/wp-json\/wp\/v2\/users\/2"}],"replies":[{"embeddable":true,"href":"https:\/\/portaldenoticias.net\/deusimar\/wp-json\/wp\/v2\/comments?post=1278"}],"version-history":[{"count":0,"href":"https:\/\/portaldenoticias.net\/deusimar\/wp-json\/wp\/v2\/posts\/1278\/revisions"}],"wp:attachment":[{"href":"https:\/\/portaldenoticias.net\/deusimar\/wp-json\/wp\/v2\/media?parent=1278"}],"wp:term":[{"taxonomy":"category","embeddable":true,"href":"https:\/\/portaldenoticias.net\/deusimar\/wp-json\/wp\/v2\/categories?post=1278"},{"taxonomy":"post_tag","embeddable":true,"href":"https:\/\/portaldenoticias.net\/deusimar\/wp-json\/wp\/v2\/tags?post=1278"}],"curies":[{"name":"wp","href":"https:\/\/api.w.org\/{rel}","templated":true}]}}