{"id":1251,"date":"2015-03-15T12:54:21","date_gmt":"2015-03-15T15:54:21","guid":{"rendered":"http:\/\/www.portaldenoticias.net\/deusimar\/?p=1251"},"modified":"2015-03-15T12:55:26","modified_gmt":"2015-03-15T15:55:26","slug":"blog-do-deusimar-apresentando-acoluna-do-agenor-uma-nacao-inadimplente","status":"publish","type":"post","link":"https:\/\/portaldenoticias.net\/deusimar\/blog-do-deusimar-apresentando-acoluna-do-agenor-uma-nacao-inadimplente\/","title":{"rendered":"BLOG DO DEUSIMAR APRESENTANDO ACOLUNA DO AGENOR \u2013 UMA NA\u00c7\u00c3O INADIMPLENTE."},"content":{"rendered":"<p>COLUNA DO AGENOR \u2013 UMA NA\u00c7\u00c3O INADIMPLENTE<br \/>\nPublicado em 15 de mar\u00e7o de 2015 por Florisvaldo em Brasil, Destaques, Economia, Opini\u00e3o, Pol\u00edtica, \u00daltimas Not\u00edcias \/\/ 0 coment\u00e1rios<br \/>\n<img loading=\"lazy\" decoding=\"async\" src=\"http:\/\/www.portaldenoticias.net\/deusimar\/wp-content\/uploads\/2015\/03\/IMAGEM-COLUNA-DO-AGENOR-3.jpg\" alt=\"IMAGEM COLUNA DO AGENOR-3\" width=\"384\" height=\"256\" class=\"alignleft size-full wp-image-1252\" \/><\/p>\n<p>A miss\u00e3o prec\u00edpua de um cronista \u00e9 registrar e comentar os fatos di\u00e1rios, pol\u00edticos ou n\u00e3o, analisando-os por uma determinada \u00f3tica e nos detalhes nem sempre visualizados pelo leitor. N\u00e3o lhe cabe a miss\u00e3o do jornalismo investigativo, da\u00ed porque os fundamentos que d\u00e3o base \u00e0s suas reflex\u00f5es s\u00e3o encontrados no pr\u00f3prio manancial de not\u00edcias da vasta m\u00eddia \u00e0 sua disposi\u00e7\u00e3o. Obviamente que, diante da diversidade de posi\u00e7\u00f5es pol\u00edticas do grande universo de leitores, o pensamento do autor jamais ir\u00e1 satisfazer plenamente a todas as tend\u00eancias, raz\u00e3o porque n\u00e3o existe o compromisso de agradar essa ou aquela corrente pol\u00edtica, at\u00e9 mesmo em respeito ao direito de preservar a sua pr\u00f3pria individualidade.<\/p>\n<p>Embora tenha consci\u00eancia do valor que representam para a democracia as organiza\u00e7\u00f5es partid\u00e1rias, tenho profunda restri\u00e7\u00e3o ao elevado n\u00famero atual de partidos que somente prestam um desservi\u00e7o a essa mesma democracia. Al\u00e9m de n\u00e3o ter v\u00ednculo nem apego a qualquer um deles, existem mais motivos para repudiar alguns pelo desempenho nocivo aos interesses nacionais, e por culpa da voca\u00e7\u00e3o pol\u00edtica de muitos dos seus integrantes.<\/p>\n<p>As ila\u00e7\u00f5es iniciais n\u00e3o devem desviar, contudo, o foco da reflex\u00e3o sobre fatos recentes de certa gravidade, que, \u00e0s vezes, passaram e passam ainda despercebidos da grande maioria dos brasileiros. As leis vigentes exigem do cidad\u00e3o comum lisura e integridade de conduta na sociedade, afim de que lhe sejam atribu\u00eddas confian\u00e7a e credibilidade comercial. Tamb\u00e9m as empresas jur\u00eddicas s\u00e3o submetidas aos rigores da lei e quando sua liquidez e conceito n\u00e3o v\u00e3o bem os seus pleitos s\u00e3o indeferidos liminarmente. Para isso, existe a consulta a um \u00f3rg\u00e3o centralizador dessas informa\u00e7\u00f5es, tipo Servi\u00e7o de Prote\u00e7\u00e3o ao Cr\u00e9dito-SPC e SERASA. E o que pensar do Estado que constituiu essas mesmas leis e exige o inegoci\u00e1vel respeito dos entes f\u00edsicos e jur\u00eddicos que o integram? J\u00e1 imagino a sua resposta, caro leitor\u2026<\/p>\n<p>Bem, j\u00e1 que foi lan\u00e7ada a d\u00favida, volto \u00e0 men\u00e7\u00e3o de alguns maus exemplos t\u00e3o incomuns que, em princ\u00edpio, o leitor n\u00e3o vai querer acreditar, porque impens\u00e1veis! Vazou a not\u00edcia de que vem sendo deplor\u00e1vel o estado de quase abandono de algumas Embaixadas brasileiras (T\u00f3quio, Lisboa, Guianas e Estados Unidos), com amea\u00e7a de corte de energia e \u00e1gua por falta de pagamento, falta de dinheiro para comprar papel para impressoras, corte de internet e outros gastos. Em Benin, na \u00c1frica, foi efetuado o corte de energia e \u00e1gua, e a Embaixada estava \u00e0 base de luz de velas e banhos de canecos pelos seus funcion\u00e1rios (Fonte: Sinditamaraty, Folha de S\u00e3o Paulo). Quadro de pen\u00faria de extremo rid\u00edculo para a diplomacia brasileira! Uma na\u00e7\u00e3o a caminho de ser NEGATIVADA, como se diria\u2026<\/p>\n<p>Mas a situa\u00e7\u00e3o ainda \u00e9 mais grave: a) O Brasil deve 8,1 milh\u00f5es de d\u00f3lares de contribui\u00e7\u00e3o anual \u00e0 OEA-Organiza\u00e7\u00e3o dos Estados Americanos e, face \u00e0 inadimpl\u00eancia, est\u00e1 h\u00e1 4 anos sem representante diplom\u00e1tico; b) H\u00e1 5 anos n\u00e3o paga a contribui\u00e7\u00e3o devida \u00e0 CIDH-Comiss\u00e3o Internacional de Direitos Humanos; c) D\u00edvida acumulada de 35,0 milh\u00f5es de d\u00f3lares com a Ag\u00eancia Internacional de Energia At\u00f4mica; d) D\u00edvida acumulada de 6,0 milh\u00f5es de d\u00f3lares com o Tribunal Penal Internacional; e) D\u00edvida com a ONU-Organiza\u00e7\u00e3o das Na\u00e7\u00f5es Unidas, referente \u00e0 contribui\u00e7\u00e3o devida como pa\u00eds membro para as atividades regulares em opera\u00e7\u00f5es de paz, no montante de 87,0 milh\u00f5es de d\u00f3lares. Tantas d\u00edvidas com organismos internacionais n\u00e3o podem inspirar qualquer confian\u00e7a dos investidores num pa\u00eds que ou est\u00e1 quebrado ou tem graves problemas de gest\u00e3o!<\/p>\n<p>Como o brasileiro, em s\u00e3 consci\u00eancia, pode compreender e aceitar um quadro t\u00e3o deplor\u00e1vel de alheamento e desrespeito com os compromissos assumidos pela Na\u00e7\u00e3o? Vale ressaltar que no rein\u00edcio anual dos trabalhos da ONU ao Presidente da Rep\u00fablica do Brasil \u00e9 reservado o lugar de honra para o discurso oficial de abertura (vide foto), o que expressa a posi\u00e7\u00e3o de destaque e respeito que lhe \u00e9 atribu\u00eddo. Contrariamente ao conceito internacional que desfruta, \u00e9 exatamente este nosso pa\u00eds o grande inadimplente com a entidade mundial que congrega 193 na\u00e7\u00f5es ap\u00f3s a Segunda Grande Guerra Mundial\u2026!<\/p>\n<p>Ainda que muitos pretendam ocultar a verdade, \u00e9 absolutamente imposs\u00edvel silenciar diante de tanto descalabro, cuja inadimpl\u00eancia somente envergonha o Estado brasileiro perante o conjunto das Na\u00e7\u00f5es. Mesmo compreendendo a necessidade do Governo de dar prioridade ao encaminhamento de solu\u00e7\u00f5es para os graves problemas sociais internos, al\u00e9m da Educa\u00e7\u00e3o, Sa\u00fade e Seguran\u00e7a, n\u00e3o \u00e9 poss\u00edvel desconhecer os seus compromissos internacionais, historicamente assumidos. A Coordenadora de Pol\u00edtica Externa da ONG Conectas Direitos Humanos, Camile Asano, assim se manifestou: \u201cO n\u00e3o pagamento das cotas [\u2026] significa o descumprimento deliberado e irrespons\u00e1vel de uma obriga\u00e7\u00e3o internacional do Brasil\u201d.<\/p>\n<p>Pensando no drama que passa o cidad\u00e3o comum, honesto e \u00edntegro, quando v\u00ea o seu nome encaminhado ao SPC ou SERASA face a dificuldades financeiras, capaz de vender at\u00e9 mesmo as cal\u00e7as para limpar o nome, \u00e9 estarrecedor v\u00ea que os nossos governantes est\u00e3o pouco se lixando para o p\u00e9ssimo conceito que o Brasil possa ter por n\u00e3o honrar as suas obriga\u00e7\u00f5es institucionais como na\u00e7\u00e3o\u2026! Como ningu\u00e9m do governo saiu a p\u00fablico para contestar o que divulgou a imprensa, a atitude de devedor do Brasil \u00e9 muito semelhante e apropriada ao ditado popular usado pelos devedores que n\u00e3o assumem ou n\u00e3o v\u00e3o pagar mesmo os seus d\u00e9bitos, quando dizem: \u201cDEVO E N\u00c3O NEGO, PAGO QUANDO PUDER\u201d ou no trocadilho: \u201cDEVO E N\u00c3O PAGO, NEGO ENQUANTO PUDER\u201d.<\/p>\n<p>Autor: Adm.  Agenor Santos, P\u00f3s-Gradua\u00e7\u00e3o Lato Sensu em Controle, Monitoramento e Avalia\u00e7\u00e3o no Setor P\u00fablico \u2013 Salvador \u2013 BA.<\/p>\n<p> <img loading=\"lazy\" decoding=\"async\" src=\"http:\/\/www.portaldenoticias.net\/deusimar\/wp-content\/uploads\/2015\/01\/z9.jpg\" alt=\"z9\" width=\"291\" height=\"293\" class=\"alignleft size-full wp-image-43\" srcset=\"https:\/\/portaldenoticias.net\/deusimar\/wp-content\/uploads\/2015\/01\/z9.jpg 291w, https:\/\/portaldenoticias.net\/deusimar\/wp-content\/uploads\/2015\/01\/z9-150x150.jpg 150w\" sizes=\"auto, (max-width: 291px) 100vw, 291px\" \/><\/p>\n<p>CONTRIBUI\u00c7\u00c3O DE:Blog do Florisvaldo \u2013 Informa\u00e7\u00e3o com imparcialidade \u2013 15\/03\/2015<\/p>\n<p>Florisvaldo Ferreira dos Santos<\/p>\n<p>Consultor de Seguros e Benef\u00edcios<\/p>\n<p>COLABORA\u00c7\u00c3O DOS:<br \/>\n<img loading=\"lazy\" decoding=\"async\" src=\"http:\/\/www.portaldenoticias.net\/deusimar\/wp-content\/uploads\/2015\/03\/CARTAO-DE-VISITA-DEUSIMAR-450x250.jpg\" alt=\"CARTAO DE VISITA DEUSIMAR\" width=\"450\" height=\"250\" class=\"alignleft size-medium wp-image-1224\" srcset=\"https:\/\/portaldenoticias.net\/deusimar\/wp-content\/uploads\/2015\/03\/CARTAO-DE-VISITA-DEUSIMAR-450x250.jpg 450w, https:\/\/portaldenoticias.net\/deusimar\/wp-content\/uploads\/2015\/03\/CARTAO-DE-VISITA-DEUSIMAR-640x356.jpg 640w, https:\/\/portaldenoticias.net\/deusimar\/wp-content\/uploads\/2015\/03\/CARTAO-DE-VISITA-DEUSIMAR.jpg 1062w\" sizes=\"auto, (max-width: 450px) 100vw, 450px\" \/><\/p>\n","protected":false},"excerpt":{"rendered":"<p>COLUNA DO AGENOR \u2013 UMA NA\u00c7\u00c3O INADIMPLENTE Publicado em 15 de mar\u00e7o de 2015 por Florisvaldo em Brasil, Destaques, Economia, Opini\u00e3o, Pol\u00edtica, \u00daltimas Not\u00edcias \/\/ 0 coment\u00e1rios A miss\u00e3o prec\u00edpua de um cronista \u00e9 registrar e comentar os fatos di\u00e1rios, pol\u00edticos ou n\u00e3o, analisando-os por uma determinada \u00f3tica e nos detalhes nem sempre visualizados pelo [&hellip;]<\/p>\n","protected":false},"author":2,"featured_media":0,"comment_status":"open","ping_status":"open","sticky":false,"template":"","format":"standard","meta":{"footnotes":""},"categories":[1],"tags":[],"class_list":{"0":"post-1251","1":"post","2":"type-post","3":"status-publish","4":"format-standard","6":"category-destaques"},"_links":{"self":[{"href":"https:\/\/portaldenoticias.net\/deusimar\/wp-json\/wp\/v2\/posts\/1251","targetHints":{"allow":["GET"]}}],"collection":[{"href":"https:\/\/portaldenoticias.net\/deusimar\/wp-json\/wp\/v2\/posts"}],"about":[{"href":"https:\/\/portaldenoticias.net\/deusimar\/wp-json\/wp\/v2\/types\/post"}],"author":[{"embeddable":true,"href":"https:\/\/portaldenoticias.net\/deusimar\/wp-json\/wp\/v2\/users\/2"}],"replies":[{"embeddable":true,"href":"https:\/\/portaldenoticias.net\/deusimar\/wp-json\/wp\/v2\/comments?post=1251"}],"version-history":[{"count":0,"href":"https:\/\/portaldenoticias.net\/deusimar\/wp-json\/wp\/v2\/posts\/1251\/revisions"}],"wp:attachment":[{"href":"https:\/\/portaldenoticias.net\/deusimar\/wp-json\/wp\/v2\/media?parent=1251"}],"wp:term":[{"taxonomy":"category","embeddable":true,"href":"https:\/\/portaldenoticias.net\/deusimar\/wp-json\/wp\/v2\/categories?post=1251"},{"taxonomy":"post_tag","embeddable":true,"href":"https:\/\/portaldenoticias.net\/deusimar\/wp-json\/wp\/v2\/tags?post=1251"}],"curies":[{"name":"wp","href":"https:\/\/api.w.org\/{rel}","templated":true}]}}