{"id":1245,"date":"2015-03-15T12:32:32","date_gmt":"2015-03-15T15:32:32","guid":{"rendered":"http:\/\/www.portaldenoticias.net\/deusimar\/?p=1245"},"modified":"2015-03-15T12:34:40","modified_gmt":"2015-03-15T15:34:40","slug":"secomsecretaria-de-comunicacao-do-governo-de-nossa-linda-e-extensa-bahia-disponibilizando-link-para-o-acesso-a-agenda-do-governador","status":"publish","type":"post","link":"https:\/\/portaldenoticias.net\/deusimar\/secomsecretaria-de-comunicacao-do-governo-de-nossa-linda-e-extensa-bahia-disponibilizando-link-para-o-acesso-a-agenda-do-governador\/","title":{"rendered":"SECOM-SECRETARIA DE COMUNICA\u00c7\u00c3O DO GOVERNO DE NOSSA LINDA E EXTENSA BAHIA DISPONIBILIZANDO LINK PARA O ACESSO A AGENDA DO GOVERNADOR."},"content":{"rendered":"<p><img loading=\"lazy\" decoding=\"async\" src=\"http:\/\/www.portaldenoticias.net\/deusimar\/wp-content\/uploads\/2015\/02\/RUI-COSTA-IMAGEM-GRANDE-DO-FACE..png\" alt=\"RUI COSTA IMAGEM GRANDE DO FACE.\" width=\"160\" height=\"160\" class=\"alignleft size-full wp-image-832\" srcset=\"https:\/\/portaldenoticias.net\/deusimar\/wp-content\/uploads\/2015\/02\/RUI-COSTA-IMAGEM-GRANDE-DO-FACE..png 160w, https:\/\/portaldenoticias.net\/deusimar\/wp-content\/uploads\/2015\/02\/RUI-COSTA-IMAGEM-GRANDE-DO-FACE.-150x150.png 150w\" sizes=\"auto, (max-width: 160px) 100vw, 160px\" \/><br \/>\nRui Costa compartilhou a foto de Secom &#8211; Comunica\u00e7\u00e3o Bahia.<br \/>\n13 de mar\u00e7o \u00e0s 10:02 \u00b7<br \/>\nAcesse o Flickr e baixe as imagens das a\u00e7\u00f5es e agendas do Governo; http:\/\/bit.ly\/1FS0YBM<\/p>\n<p><img loading=\"lazy\" decoding=\"async\" src=\"http:\/\/www.portaldenoticias.net\/deusimar\/wp-content\/uploads\/2015\/03\/LINK-DO-NVO-GOVERNADOR-450x300.png\" alt=\"LINK DO NVO GOVERNADOR\" width=\"450\" height=\"300\" class=\"alignleft size-medium wp-image-1246\" srcset=\"https:\/\/portaldenoticias.net\/deusimar\/wp-content\/uploads\/2015\/03\/LINK-DO-NVO-GOVERNADOR-450x300.png 450w, https:\/\/portaldenoticias.net\/deusimar\/wp-content\/uploads\/2015\/03\/LINK-DO-NVO-GOVERNADOR.png 472w\" sizes=\"auto, (max-width: 450px) 100vw, 450px\" \/><\/p>\n<p>Secom &#8211; Comunica\u00e7\u00e3o Bahia<br \/>\nConsiderado uma das principais ferramentas para hospedagem de imagens, o Flickr se tornou um importante refor\u00e7o na divulga\u00e7\u00e3o das imagens feitas pelos fot\u00f3grafos da Secretaria de Comunica\u00e7\u00e3o Social do Governo da Bahia.<\/p>\n<p>Somente nos meses de janeiro e fevereiro de 2015, foram publicadas 6.730 imagens, resultado da cobertura fotogr\u00e1fica das a\u00e7\u00f5es do governo em diversas \u00e1reas, bem como dos compromissos do governador Rui Costa em Salvador e nas viagens ao interior.<\/p>\n<p>Nos primeiros 59 dias deste ano, 447.769 acessos foram contabilizados no Flickr do Governo da Bahia. Isto porque as fotos que o governador tira ao lado do povo e que s\u00e3o registradas pelas lentes dos fot\u00f3grafos da Secom, al\u00e9m de serem utilizadas pela imprensa, podem ser baixadas no site em alta resolu\u00e7\u00e3o pela popula\u00e7\u00e3o em geral.<\/p>\n<p>Para acompanhar a cobertura pelo Flickr, acesse http:\/\/bit.ly\/1FS0YBM<\/p>\n<p>\u202a#\u200eFlickr\u202c \u202a#\u200eGovernoDaBahia\u202c \u202a#\u200efotos\u202c<\/p>\n<p>COLABORA\u00c7\u00c3O E COMPLEMENTOS DOS:<br \/>\n<img loading=\"lazy\" decoding=\"async\" src=\"http:\/\/www.portaldenoticias.net\/deusimar\/wp-content\/uploads\/2015\/03\/CARTAO-DE-VISITA-DEUSIMAR-450x250.jpg\" alt=\"CARTAO DE VISITA DEUSIMAR\" width=\"450\" height=\"250\" class=\"alignleft size-medium wp-image-1224\" srcset=\"https:\/\/portaldenoticias.net\/deusimar\/wp-content\/uploads\/2015\/03\/CARTAO-DE-VISITA-DEUSIMAR-450x250.jpg 450w, https:\/\/portaldenoticias.net\/deusimar\/wp-content\/uploads\/2015\/03\/CARTAO-DE-VISITA-DEUSIMAR-640x356.jpg 640w, https:\/\/portaldenoticias.net\/deusimar\/wp-content\/uploads\/2015\/03\/CARTAO-DE-VISITA-DEUSIMAR.jpg 1062w\" sizes=\"auto, (max-width: 450px) 100vw, 450px\" \/><\/p>\n","protected":false},"excerpt":{"rendered":"<p>Rui Costa compartilhou a foto de Secom &#8211; Comunica\u00e7\u00e3o Bahia. 13 de mar\u00e7o \u00e0s 10:02 \u00b7 Acesse o Flickr e baixe as imagens das a\u00e7\u00f5es e agendas do Governo; http:\/\/bit.ly\/1FS0YBM Secom &#8211; Comunica\u00e7\u00e3o Bahia Considerado uma das principais ferramentas para hospedagem de imagens, o Flickr se tornou um importante refor\u00e7o na divulga\u00e7\u00e3o das imagens feitas [&hellip;]<\/p>\n","protected":false},"author":2,"featured_media":0,"comment_status":"open","ping_status":"open","sticky":false,"template":"","format":"standard","meta":{"footnotes":""},"categories":[1],"tags":[],"class_list":{"0":"post-1245","1":"post","2":"type-post","3":"status-publish","4":"format-standard","6":"category-destaques"},"_links":{"self":[{"href":"https:\/\/portaldenoticias.net\/deusimar\/wp-json\/wp\/v2\/posts\/1245","targetHints":{"allow":["GET"]}}],"collection":[{"href":"https:\/\/portaldenoticias.net\/deusimar\/wp-json\/wp\/v2\/posts"}],"about":[{"href":"https:\/\/portaldenoticias.net\/deusimar\/wp-json\/wp\/v2\/types\/post"}],"author":[{"embeddable":true,"href":"https:\/\/portaldenoticias.net\/deusimar\/wp-json\/wp\/v2\/users\/2"}],"replies":[{"embeddable":true,"href":"https:\/\/portaldenoticias.net\/deusimar\/wp-json\/wp\/v2\/comments?post=1245"}],"version-history":[{"count":0,"href":"https:\/\/portaldenoticias.net\/deusimar\/wp-json\/wp\/v2\/posts\/1245\/revisions"}],"wp:attachment":[{"href":"https:\/\/portaldenoticias.net\/deusimar\/wp-json\/wp\/v2\/media?parent=1245"}],"wp:term":[{"taxonomy":"category","embeddable":true,"href":"https:\/\/portaldenoticias.net\/deusimar\/wp-json\/wp\/v2\/categories?post=1245"},{"taxonomy":"post_tag","embeddable":true,"href":"https:\/\/portaldenoticias.net\/deusimar\/wp-json\/wp\/v2\/tags?post=1245"}],"curies":[{"name":"wp","href":"https:\/\/api.w.org\/{rel}","templated":true}]}}