{"id":12405,"date":"2026-01-25T20:08:35","date_gmt":"2026-01-25T23:08:35","guid":{"rendered":"https:\/\/portaldenoticias.net\/deusimar\/?p=12405"},"modified":"2026-01-25T20:08:35","modified_gmt":"2026-01-25T23:08:35","slug":"ditorial-ano-xiv-numero-480-vale-a-pena-ler-de-novo-ii-uma-historia-milenar","status":"publish","type":"post","link":"https:\/\/portaldenoticias.net\/deusimar\/ditorial-ano-xiv-numero-480-vale-a-pena-ler-de-novo-ii-uma-historia-milenar\/","title":{"rendered":"DITORIAL ANO XIV N\u00daMERO 480 \u2013 VALE A PENA LER DE NOVO \u2013 II \u2013 UMA HIST\u00d3RIA MILENAR."},"content":{"rendered":"<div class=\"the-post-header s-head-modern s-head-modern-a\">\n<div class=\"post-meta post-meta-a post-meta-left post-meta-single has-below\">\n<h1 class=\"is-title post-title\"><\/h1>\n<div class=\"post-meta-items meta-below has-author-img\"><span class=\"meta-item post-author has-img\"><img loading=\"lazy\" decoding=\"async\" class=\"avatar avatar-32 photo\" src=\"https:\/\/secure.gravatar.com\/avatar\/23c59839b4c874bb227d4916d18ba065e405a73d0e423fa9255ba9436604e628?s=32&amp;d=mm&amp;r=g\" srcset=\"https:\/\/secure.gravatar.com\/avatar\/23c59839b4c874bb227d4916d18ba065e405a73d0e423fa9255ba9436604e628?s=64&amp;d=mm&amp;r=g 2x\" alt=\"Florisvaldo\" width=\"32\" height=\"32\" \/><span class=\"by\">Por<\/span>\u00a0<a title=\"Posts de Florisvaldo\" href=\"https:\/\/portaldenoticias.net\/ffsantos\/author\/ffsantos\/\" rel=\"author\">Florisvaldo<\/a><\/span><span class=\"meta-item has-next-icon date\"><time class=\"post-date\" datetime=\"2026-01-25T07:00:23-03:00\">25 de janeiro de 2026<\/time><\/span><\/div>\n<\/div>\n<\/div>\n<div class=\"single-featured\"><\/div>\n<div class=\"the-post s-post-modern\">\n<article id=\"post-21941\" class=\"post-21941 post type-post status-publish format-standard has-post-thumbnail category-mundo\">\n<div class=\"post-content-wrap\">\n<div class=\"post-content cf entry-content content-spacious\">\n<figure id=\"attachment_21942\" class=\"wp-caption aligncenter\" aria-describedby=\"caption-attachment-21942\"><a href=\"https:\/\/portaldenoticias.net\/ffsantos\/wp-content\/uploads\/2026\/01\/Agenor-Grecia.png\"><img loading=\"lazy\" decoding=\"async\" class=\"size-full wp-image-21942\" src=\"https:\/\/portaldenoticias.net\/ffsantos\/wp-content\/uploads\/2026\/01\/Agenor-Grecia.png\" sizes=\"auto, (max-width: 566px) 100vw, 566px\" srcset=\"https:\/\/portaldenoticias.net\/ffsantos\/wp-content\/uploads\/2026\/01\/Agenor-Grecia.png 566w, https:\/\/portaldenoticias.net\/ffsantos\/wp-content\/uploads\/2026\/01\/Agenor-Grecia-300x137.png 300w, https:\/\/portaldenoticias.net\/ffsantos\/wp-content\/uploads\/2026\/01\/Agenor-Grecia-150x69.png 150w, https:\/\/portaldenoticias.net\/ffsantos\/wp-content\/uploads\/2026\/01\/Agenor-Grecia-450x206.png 450w\" alt=\"\" width=\"566\" height=\"259\" \/><\/a><figcaption id=\"caption-attachment-21942\" class=\"wp-caption-text\"><em><strong>As ru\u00ednas da cidade de \u00c9feso, na Gr\u00e9cia Antiga<\/strong><\/em><\/figcaption><\/figure>\n<p>\u00c9 uma sensa\u00e7\u00e3o gostosa, gratificante e que causa um extraordin\u00e1rio bem-estar \u00e0 alma, ao se pisar solos t\u00e3o ricos em hist\u00f3ria e que trazem \u00e0 tona a mem\u00f3ria de tantas civiliza\u00e7\u00f5es do passado, que constru\u00edram com suor, sangue e muitas lutas as bases das civiliza\u00e7\u00f5es dos nossos dias.<\/p>\n<p>Que encantamento e express\u00f5es de respeito e admira\u00e7\u00e3o de todos, ao caminharem sobre as pedras lisas e irregulares da cidade \u00c9phesus \u2013 ou \u00c9feso -, cujas origens os arque\u00f3logos chegam a indicar 5.000 anos a. C. (antes de Cristo)!<\/p>\n<p>Com que sacrif\u00edcio constru\u00edram tantos pr\u00e9dios e pal\u00e1cios sustentados por colunas de m\u00e1rmore, entre os quais se destacam o Templo de Artemis; o Templo de Adriano (em homenagem ao Imperador que restaurou a cidade); o Pal\u00e1cio da Prefeitura; o Grande Teatro; as principais ruas Kurets e do Porto, com suas colunas de m\u00e1rmore erguidas dos lados direito e esquerdo ao longo de toda a via! Muita arte e beleza em todas as edifica\u00e7\u00f5es.<\/p>\n<p>Naquele tempo os imp\u00e9rios se expandiam levando destrui\u00e7\u00e3o inapel\u00e1vel a tudo que encontravam pela frente (hoje tamb\u00e9m n\u00e3o \u00e9 muito diferente!) e a cidade de \u00c9feso foi v\u00e1rias vezes atacada e destru\u00edda, mas logo a reconstru\u00edam, mesmo porque havia uma tradi\u00e7\u00e3o de arte e cultura daquele povo que era muito respeitada.<\/p>\n<p>Em nossa passagem por \u00c9feso ganhou bastante relevo o fato hist\u00f3rico de que ali residiram o Ap\u00f3stolo Jo\u00e3o \u2013 o Evangelista, e Maria, a m\u00e3e de Jesus. Fez parte da excurs\u00e3o uma visita \u00e0 pequena casa constru\u00edda de pedra onde ela morou. Vale lembrar que por ali tamb\u00e9m andou o Ap\u00f3stolo Paulo, cuja prova mais evidente da sua passagem \u00e9 a exist\u00eancia no Novo Testamento do livro a \u201cCarta de Paulo aos Ef\u00e9sios\u201d.<\/p>\n<p>Ao lado da emo\u00e7\u00e3o de ter visitado as ru\u00ednas da bel\u00edssima cidade b\u00edblica de \u00c9feso, o prazer da viagem se completou de forma extraordin\u00e1ria ao pisarmos o solo da encantadora cidade de Atenas, capital da Gr\u00e9cia desde 1834. A grandeza e import\u00e2ncia hist\u00f3rica s\u00e3o insuper\u00e1veis e colocou-a por muito tempo como das cidades mais importantes do mundo ocidental.<\/p>\n<p>Por volta do s\u00e9culo V, a. C. (antes de Cristo), ela alcan\u00e7ou o seu apogeu, quando floresceu na arquitetura, na literatura, na matem\u00e1tica, nas ci\u00eancias, na filosofia e na medicina. Alguns dos homens mais c\u00e9lebres do nosso tempo viveram na antiga Atenas, incluindo S\u00f3foles, Eur\u00edpedes, Hip\u00f3crates, S\u00f3crates, Plat\u00e3o e Arist\u00f3teles, homens que influenciaram o mundo.<\/p>\n<p>Foi uma experi\u00eancia fant\u00e1stica visitar as ru\u00ednas do templo Acr\u00f3poles e o Parthenon, cujo cansa\u00e7o para alcan\u00e7ar o alto do monte onde foram edificados \u00e9 plenamente compensado pela deslumbrante vis\u00e3o de toda a moderna Atenas em torno do que restou da antiga cidade.<\/p>\n<p>Saindo de Atenas fizemos uma visita \u00e0 ilha de Mykonos, ainda na Gr\u00e9cia, bel\u00edssima comunidade de casas todas brancas e de janelas azuis, com o desenho de constru\u00e7\u00e3o igual e singular para todas as casas, e um tra\u00e7ado de constru\u00e7\u00e3o bastante aglomerado, com ruas muito estreitas e lembrando um verdadeiro labirinto.<\/p>\n<p>A explica\u00e7\u00e3o para essa particularidade das constru\u00e7\u00f5es era dada no sentido de confundir os piratas e saqueadores do passado, que se perdiam durante os assaltos ao povoado e assim permitia a defesa e o ataque dos moradores sobre os assaltantes at\u00f4nitos e sem encontrar a sa\u00edda.<\/p>\n<p>Pelo exemplo de organiza\u00e7\u00e3o e estrutura voltadas para o turismo, bem que a Prefeitura de Salvador deveria mandar uma comiss\u00e3o de t\u00e9cnicos e Secret\u00e1rio da \u00e1rea de turismo para examinarem e aprenderem como efetuar uma reforma s\u00e9ria e definitiva em suas \u00e1reas hist\u00f3ricas.<\/p>\n<p>\u00c9 muito dif\u00edcil mensurar os valores de uma viagem desta, em que a inten\u00e7\u00e3o tur\u00edstica \u00e9 amplamente superada pelo permanente aprendizado cultural, deixando resultados somente positivos na avalia\u00e7\u00e3o de nossas defici\u00eancias.<\/p>\n<p><strong><em><a href=\"https:\/\/portaldenoticias.net\/ffsantos\/wp-content\/uploads\/2025\/01\/Agenor-Foto-Nova.png\"><img loading=\"lazy\" decoding=\"async\" class=\"alignleft size-full wp-image-19947\" src=\"https:\/\/portaldenoticias.net\/ffsantos\/wp-content\/uploads\/2025\/01\/Agenor-Foto-Nova.png\" alt=\"\" width=\"130\" height=\"193\" \/><\/a>Autor: Adm. Agenor Santos, P\u00f3s-Gradua\u00e7\u00e3o Lato Sensu em Controle, Monitoramento e Avalia\u00e7\u00e3o no Setor P\u00fablico \u2013\u00a0<\/em><\/strong><strong><em>Aposentado do Banco do Brasil-Salvador-BA.<\/em><\/strong><\/p>\n<p><strong><em><u>NOTA DO AUTOR:<\/u><\/em><\/strong><strong>\u00a0Uma justificativa aos meus leitores: Tendo sido acometido pelo ROTAV\u00cdRUS ao longo da semana e sob interna\u00e7\u00e3o hospitalar por quatro dias, fiquei impossibilitado de produzir o meu texto semanal, o que me levou a reeditar um artigo em que trato da minha visita \u00e0 hist\u00f3rica Gr\u00e9cia, artigo publicado em 28\/05\/2012.<\/strong><\/p>\n<p><strong>\u00a0<\/strong><\/p>\n<p><strong><em>Blog do Florisvaldo \u2013 Informa\u00e7\u00e3o Com Imparcialidade<\/em><\/strong><\/p>\n<p><strong>\u00a0<\/strong><\/p>\n<\/div>\n<\/div>\n<\/article>\n<div class=\"author-box\">\n<section class=\"author-info\"><img loading=\"lazy\" decoding=\"async\" class=\"avatar avatar-95 photo\" src=\"https:\/\/secure.gravatar.com\/avatar\/23c59839b4c874bb227d4916d18ba065e405a73d0e423fa9255ba9436604e628?s=95&amp;d=mm&amp;r=g\" srcset=\"https:\/\/secure.gravatar.com\/avatar\/23c59839b4c874bb227d4916d18ba065e405a73d0e423fa9255ba9436604e628?s=190&amp;d=mm&amp;r=g 2x\" alt=\"\" width=\"95\" height=\"95\" \/><\/p>\n<div class=\"description\"><a title=\"Posts de Florisvaldo\" href=\"https:\/\/portaldenoticias.net\/ffsantos\/author\/ffsantos\/\" rel=\"author\">Florisvaldo<\/a><\/div>\n<div><a href=\"http:\/\/portaldenoticias.net\/deusimar\/wp-content\/uploads\/2021\/08\/Deusimar-Agenor.jpg\"><img loading=\"lazy\" decoding=\"async\" class=\"alignleft size-full wp-image-11323\" src=\"http:\/\/portaldenoticias.net\/deusimar\/wp-content\/uploads\/2021\/08\/Deusimar-Agenor.jpg\" alt=\"\" width=\"150\" height=\"150\" \/><\/a><\/div>\n<div>\n<p>COLABORA\u00c7\u00c3O DE:<\/p>\n<p><a title=\"Posts de Florisvaldo\" href=\"https:\/\/portaldenoticias.net\/ffsantos\/author\/ffsantos\/\" rel=\"author\"><u><strong>Jos\u00e9 Deusimar Loiola Gon\u00e7alves<\/strong><\/u><br \/>\n<strong><i>T\u00e9cnico em Agropecu\u00e1ria- Ex-\u00a0 Funcion\u00e1rio Publico do Governo do Estado de nossa linda e extensa Bahia ; Graduado em Administra\u00e7\u00e3o de M\u00e9dias e Pequenas Empresas; Licenciado em Biologia; P\u00f3s Graduado Em Gest\u00e3o Educa\u00e7\u00e3o Ambiental, e Tecn\u00f3logo\u00a0 em Apicultura e Meliponicultura.<\/i><\/strong><br \/>\n<strong>Zap:\u00a0(<\/strong><\/a><strong><a href=\"tel:(75)%2099998-0025\" target=\"_blank\" rel=\"noopener noreferrer\">75) 99998-0025<\/a>\u00a0(Vivo)\u00a0.<br \/>\nBlog:\u00a0<a href=\"https:\/\/www.portaldenoticias.net\/deusimar\" target=\"_blank\" rel=\"noopener noreferrer\" data-saferedirecturl=\"https:\/\/www.google.com\/url?q=https:\/\/www.portaldenoticias.net\/deusimar&amp;source=gmail&amp;ust=1627262377943000&amp;usg=AFQjCNEpfoxivTPubBLjpR1SDV6AWEp-Wg\">https:\/\/www.<wbr \/>portaldenoticias.net\/deusimar<\/a><\/strong><\/p>\n<\/div>\n<\/section>\n<\/div>\n<\/div>\n","protected":false},"excerpt":{"rendered":"<p>Por\u00a0Florisvaldo25 de janeiro de 2026 As ru\u00ednas da cidade de \u00c9feso, na Gr\u00e9cia Antiga \u00c9 uma sensa\u00e7\u00e3o gostosa, gratificante e que causa um extraordin\u00e1rio bem-estar \u00e0 alma, ao se pisar solos t\u00e3o ricos em hist\u00f3ria e que trazem \u00e0 tona a mem\u00f3ria de tantas civiliza\u00e7\u00f5es do passado, que constru\u00edram com suor, sangue e muitas lutas [&hellip;]<\/p>\n","protected":false},"author":2,"featured_media":11323,"comment_status":"open","ping_status":"open","sticky":false,"template":"","format":"standard","meta":{"footnotes":""},"categories":[1],"tags":[],"class_list":{"0":"post-12405","1":"post","2":"type-post","3":"status-publish","4":"format-standard","5":"has-post-thumbnail","7":"category-destaques"},"_links":{"self":[{"href":"https:\/\/portaldenoticias.net\/deusimar\/wp-json\/wp\/v2\/posts\/12405","targetHints":{"allow":["GET"]}}],"collection":[{"href":"https:\/\/portaldenoticias.net\/deusimar\/wp-json\/wp\/v2\/posts"}],"about":[{"href":"https:\/\/portaldenoticias.net\/deusimar\/wp-json\/wp\/v2\/types\/post"}],"author":[{"embeddable":true,"href":"https:\/\/portaldenoticias.net\/deusimar\/wp-json\/wp\/v2\/users\/2"}],"replies":[{"embeddable":true,"href":"https:\/\/portaldenoticias.net\/deusimar\/wp-json\/wp\/v2\/comments?post=12405"}],"version-history":[{"count":1,"href":"https:\/\/portaldenoticias.net\/deusimar\/wp-json\/wp\/v2\/posts\/12405\/revisions"}],"predecessor-version":[{"id":12406,"href":"https:\/\/portaldenoticias.net\/deusimar\/wp-json\/wp\/v2\/posts\/12405\/revisions\/12406"}],"wp:featuredmedia":[{"embeddable":true,"href":"https:\/\/portaldenoticias.net\/deusimar\/wp-json\/wp\/v2\/media\/11323"}],"wp:attachment":[{"href":"https:\/\/portaldenoticias.net\/deusimar\/wp-json\/wp\/v2\/media?parent=12405"}],"wp:term":[{"taxonomy":"category","embeddable":true,"href":"https:\/\/portaldenoticias.net\/deusimar\/wp-json\/wp\/v2\/categories?post=12405"},{"taxonomy":"post_tag","embeddable":true,"href":"https:\/\/portaldenoticias.net\/deusimar\/wp-json\/wp\/v2\/tags?post=12405"}],"curies":[{"name":"wp","href":"https:\/\/api.w.org\/{rel}","templated":true}]}}