{"id":12399,"date":"2026-01-18T19:46:31","date_gmt":"2026-01-18T22:46:31","guid":{"rendered":"https:\/\/portaldenoticias.net\/deusimar\/?p=12399"},"modified":"2026-01-18T19:56:22","modified_gmt":"2026-01-18T22:56:22","slug":"editorial-ano-xiv-numero-479-a-realidade-do-pais-fora-dos-discursos","status":"publish","type":"post","link":"https:\/\/portaldenoticias.net\/deusimar\/editorial-ano-xiv-numero-479-a-realidade-do-pais-fora-dos-discursos\/","title":{"rendered":"EDITORIAL ANO XIV N\u00daMERO 479 \u2013 A REALIDADE DO PA\u00cdS, FORA DOS DISCURSOS."},"content":{"rendered":"<div class=\"the-post-header s-head-modern s-head-modern-a\">\n<div class=\"post-meta post-meta-a post-meta-left post-meta-single has-below\">\n<h1 class=\"is-title post-title\"><\/h1>\n<div class=\"post-meta-items meta-below has-author-img\"><span class=\"meta-item post-author has-img\"><img loading=\"lazy\" decoding=\"async\" class=\"avatar avatar-32 photo\" src=\"https:\/\/secure.gravatar.com\/avatar\/23c59839b4c874bb227d4916d18ba065e405a73d0e423fa9255ba9436604e628?s=32&amp;d=mm&amp;r=g\" srcset=\"https:\/\/secure.gravatar.com\/avatar\/23c59839b4c874bb227d4916d18ba065e405a73d0e423fa9255ba9436604e628?s=64&amp;d=mm&amp;r=g 2x\" alt=\"Florisvaldo\" width=\"32\" height=\"32\" \/><span class=\"by\">Por<\/span>\u00a0<a title=\"Posts de Florisvaldo\" href=\"https:\/\/portaldenoticias.net\/ffsantos\/author\/ffsantos\/\" rel=\"author\">Florisvaldo<\/a><\/span><span class=\"meta-item has-next-icon date\"><time class=\"post-date\" datetime=\"2026-01-18T07:00:15-03:00\">18 de janeiro de 2026<\/time><\/span><\/div>\n<\/div>\n<\/div>\n<div class=\"single-featured\"><\/div>\n<div class=\"the-post s-post-modern\">\n<article id=\"post-21880\" class=\"post-21880 post type-post status-publish format-standard has-post-thumbnail category-brasil category-politica\">\n<div class=\"post-content-wrap\">\n<div class=\"post-content cf entry-content content-spacious\">\n<figure id=\"attachment_21881\" class=\"wp-caption aligncenter\" aria-describedby=\"caption-attachment-21881\"><a href=\"https:\/\/portaldenoticias.net\/ffsantos\/wp-content\/uploads\/2026\/01\/Agenor-fila-Imagem2.jpg\"><img loading=\"lazy\" decoding=\"async\" class=\"size-large wp-image-21881\" src=\"https:\/\/portaldenoticias.net\/ffsantos\/wp-content\/uploads\/2026\/01\/Agenor-fila-Imagem2-1024x683.jpg\" sizes=\"auto, (max-width: 749px) 100vw, 749px\" srcset=\"https:\/\/portaldenoticias.net\/ffsantos\/wp-content\/uploads\/2026\/01\/Agenor-fila-Imagem2-1024x683.jpg 1024w, https:\/\/portaldenoticias.net\/ffsantos\/wp-content\/uploads\/2026\/01\/Agenor-fila-Imagem2-300x200.jpg 300w, https:\/\/portaldenoticias.net\/ffsantos\/wp-content\/uploads\/2026\/01\/Agenor-fila-Imagem2-768x512.jpg 768w, https:\/\/portaldenoticias.net\/ffsantos\/wp-content\/uploads\/2026\/01\/Agenor-fila-Imagem2-150x100.jpg 150w, https:\/\/portaldenoticias.net\/ffsantos\/wp-content\/uploads\/2026\/01\/Agenor-fila-Imagem2-450x300.jpg 450w, https:\/\/portaldenoticias.net\/ffsantos\/wp-content\/uploads\/2026\/01\/Agenor-fila-Imagem2.jpg 1062w\" alt=\"\" width=\"749\" height=\"500\" \/><\/a><figcaption id=\"caption-attachment-21881\" class=\"wp-caption-text\">Fila para a tentativa de marcar um atendimento m\u00e9dico ou exames<\/figcaption><\/figure>\n<p>Enquanto autoridades p\u00fablicas reiteram, em pronunciamentos oficiais, que o Brasil atravessa um cont\u00ednuo processo de crescimento, sustentado por indicadores econ\u00f4micos considerados positivos, a realidade enfrentada diariamente pela popula\u00e7\u00e3o conta outra hist\u00f3ria. As filas para atendimento m\u00e9dico, a superlota\u00e7\u00e3o de hospitais, o aumento do custo de vida e as defici\u00eancias no transporte p\u00fablico exp\u00f5em um contraste evidente entre a ret\u00f3rica institucional e a vida concreta do cidad\u00e3o comum. E \u00e9 a\u00ed onde reside a dona mentira\u2026<\/p>\n<p>Nos discursos, o pa\u00eds avan\u00e7a, moderniza-se e supera obst\u00e1culos hist\u00f3ricos. No cotidiano das camadas mais vulner\u00e1veis \u2013 desprovidas de planos privados de sa\u00fade e de educa\u00e7\u00e3o -, persistem dificuldades estruturais que relativizam o otimismo oficial. E novamente cabe lembrar a diferen\u00e7a do andar de cima para o andar de baixo!<\/p>\n<p>Nesse contexto, \u00e9 indispens\u00e1vel reconhecer uma das mais relevantes conquistas sociais do pa\u00eds: o Sistema \u00danico de Sa\u00fade (SUS), institu\u00eddo pela Constitui\u00e7\u00e3o Federal de 1988. Inspirado em modelos internacionais, como o brit\u00e2nico, o SUS consolidou-se como um dos maiores e mais complexos sistemas p\u00fablicos de sa\u00fade do mundo, garantindo acesso universal e gratuito \u00e0 popula\u00e7\u00e3o brasileira. Agora falando muito s\u00e9rio, o que seria das classes pobres se n\u00e3o fosse a exist\u00eancia desse sistema!<\/p>\n<p>Apesar das cr\u00edticas recorrentes relacionadas \u00e0 demora no atendimento e \u00e0 dificuldade de agendamento de consultas e exames \u2013 em grande parte decorrentes da elevada demanda -, o sistema oferece desde a\u00e7\u00f5es b\u00e1sicas de preven\u00e7\u00e3o at\u00e9 procedimentos de alta complexidade, como transplantes de \u00f3rg\u00e3os. Trata-se de uma pol\u00edtica p\u00fablica de alcance singular, inclusive no cen\u00e1rio internacional, sobretudo considerando a dimens\u00e3o populacional do Brasil.<\/p>\n<p>O car\u00e1ter universal do SUS, que assegura atendimento inclusive a estrangeiros em territ\u00f3rio nacional, refor\u00e7a seu papel humanit\u00e1rio e constitucional. Pa\u00edses com sistemas semelhantes compartilham o princ\u00edpio da universalidade, mas poucos enfrentam desafios proporcionais aos impostos por um pa\u00eds continental como o Brasil.<\/p>\n<p>\u00c9 um contraponto hist\u00f3rico positivo, e que merece ser valorizado por nossa gente. Os brasileiros que vivem em outros pa\u00edses sabem das dificuldades que enfrentam por l\u00e1, quando dependem de um atendimento m\u00e9dico de rotina ou emergencial.<\/p>\n<p>O Brasil \u00e9, notavelmente, o\u00a0\u00fanico Pa\u00eds com mais de 200 milh\u00f5es de habitantes que tem um sistema de sa\u00fade p\u00fablica integralmente universal\u00a0e gratuito como o SUS. O sistema foi inspirado num modelo existente no Reino Unido, mas com uma amplitude maior no campo dos benef\u00edcios.<\/p>\n<p>Embora haja outros pa\u00edses com sistemas de sa\u00fade que compartilham o princ\u00edpio fundamental da\u00a0universalidade \u2013 acesso \u00e0 sa\u00fade como um direito de cidadania -, a exemplo do Reino Unido, Canad\u00e1, Dinamarca, Su\u00e9cia, Portugal, Espanha, Tail\u00e2ndia, Cuba e Col\u00f4mbia, cada um tem suas particularidades operacionais.<\/p>\n<p>Diante da amplitude dos servi\u00e7os prestados, seria razo\u00e1vel esperar que a sa\u00fade figurasse como prioridade absoluta na aloca\u00e7\u00e3o dos recursos p\u00fablicos. Contudo, historicamente, o setor \u00e9 impactado, frequentemente, por cortes or\u00e7ament\u00e1rios, comprometendo sua capacidade operacional.<\/p>\n<p>Diante de uma das maiores cargas tribut\u00e1rias do mundo, \u00e9 inadmiss\u00edvel que a popula\u00e7\u00e3o continue enfrentando servi\u00e7os prec\u00e1rios nas \u00e1reas essenciais. Se houvesse mais zelo com o dinheiro p\u00fablico e menos toler\u00e2ncia com desvios e inefici\u00eancia, o Brasil teria condi\u00e7\u00f5es reais de oferecer sistema de sa\u00fade, educa\u00e7\u00e3o e seguran\u00e7a compat\u00edveis com o que se promete em palanques e pronunciamentos oficiais. Para constatar uma dessas realidades, fa\u00e7amos um giro pelos corredores dos hospitais, que logo iremos encontrar uma realidade abaixo do suport\u00e1vel.<\/p>\n<p><strong><em><a href=\"https:\/\/portaldenoticias.net\/ffsantos\/wp-content\/uploads\/2025\/01\/Agenor-Foto-Nova.png\"><img loading=\"lazy\" decoding=\"async\" class=\"alignleft size-thumbnail wp-image-19947\" src=\"https:\/\/portaldenoticias.net\/ffsantos\/wp-content\/uploads\/2025\/01\/Agenor-Foto-Nova-130x150.png\" alt=\"\" width=\"130\" height=\"150\" \/><\/a>Autor: Adm. Agenor Santos, P\u00f3s-Gradua\u00e7\u00e3o Lato Sensu em Controle, Monitoramento e Avalia\u00e7\u00e3o no Setor P\u00fablico \u2013\u00a0<\/em><\/strong><strong><em>Aposentado do Banco do Brasil-Salvador-BA.<\/em><\/strong><\/p>\n<p><strong><em>\u00a0<\/em><\/strong><\/p>\n<p><strong><em>Contribui\u00e7\u00e3o do: Blog do Florisvaldo \u2013 Informa\u00e7\u00e3o Com Imparcialidade<\/em><\/strong><\/p>\n<p><strong><em>\u00a0<\/em><\/strong><\/p>\n<\/div>\n<\/div>\n<\/article>\n<div class=\"author-box\">\n<section class=\"author-info\"><img loading=\"lazy\" decoding=\"async\" class=\"avatar avatar-95 photo\" src=\"https:\/\/secure.gravatar.com\/avatar\/23c59839b4c874bb227d4916d18ba065e405a73d0e423fa9255ba9436604e628?s=95&amp;d=mm&amp;r=g\" srcset=\"https:\/\/secure.gravatar.com\/avatar\/23c59839b4c874bb227d4916d18ba065e405a73d0e423fa9255ba9436604e628?s=190&amp;d=mm&amp;r=g 2x\" alt=\"\" width=\"95\" height=\"95\" \/><\/p>\n<div class=\"description\"><a title=\"Posts de Florisvaldo\" href=\"https:\/\/portaldenoticias.net\/ffsantos\/author\/ffsantos\/\" rel=\"author\">Florisvaldo<\/a><\/div>\n<div>\n<div dir=\"ltr\">\n<div dir=\"ltr\" data-smartmail=\"gmail_signature\">\n<div dir=\"ltr\">\n<div dir=\"ltr\">\n<div dir=\"ltr\">\n<div dir=\"ltr\">\n<div dir=\"ltr\">\n<div>\n<p><strong>COLABORA\u00c7\u00c3O E COMPLEMENTOS DE:<\/strong><\/p>\n<\/div>\n<\/div>\n<\/div>\n<\/div>\n<\/div>\n<\/div>\n<\/div>\n<\/div>\n<div class=\"yj6qo\">\n<div><\/div>\n<div><strong><b><u>Jos\u00e9 Deusimar Loiola Gon\u00e7alves<\/u><br \/>\n<\/b><i>T\u00e9cnico em Agropecu\u00e1ria- Ex-\u00a0 Funcion\u00e1rio Publico do Governo do Estado de nossa linda e extensa Bahia ; Graduado em Administra\u00e7\u00e3o de M\u00e9dias e Pequenas Empresas; Licenciado em Biologia; P\u00f3s Graduado Em Gest\u00e3o Educa\u00e7\u00e3o Ambiental, e Tecn\u00f3logo\u00a0 em Apicultura e Meliponicultura.<\/i><\/strong><br \/>\n<b>Zap:\u00a0<\/b><b>(<a href=\"tel:(75)%2099998-0025\" target=\"_blank\" rel=\"noopener noreferrer\">75) 99998-0025<\/a>\u00a0(<\/b><b>Vivo)<\/b><b>\u00a0<\/b><b>.<br \/>\n<\/b><b>Blog:<\/b>\u00a0<a href=\"https:\/\/www.portaldenoticias.net\/deusimar\" target=\"_blank\" rel=\"noopener noreferrer\" data-saferedirecturl=\"https:\/\/www.google.com\/url?q=https:\/\/www.portaldenoticias.net\/deusimar&amp;source=gmail&amp;ust=1627614208608000&amp;usg=AFQjCNFvgUjWTFCcbeEJ6IKMcMIxEzZz3g\">https:\/\/www.<wbr \/>portaldenoticias.net\/deusima<\/a>r<\/div>\n<\/div>\n<\/div>\n<\/section>\n<\/div>\n<\/div>\n","protected":false},"excerpt":{"rendered":"<p>Por\u00a0Florisvaldo18 de janeiro de 2026 Fila para a tentativa de marcar um atendimento m\u00e9dico ou exames Enquanto autoridades p\u00fablicas reiteram, em pronunciamentos oficiais, que o Brasil atravessa um cont\u00ednuo processo de crescimento, sustentado por indicadores econ\u00f4micos considerados positivos, a realidade enfrentada diariamente pela popula\u00e7\u00e3o conta outra hist\u00f3ria. As filas para atendimento m\u00e9dico, a superlota\u00e7\u00e3o de [&hellip;]<\/p>\n","protected":false},"author":2,"featured_media":11323,"comment_status":"open","ping_status":"open","sticky":false,"template":"","format":"standard","meta":{"footnotes":""},"categories":[1],"tags":[],"class_list":{"0":"post-12399","1":"post","2":"type-post","3":"status-publish","4":"format-standard","5":"has-post-thumbnail","7":"category-destaques"},"_links":{"self":[{"href":"https:\/\/portaldenoticias.net\/deusimar\/wp-json\/wp\/v2\/posts\/12399","targetHints":{"allow":["GET"]}}],"collection":[{"href":"https:\/\/portaldenoticias.net\/deusimar\/wp-json\/wp\/v2\/posts"}],"about":[{"href":"https:\/\/portaldenoticias.net\/deusimar\/wp-json\/wp\/v2\/types\/post"}],"author":[{"embeddable":true,"href":"https:\/\/portaldenoticias.net\/deusimar\/wp-json\/wp\/v2\/users\/2"}],"replies":[{"embeddable":true,"href":"https:\/\/portaldenoticias.net\/deusimar\/wp-json\/wp\/v2\/comments?post=12399"}],"version-history":[{"count":1,"href":"https:\/\/portaldenoticias.net\/deusimar\/wp-json\/wp\/v2\/posts\/12399\/revisions"}],"predecessor-version":[{"id":12400,"href":"https:\/\/portaldenoticias.net\/deusimar\/wp-json\/wp\/v2\/posts\/12399\/revisions\/12400"}],"wp:featuredmedia":[{"embeddable":true,"href":"https:\/\/portaldenoticias.net\/deusimar\/wp-json\/wp\/v2\/media\/11323"}],"wp:attachment":[{"href":"https:\/\/portaldenoticias.net\/deusimar\/wp-json\/wp\/v2\/media?parent=12399"}],"wp:term":[{"taxonomy":"category","embeddable":true,"href":"https:\/\/portaldenoticias.net\/deusimar\/wp-json\/wp\/v2\/categories?post=12399"},{"taxonomy":"post_tag","embeddable":true,"href":"https:\/\/portaldenoticias.net\/deusimar\/wp-json\/wp\/v2\/tags?post=12399"}],"curies":[{"name":"wp","href":"https:\/\/api.w.org\/{rel}","templated":true}]}}