{"id":1232,"date":"2015-03-14T21:41:14","date_gmt":"2015-03-15T00:41:14","guid":{"rendered":"http:\/\/www.portaldenoticias.net\/deusimar\/?p=1232"},"modified":"2015-03-14T21:41:14","modified_gmt":"2015-03-15T00:41:14","slug":"o-blog-do-deusimar-postando-mais-uma-de-suas-dicas-de-gestao-empresarial","status":"publish","type":"post","link":"https:\/\/portaldenoticias.net\/deusimar\/o-blog-do-deusimar-postando-mais-uma-de-suas-dicas-de-gestao-empresarial\/","title":{"rendered":"O BLOG DO DEUSIMAR POSTANDO MAIS UMA DE SUAS DICAS DE GEST\u00c3O EMPRESARIAL."},"content":{"rendered":"<p><img loading=\"lazy\" decoding=\"async\" src=\"http:\/\/www.portaldenoticias.net\/deusimar\/wp-content\/uploads\/2015\/03\/DEUSIMAR-E-CLAUDIO-VIEIRA.jpg\" alt=\"DEUSIMAR E CLAUDIO VIEIRA\" width=\"259\" height=\"194\" class=\"alignleft size-full wp-image-1045\" srcset=\"https:\/\/portaldenoticias.net\/deusimar\/wp-content\/uploads\/2015\/03\/DEUSIMAR-E-CLAUDIO-VIEIRA.jpg 259w, https:\/\/portaldenoticias.net\/deusimar\/wp-content\/uploads\/2015\/03\/DEUSIMAR-E-CLAUDIO-VIEIRA-174x131.jpg 174w, https:\/\/portaldenoticias.net\/deusimar\/wp-content\/uploads\/2015\/03\/DEUSIMAR-E-CLAUDIO-VIEIRA-70x53.jpg 70w\" sizes=\"auto, (max-width: 259px) 100vw, 259px\" \/><\/p>\n<p><img loading=\"lazy\" decoding=\"async\" src=\"http:\/\/www.portaldenoticias.net\/deusimar\/wp-content\/uploads\/2015\/03\/IMAGEM-GDE-FACE-FLORI.jpg\" alt=\"IMAGEM GDE FACE FLORI\" width=\"148\" height=\"148\" class=\"alignleft size-full wp-image-1233\" \/><br \/>\nFlorisvaldo Ferreira Dos Santos postado em seu Mural<br \/>\n\u201cCARO DEUSIMAR DAS ABELHA (As abelhas n\u00e3o fazem mal! S\u00f3 fazem mel), bom dia!!<br \/>\nESTA \u00c9 PARA REFLETIR SOBRE O P\u00c9 DE EUCALIPTO!<br \/>\n\u201cO beb\u00ea-camelo perguntou para a mam\u00e3e-camelo:<br \/>\n&#8211; Por que os camelos t\u00eam corcovas?<br \/>\n&#8211; Bem, meu filhinho, n\u00f3s somos animais do deserto, precisamos das corcovas para reservar \u00e1gua e por isso somos conhecidos por sobreviver sem \u00e1gua.<br \/>\n&#8211; Certo, e porque nossas pernas s\u00e3o longas?<br \/>\n&#8211; Filho, certamente elas s\u00e3o assim para permitir caminhar no deserto. Com essas pernas eu posso me movimentar melhor pelo deserto! \u2013 disse a m\u00e3e.<br \/>\n&#8211; Certo! Ent\u00e3o, por que nossos c\u00edlios s\u00e3o t\u00e3o longos? De vez em quando eles atrapalham minha vis\u00e3o.<br \/>\n&#8211; Meu filho! Esses c\u00edlios longos e grossos s\u00e3o como uma capa protetora para os olhos. Eles ajudam na prote\u00e7\u00e3o dos seus olhos quando atingidos pela areia e pelo vento do deserto! \u2013 respondeu a m\u00e3e com orgulho.<br \/>\n&#8211; Ta! Ent\u00e3o a corcova \u00e9 para armazenar \u00e1gua, as pernas para caminhar atrav\u00e9s do deserto e os c\u00edlios para proteger meus olhos do deserto. Ent\u00e3o o que \u00e9 que estamos fazendo aqui no Zool\u00f3gico?\u201d<br \/>\nMoral da hist\u00f3ria: \u201cHabilidade, conhecimento, capacidade e experi\u00eancia s\u00f3 s\u00e3o \u00fateis se voc\u00ea estiver no lugar certo\u201d.\u201d<\/p>\n<p>CONTRIBUI\u00c7\u00c3O FANT\u00c1STICA DO: BLOG DO FLORISVALDO<br \/>\nCOLABORA\u00c7\u00c3O DE JOS\u00c9 DEUSIMAR LOIOLAGON\u00c7ALVES-TECN\u00d3LOGO DO CURSO SUPERIOR EM ADMINISTRA\u00c7\u00c3O DE M\u00c9DIAS E PEQUENAS EMPRESAS<\/p>\n","protected":false},"excerpt":{"rendered":"<p>Florisvaldo Ferreira Dos Santos postado em seu Mural \u201cCARO DEUSIMAR DAS ABELHA (As abelhas n\u00e3o fazem mal! S\u00f3 fazem mel), bom dia!! ESTA \u00c9 PARA REFLETIR SOBRE O P\u00c9 DE EUCALIPTO! \u201cO beb\u00ea-camelo perguntou para a mam\u00e3e-camelo: &#8211; Por que os camelos t\u00eam corcovas? &#8211; Bem, meu filhinho, n\u00f3s somos animais do deserto, precisamos das [&hellip;]<\/p>\n","protected":false},"author":2,"featured_media":1045,"comment_status":"open","ping_status":"open","sticky":false,"template":"","format":"standard","meta":{"footnotes":""},"categories":[1],"tags":[],"class_list":{"0":"post-1232","1":"post","2":"type-post","3":"status-publish","4":"format-standard","5":"has-post-thumbnail","7":"category-destaques"},"_links":{"self":[{"href":"https:\/\/portaldenoticias.net\/deusimar\/wp-json\/wp\/v2\/posts\/1232","targetHints":{"allow":["GET"]}}],"collection":[{"href":"https:\/\/portaldenoticias.net\/deusimar\/wp-json\/wp\/v2\/posts"}],"about":[{"href":"https:\/\/portaldenoticias.net\/deusimar\/wp-json\/wp\/v2\/types\/post"}],"author":[{"embeddable":true,"href":"https:\/\/portaldenoticias.net\/deusimar\/wp-json\/wp\/v2\/users\/2"}],"replies":[{"embeddable":true,"href":"https:\/\/portaldenoticias.net\/deusimar\/wp-json\/wp\/v2\/comments?post=1232"}],"version-history":[{"count":0,"href":"https:\/\/portaldenoticias.net\/deusimar\/wp-json\/wp\/v2\/posts\/1232\/revisions"}],"wp:featuredmedia":[{"embeddable":true,"href":"https:\/\/portaldenoticias.net\/deusimar\/wp-json\/wp\/v2\/media\/1045"}],"wp:attachment":[{"href":"https:\/\/portaldenoticias.net\/deusimar\/wp-json\/wp\/v2\/media?parent=1232"}],"wp:term":[{"taxonomy":"category","embeddable":true,"href":"https:\/\/portaldenoticias.net\/deusimar\/wp-json\/wp\/v2\/categories?post=1232"},{"taxonomy":"post_tag","embeddable":true,"href":"https:\/\/portaldenoticias.net\/deusimar\/wp-json\/wp\/v2\/tags?post=1232"}],"curies":[{"name":"wp","href":"https:\/\/api.w.org\/{rel}","templated":true}]}}