{"id":1226,"date":"2015-03-14T13:45:53","date_gmt":"2015-03-14T16:45:53","guid":{"rendered":"http:\/\/www.portaldenoticias.net\/deusimar\/?p=1226"},"modified":"2015-03-14T13:45:53","modified_gmt":"2015-03-14T16:45:53","slug":"blog-deusimar-das-abelhas-compartilhando-e-complementando-a-materia-que-trata-da-preocupacao-do-ex-governador-de-nossa-linda-e-extensa-bahia-com-a-reforma-politica","status":"publish","type":"post","link":"https:\/\/portaldenoticias.net\/deusimar\/blog-deusimar-das-abelhas-compartilhando-e-complementando-a-materia-que-trata-da-preocupacao-do-ex-governador-de-nossa-linda-e-extensa-bahia-com-a-reforma-politica\/","title":{"rendered":"BLOG DEUSIMAR DAS ABELHAS COMPARTILHANDO E COMPLEMENTANDO A MAT\u00c9RIA QUE TRATA DA PREOCUPA\u00c7\u00c3O DO EX-GOVERNADOR DE NOSSA LINDA E EXTENSA BAHIA COM A REFORMA POL\u00cdTICA."},"content":{"rendered":"<p><img loading=\"lazy\" decoding=\"async\" src=\"http:\/\/www.portaldenoticias.net\/deusimar\/wp-content\/uploads\/2015\/03\/imagem-gde-Benito..jpg\" alt=\"imagem gde Benito.\" width=\"160\" height=\"160\" class=\"alignleft size-full wp-image-1056\" srcset=\"https:\/\/portaldenoticias.net\/deusimar\/wp-content\/uploads\/2015\/03\/imagem-gde-Benito..jpg 160w, https:\/\/portaldenoticias.net\/deusimar\/wp-content\/uploads\/2015\/03\/imagem-gde-Benito.-150x150.jpg 150w\" sizes=\"auto, (max-width: 160px) 100vw, 160px\" \/><\/p>\n<p><img loading=\"lazy\" decoding=\"async\" src=\"http:\/\/www.portaldenoticias.net\/deusimar\/wp-content\/uploads\/2015\/01\/IMAGEM-FACE-GRANDE-DEUSIMAR.jpg\" alt=\"IMAGEM FACE GRANDE DEUSIMAR\" width=\"259\" height=\"195\" class=\"alignleft size-full wp-image-55\" srcset=\"https:\/\/portaldenoticias.net\/deusimar\/wp-content\/uploads\/2015\/01\/IMAGEM-FACE-GRANDE-DEUSIMAR.jpg 259w, https:\/\/portaldenoticias.net\/deusimar\/wp-content\/uploads\/2015\/01\/IMAGEM-FACE-GRANDE-DEUSIMAR-174x131.jpg 174w, https:\/\/portaldenoticias.net\/deusimar\/wp-content\/uploads\/2015\/01\/IMAGEM-FACE-GRANDE-DEUSIMAR-70x53.jpg 70w\" sizes=\"auto, (max-width: 259px) 100vw, 259px\" \/><\/p>\n<p>Benito Brasileiro e Jos\u00e9 Deusimar compartilham a foto de Jaques Wagner.<\/p>\n<p>Jaques Wagner<br \/>\nQuero cumprimentar manifesta\u00e7\u00f5es de apre\u00e7o e compromisso com a democracia feitas pela ex-senadora Marina Silva (REDE), pelos senadores Cristovam Buarque (PDT), Randolfe Rodrigues (PSOL), L\u00eddice da Mata (PSB) e tantos outros que, como eu, reconhecem no atual momento a oportunidade de reformar o sistema pol\u00edtico brasileiro. Avan\u00e7amos, \u00e9 verdade. Hoje as investiga\u00e7\u00f5es s\u00e3o livres, culpados s\u00e3o identificados e recursos desviados s\u00e3o recuperados. Mas \u00e9 preciso avan\u00e7ar e aprovar a Reforma Pol\u00edtica para que se afaste, de uma vez, o poder econ\u00f4mico das elei\u00e7\u00f5es, e separe a coisa p\u00fablica dos interesses privados.<br \/>\n<img loading=\"lazy\" decoding=\"async\" src=\"http:\/\/www.portaldenoticias.net\/deusimar\/wp-content\/uploads\/2015\/03\/ex-gov-defende-reforma-pokiitca-450x309.jpg\" alt=\"ex-gov defende reforma pokiitca\" width=\"450\" height=\"309\" class=\"alignleft size-medium wp-image-1227\" srcset=\"https:\/\/portaldenoticias.net\/deusimar\/wp-content\/uploads\/2015\/03\/ex-gov-defende-reforma-pokiitca-450x309.jpg 450w, https:\/\/portaldenoticias.net\/deusimar\/wp-content\/uploads\/2015\/03\/ex-gov-defende-reforma-pokiitca.jpg 552w\" sizes=\"auto, (max-width: 450px) 100vw, 450px\" \/><\/p>\n<p><img loading=\"lazy\" decoding=\"async\" src=\"http:\/\/www.portaldenoticias.net\/deusimar\/wp-content\/uploads\/2015\/03\/DEUSIMAR-E-CLAUDIO-VIEIRA.jpg\" alt=\"DEUSIMAR E CLAUDIO VIEIRA\" width=\"259\" height=\"194\" class=\"alignleft size-full wp-image-1045\" srcset=\"https:\/\/portaldenoticias.net\/deusimar\/wp-content\/uploads\/2015\/03\/DEUSIMAR-E-CLAUDIO-VIEIRA.jpg 259w, https:\/\/portaldenoticias.net\/deusimar\/wp-content\/uploads\/2015\/03\/DEUSIMAR-E-CLAUDIO-VIEIRA-174x131.jpg 174w, https:\/\/portaldenoticias.net\/deusimar\/wp-content\/uploads\/2015\/03\/DEUSIMAR-E-CLAUDIO-VIEIRA-70x53.jpg 70w\" sizes=\"auto, (max-width: 259px) 100vw, 259px\" \/><\/p>\n<p>Jose Deusimar Loiola Gon\u00e7alves Ol\u00e1 companheiro Benito Brasileiro!! Seu pequeno e modesto blogueiro Deusimar das Abelhas, est\u00e1 de acordo em n\u00famero; g\u00eanero e grau, como a preocupa\u00e7\u00e3o do nosso VELHO e muito mais do nosso NOVO GOVERNADOR de nossa linda e extensa Bahia com a REFORMA POLITICA J\u00c1. Atentai bem nas imagens dos scraps abaixo postada e veja que este bom exemplo do Jap\u00e3o temos que copiar e exemplo desste cidad\u00e3o analfabeto funcional membro do maior parlamento da cidade interiorana do velho SAMPA, a maior capital da America Latina, a REFORMA POLITICA J\u00c1 para essas aberra\u00e7\u00f5es n\u00e3o continuar em nosso pa\u00eds.Como podemos admitir um sujeito desse ganhar R$ 12.000,00 por uma ida a c\u00e2mara de vereadores\/semana, e um professor com mestrado, p\u00f3s graduado ralar a semana toda e n\u00e3o ganhar um 1\/4? Boa Tarde!! Jos\u00e9 Deusimar Loiola Gon\u00e7alves<br \/>\nApicultor Meliponicultor,Diretor de Comunica\u00e7\u00e3o da FEBAMEL,,e P\u00f3s Graduado em Gest\u00e3o e Educa\u00e7\u00e3o Ambiental &#8211; EBDA Monte Santo<br \/>\n(75) 9131-0784\/ 9998-0025<br \/>\nFoto de Jose Deusimar Loiola Gon\u00e7alves.<\/p>\n<p><img loading=\"lazy\" decoding=\"async\" src=\"http:\/\/www.portaldenoticias.net\/deusimar\/wp-content\/uploads\/2015\/03\/o-professor-no-japao-tem-respeito..jpg\" alt=\"o professor no japao tem respeito.\" width=\"403\" height=\"403\" class=\"alignleft size-full wp-image-1058\" srcset=\"https:\/\/portaldenoticias.net\/deusimar\/wp-content\/uploads\/2015\/03\/o-professor-no-japao-tem-respeito..jpg 403w, https:\/\/portaldenoticias.net\/deusimar\/wp-content\/uploads\/2015\/03\/o-professor-no-japao-tem-respeito.-150x150.jpg 150w\" sizes=\"auto, (max-width: 403px) 100vw, 403px\" \/><\/p>\n<p><img loading=\"lazy\" decoding=\"async\" src=\"http:\/\/www.portaldenoticias.net\/deusimar\/wp-content\/uploads\/2015\/01\/IMAGEM-FACE-GRANDE-DEUSIMAR1.jpg\" alt=\"IMAGEM FACE GRANDE DEUSIMAR\" width=\"259\" height=\"195\" class=\"alignleft size-full wp-image-251\" srcset=\"https:\/\/portaldenoticias.net\/deusimar\/wp-content\/uploads\/2015\/01\/IMAGEM-FACE-GRANDE-DEUSIMAR1.jpg 259w, https:\/\/portaldenoticias.net\/deusimar\/wp-content\/uploads\/2015\/01\/IMAGEM-FACE-GRANDE-DEUSIMAR1-174x131.jpg 174w, https:\/\/portaldenoticias.net\/deusimar\/wp-content\/uploads\/2015\/01\/IMAGEM-FACE-GRANDE-DEUSIMAR1-70x53.jpg 70w\" sizes=\"auto, (max-width: 259px) 100vw, 259px\" \/><\/p>\n<p> Como pode isso? ser\u00e1 que a classe politica. e muito mais AINDA, o povo brasileiro n\u00e3o sabeM que exemplos dessa natureza n\u00e3o podem mais continuar EXISTINDO em nosso pais, o pa\u00eds ber\u00e7o do nascimento do nosso conterr\u00e2neo baiano, Dr. Rui Barbosa de Oliveira(sentou na mesa da aberrtura dos trabalhos da 2\u00aa Confer\u00eancia da Paz na Holanda junto com os 07 homens mais s\u00e1bios do planeta, e foi ele quem recebeu o t\u00edtulo de o &#8220;AGUIA DE HAIA)? Jos\u00e9 Deusimar Loiola Gon\u00e7alves<br \/>\nApicultor Meliponicultor,Diretor de Comunica\u00e7\u00e3o da FEBAMEL,,e P\u00f3s Graduado em Gest\u00e3o e Educa\u00e7\u00e3o Ambiental &#8211; EBDA Monte Santo<br \/>\n(75) 9131-0784\/ 9998-0025<br \/>\n<img loading=\"lazy\" decoding=\"async\" src=\"http:\/\/www.portaldenoticias.net\/deusimar\/wp-content\/uploads\/2015\/02\/BIXONA-VEREADOR-ANALFABETO-450x338.jpg\" alt=\"BIXONA VEREADOR ANALFABETO\" width=\"450\" height=\"338\" class=\"alignleft size-medium wp-image-538\" srcset=\"https:\/\/portaldenoticias.net\/deusimar\/wp-content\/uploads\/2015\/02\/BIXONA-VEREADOR-ANALFABETO-450x338.jpg 450w, https:\/\/portaldenoticias.net\/deusimar\/wp-content\/uploads\/2015\/02\/BIXONA-VEREADOR-ANALFABETO-174x131.jpg 174w, https:\/\/portaldenoticias.net\/deusimar\/wp-content\/uploads\/2015\/02\/BIXONA-VEREADOR-ANALFABETO-70x53.jpg 70w, https:\/\/portaldenoticias.net\/deusimar\/wp-content\/uploads\/2015\/02\/BIXONA-VEREADOR-ANALFABETO.jpg 480w\" sizes=\"auto, (max-width: 450px) 100vw, 450px\" \/><\/p>\n<p>COLABORA\u00c7\u00c3O E COMPLEMENTOS DOS:<br \/>\n<img loading=\"lazy\" decoding=\"async\" src=\"http:\/\/www.portaldenoticias.net\/deusimar\/wp-content\/uploads\/2015\/02\/CARTAO-DE-VISITA-AMPLIADO-DE-DEUSIMAR-450x250.jpg\" alt=\"CARTAO DE VISITA AMPLIADO DE DEUSIMAR\" width=\"450\" height=\"250\" class=\"alignleft size-medium wp-image-373\" srcset=\"https:\/\/portaldenoticias.net\/deusimar\/wp-content\/uploads\/2015\/02\/CARTAO-DE-VISITA-AMPLIADO-DE-DEUSIMAR-450x250.jpg 450w, https:\/\/portaldenoticias.net\/deusimar\/wp-content\/uploads\/2015\/02\/CARTAO-DE-VISITA-AMPLIADO-DE-DEUSIMAR-640x356.jpg 640w, https:\/\/portaldenoticias.net\/deusimar\/wp-content\/uploads\/2015\/02\/CARTAO-DE-VISITA-AMPLIADO-DE-DEUSIMAR.jpg 1062w\" sizes=\"auto, (max-width: 450px) 100vw, 450px\" \/><\/p>\n","protected":false},"excerpt":{"rendered":"<p>Benito Brasileiro e Jos\u00e9 Deusimar compartilham a foto de Jaques Wagner. Jaques Wagner Quero cumprimentar manifesta\u00e7\u00f5es de apre\u00e7o e compromisso com a democracia feitas pela ex-senadora Marina Silva (REDE), pelos senadores Cristovam Buarque (PDT), Randolfe Rodrigues (PSOL), L\u00eddice da Mata (PSB) e tantos outros que, como eu, reconhecem no atual momento a oportunidade de reformar [&hellip;]<\/p>\n","protected":false},"author":2,"featured_media":0,"comment_status":"open","ping_status":"open","sticky":false,"template":"","format":"standard","meta":{"footnotes":""},"categories":[1],"tags":[],"class_list":{"0":"post-1226","1":"post","2":"type-post","3":"status-publish","4":"format-standard","6":"category-destaques"},"_links":{"self":[{"href":"https:\/\/portaldenoticias.net\/deusimar\/wp-json\/wp\/v2\/posts\/1226","targetHints":{"allow":["GET"]}}],"collection":[{"href":"https:\/\/portaldenoticias.net\/deusimar\/wp-json\/wp\/v2\/posts"}],"about":[{"href":"https:\/\/portaldenoticias.net\/deusimar\/wp-json\/wp\/v2\/types\/post"}],"author":[{"embeddable":true,"href":"https:\/\/portaldenoticias.net\/deusimar\/wp-json\/wp\/v2\/users\/2"}],"replies":[{"embeddable":true,"href":"https:\/\/portaldenoticias.net\/deusimar\/wp-json\/wp\/v2\/comments?post=1226"}],"version-history":[{"count":0,"href":"https:\/\/portaldenoticias.net\/deusimar\/wp-json\/wp\/v2\/posts\/1226\/revisions"}],"wp:attachment":[{"href":"https:\/\/portaldenoticias.net\/deusimar\/wp-json\/wp\/v2\/media?parent=1226"}],"wp:term":[{"taxonomy":"category","embeddable":true,"href":"https:\/\/portaldenoticias.net\/deusimar\/wp-json\/wp\/v2\/categories?post=1226"},{"taxonomy":"post_tag","embeddable":true,"href":"https:\/\/portaldenoticias.net\/deusimar\/wp-json\/wp\/v2\/tags?post=1226"}],"curies":[{"name":"wp","href":"https:\/\/api.w.org\/{rel}","templated":true}]}}