{"id":1213,"date":"2015-03-13T18:41:32","date_gmt":"2015-03-13T21:41:32","guid":{"rendered":"http:\/\/www.portaldenoticias.net\/deusimar\/?p=1213"},"modified":"2015-03-13T18:41:32","modified_gmt":"2015-03-13T21:41:32","slug":"blogs-deusimar-das-abelhas-entra-na-campanha-em-prol-do-nosso-artista-intelectual-de-monte-santo-2","status":"publish","type":"post","link":"https:\/\/portaldenoticias.net\/deusimar\/blogs-deusimar-das-abelhas-entra-na-campanha-em-prol-do-nosso-artista-intelectual-de-monte-santo-2\/","title":{"rendered":"BLOGS DEUSIMAR DAS ABELHAS ENTRA NA CAMPANHA EM PROL DO NOSSO ARTISTA INTELECTUAL DE MONTE SANTO"},"content":{"rendered":"<p>.<\/p>\n<p><img loading=\"lazy\" decoding=\"async\" src=\"http:\/\/www.portaldenoticias.net\/deusimar\/wp-content\/uploads\/2015\/01\/FOTOS-YPONE-INUAGURACAO-BNB-028-338x450.jpg\" alt=\"FOTOS YPONE INUAGURACAO-BNB 028\" width=\"338\" height=\"450\" class=\"alignleft size-medium wp-image-108\" srcset=\"https:\/\/portaldenoticias.net\/deusimar\/wp-content\/uploads\/2015\/01\/FOTOS-YPONE-INUAGURACAO-BNB-028-338x450.jpg 338w, https:\/\/portaldenoticias.net\/deusimar\/wp-content\/uploads\/2015\/01\/FOTOS-YPONE-INUAGURACAO-BNB-028-480x640.jpg 480w\" sizes=\"auto, (max-width: 338px) 100vw, 338px\" \/><\/p>\n<p>NOTE N\u00ba 01- Foto registrada na oportunidade da inaugura\u00e7\u00e3o da ag\u00eancia do Banco do Nordeste de Monte Santo, que contou com a honrosa participa\u00e7\u00e3o de nosso Artista Intelectual de Monte Santo, que inclusive, esteve acompanhado de uma completa equipe cinematogr\u00e1fica que veio diretamente do Jap\u00e3o montar um completo document\u00e1rio de sua vida pregressa cheia de supera\u00e7\u00e3o . Vale registrar tamb\u00e9m, que o montessantense Claudio Vieira de Oliveira fez com que a inaugura\u00e7\u00e3o  da agencia do BNB de sua terra natal, fosse um tanto quanto diferenciada das inaugura\u00e7\u00f5es de outras cidades de nossa linda e extensa Bahia, e porque n\u00e3o generalizar, do Brasil, porque vai ser a \u00fanica inaugura\u00e7\u00e3o a aparecer nas telas da TV japonesa, em fun\u00e7\u00e3o da coincid\u00eancia e presen\u00e7a da equipe cinematogr\u00e1fica  presente em nossa cidade e no ato da solenidade de inaugura\u00e7\u00e3o.Pequeno tamb\u00e9m, escreve e faz a sua pr\u00f3pria hist\u00f3ria acontecer, independente das limita\u00e7\u00f5es que lhes s\u00e3o impostas.<\/p>\n<p>Ol\u00e1 leitores(as) amigos(as) de nossos blogs, especificamente os(as) leitores(as) do prospero munic\u00edpio de Jacobina, a popular terra do ouro. !!<\/p>\n<p>Conforme o anunciado na mat\u00e9ria  postada abaixo,nosso Artista Intelectual de Monte Santo , vai se fazer presente no pr\u00f3ximo dia 27 de fevereiro (19:00 hs.) deste ano em curso, na bela e pr\u00f3spera cidade de Jacobina, ministrando mais uma de suas brilhantes palestras motivacionais. Imperd\u00edvel!!<\/p>\n<p>NOTE N\u00ba 02 :Basta clicar no link de azul quantas vezes voc\u00ea quiser, e por tabela estar\u00e1 ajudando financeiramente o nosso Artista Intelectual de Monte Santo. Depois das mil curtidas o meio de comunica\u00e7\u00e3o yutu.be vai disponibilizar para nosso forte exemplo  de supera\u00e7\u00e3o uma boa ajuda financeira. Participe ativamente desta campanha.<\/p>\n<p>Muito Obrigado!!<\/p>\n<p>CONTRIBUI\u00c7\u00c3O DE :<\/p>\n<p>Jos\u00e9 Deusimar Loiola Gon\u00e7alves<\/p>\n<p>Apicultor Meliponicultor,Diretor de Comunica\u00e7\u00e3o da FEBAMEL,,e P\u00f3s Graduado em Gest\u00e3o e Educa\u00e7\u00e3o Ambiental \u2013 EBDA Monte Santo<br \/>\n(75) 9131-0784\/ 9998-0025<\/p>\n","protected":false},"excerpt":{"rendered":"<p>. NOTE N\u00ba 01- Foto registrada na oportunidade da inaugura\u00e7\u00e3o da ag\u00eancia do Banco do Nordeste de Monte Santo, que contou com a honrosa participa\u00e7\u00e3o de nosso Artista Intelectual de Monte Santo, que inclusive, esteve acompanhado de uma completa equipe cinematogr\u00e1fica que veio diretamente do Jap\u00e3o montar um completo document\u00e1rio de sua vida pregressa cheia [&hellip;]<\/p>\n","protected":false},"author":2,"featured_media":0,"comment_status":"open","ping_status":"open","sticky":false,"template":"","format":"standard","meta":{"footnotes":""},"categories":[1],"tags":[],"class_list":{"0":"post-1213","1":"post","2":"type-post","3":"status-publish","4":"format-standard","6":"category-destaques"},"_links":{"self":[{"href":"https:\/\/portaldenoticias.net\/deusimar\/wp-json\/wp\/v2\/posts\/1213","targetHints":{"allow":["GET"]}}],"collection":[{"href":"https:\/\/portaldenoticias.net\/deusimar\/wp-json\/wp\/v2\/posts"}],"about":[{"href":"https:\/\/portaldenoticias.net\/deusimar\/wp-json\/wp\/v2\/types\/post"}],"author":[{"embeddable":true,"href":"https:\/\/portaldenoticias.net\/deusimar\/wp-json\/wp\/v2\/users\/2"}],"replies":[{"embeddable":true,"href":"https:\/\/portaldenoticias.net\/deusimar\/wp-json\/wp\/v2\/comments?post=1213"}],"version-history":[{"count":0,"href":"https:\/\/portaldenoticias.net\/deusimar\/wp-json\/wp\/v2\/posts\/1213\/revisions"}],"wp:attachment":[{"href":"https:\/\/portaldenoticias.net\/deusimar\/wp-json\/wp\/v2\/media?parent=1213"}],"wp:term":[{"taxonomy":"category","embeddable":true,"href":"https:\/\/portaldenoticias.net\/deusimar\/wp-json\/wp\/v2\/categories?post=1213"},{"taxonomy":"post_tag","embeddable":true,"href":"https:\/\/portaldenoticias.net\/deusimar\/wp-json\/wp\/v2\/tags?post=1213"}],"curies":[{"name":"wp","href":"https:\/\/api.w.org\/{rel}","templated":true}]}}