{"id":1200,"date":"2015-03-12T17:50:53","date_gmt":"2015-03-12T20:50:53","guid":{"rendered":"http:\/\/www.portaldenoticias.net\/deusimar\/?p=1200"},"modified":"2015-03-12T17:50:53","modified_gmt":"2015-03-12T20:50:53","slug":"novo-governador-cumpre-agenda-no-interior-assinado-ordens-de-servicos-para-obras-nos-municipios-de-varzea-da-roca-e-sao-jose-do-jacuipe","status":"publish","type":"post","link":"https:\/\/portaldenoticias.net\/deusimar\/novo-governador-cumpre-agenda-no-interior-assinado-ordens-de-servicos-para-obras-nos-municipios-de-varzea-da-roca-e-sao-jose-do-jacuipe\/","title":{"rendered":"NOVO GOVERNADOR CUMPRE AGENDA NO INTERIOR ASSINADO ORDENS DE SERVI\u00c7OS PARA OBRAS NOS MUNIC\u00cdPIOS DE V\u00c1RZEA DA RO\u00c7A E S\u00c3O JOS\u00c9  DO JACU\u00cdPE ."},"content":{"rendered":"<p><img loading=\"lazy\" decoding=\"async\" src=\"http:\/\/www.portaldenoticias.net\/deusimar\/wp-content\/uploads\/2015\/02\/RUI-COSTA-IMAGEM-GRANDE-DO-FACE..png\" alt=\"RUI COSTA IMAGEM GRANDE DO FACE.\" width=\"160\" height=\"160\" class=\"alignleft size-full wp-image-832\" srcset=\"https:\/\/portaldenoticias.net\/deusimar\/wp-content\/uploads\/2015\/02\/RUI-COSTA-IMAGEM-GRANDE-DO-FACE..png 160w, https:\/\/portaldenoticias.net\/deusimar\/wp-content\/uploads\/2015\/02\/RUI-COSTA-IMAGEM-GRANDE-DO-FACE.-150x150.png 150w\" sizes=\"auto, (max-width: 160px) 100vw, 160px\" \/><\/p>\n<p>Rui Costa<br \/>\n19 h \u00b7<br \/>\nAmanh\u00e3 teremos boas not\u00edcias em V\u00e1rzea da Ro\u00e7a. Mais um trecho da BA-130 foi recuperado e ser\u00e1 entregue \u00e0 popula\u00e7\u00e3o, desta vez, entre o munic\u00edpio e Mair\u00ed, com 14 quil\u00f4metros. Al\u00e9m disso tamb\u00e9m vou assinar a ordem de servi\u00e7o para in\u00edcio das obras de restaura\u00e7\u00e3o e pavimenta\u00e7\u00e3o de 19 quil\u00f4metros de outro trecho da BA-130, entre os munic\u00edpios de V\u00e1rzea da Ro\u00e7a e S\u00e3o Jos\u00e9 do Jacu\u00edpe. \u202a#\u200ePartiuV\u00e1rzeaDaRo\u00e7a\u202c<br \/>\n<img loading=\"lazy\" decoding=\"async\" src=\"http:\/\/www.portaldenoticias.net\/deusimar\/wp-content\/uploads\/2015\/03\/RUI-EM-V-DA-ROCA-450x450.png\" alt=\"RUI EM V DA ROCA\" width=\"450\" height=\"450\" class=\"alignleft size-medium wp-image-1201\" srcset=\"https:\/\/portaldenoticias.net\/deusimar\/wp-content\/uploads\/2015\/03\/RUI-EM-V-DA-ROCA-450x450.png 450w, https:\/\/portaldenoticias.net\/deusimar\/wp-content\/uploads\/2015\/03\/RUI-EM-V-DA-ROCA-150x150.png 150w, https:\/\/portaldenoticias.net\/deusimar\/wp-content\/uploads\/2015\/03\/RUI-EM-V-DA-ROCA-640x640.png 640w, https:\/\/portaldenoticias.net\/deusimar\/wp-content\/uploads\/2015\/03\/RUI-EM-V-DA-ROCA.png 800w\" sizes=\"auto, (max-width: 450px) 100vw, 450px\" \/><\/p>\n<p>COLABORA\u00c7\u00c3O E COMPLEMENTOS DOS:<\/p>\n<p><img loading=\"lazy\" decoding=\"async\" src=\"http:\/\/www.portaldenoticias.net\/deusimar\/wp-content\/uploads\/2015\/02\/CARTAO-DE-VISITA-DEUSIMAR-450x250.jpg\" alt=\"CARTAO DE VISITA DEUSIMAR\" width=\"450\" height=\"250\" class=\"alignleft size-medium wp-image-849\" srcset=\"https:\/\/portaldenoticias.net\/deusimar\/wp-content\/uploads\/2015\/02\/CARTAO-DE-VISITA-DEUSIMAR-450x250.jpg 450w, https:\/\/portaldenoticias.net\/deusimar\/wp-content\/uploads\/2015\/02\/CARTAO-DE-VISITA-DEUSIMAR-640x356.jpg 640w, https:\/\/portaldenoticias.net\/deusimar\/wp-content\/uploads\/2015\/02\/CARTAO-DE-VISITA-DEUSIMAR.jpg 1062w\" sizes=\"auto, (max-width: 450px) 100vw, 450px\" \/><\/p>\n","protected":false},"excerpt":{"rendered":"<p>Rui Costa 19 h \u00b7 Amanh\u00e3 teremos boas not\u00edcias em V\u00e1rzea da Ro\u00e7a. Mais um trecho da BA-130 foi recuperado e ser\u00e1 entregue \u00e0 popula\u00e7\u00e3o, desta vez, entre o munic\u00edpio e Mair\u00ed, com 14 quil\u00f4metros. Al\u00e9m disso tamb\u00e9m vou assinar a ordem de servi\u00e7o para in\u00edcio das obras de restaura\u00e7\u00e3o e pavimenta\u00e7\u00e3o de 19 quil\u00f4metros [&hellip;]<\/p>\n","protected":false},"author":2,"featured_media":0,"comment_status":"open","ping_status":"open","sticky":false,"template":"","format":"standard","meta":{"footnotes":""},"categories":[1],"tags":[],"class_list":{"0":"post-1200","1":"post","2":"type-post","3":"status-publish","4":"format-standard","6":"category-destaques"},"_links":{"self":[{"href":"https:\/\/portaldenoticias.net\/deusimar\/wp-json\/wp\/v2\/posts\/1200","targetHints":{"allow":["GET"]}}],"collection":[{"href":"https:\/\/portaldenoticias.net\/deusimar\/wp-json\/wp\/v2\/posts"}],"about":[{"href":"https:\/\/portaldenoticias.net\/deusimar\/wp-json\/wp\/v2\/types\/post"}],"author":[{"embeddable":true,"href":"https:\/\/portaldenoticias.net\/deusimar\/wp-json\/wp\/v2\/users\/2"}],"replies":[{"embeddable":true,"href":"https:\/\/portaldenoticias.net\/deusimar\/wp-json\/wp\/v2\/comments?post=1200"}],"version-history":[{"count":0,"href":"https:\/\/portaldenoticias.net\/deusimar\/wp-json\/wp\/v2\/posts\/1200\/revisions"}],"wp:attachment":[{"href":"https:\/\/portaldenoticias.net\/deusimar\/wp-json\/wp\/v2\/media?parent=1200"}],"wp:term":[{"taxonomy":"category","embeddable":true,"href":"https:\/\/portaldenoticias.net\/deusimar\/wp-json\/wp\/v2\/categories?post=1200"},{"taxonomy":"post_tag","embeddable":true,"href":"https:\/\/portaldenoticias.net\/deusimar\/wp-json\/wp\/v2\/tags?post=1200"}],"curies":[{"name":"wp","href":"https:\/\/api.w.org\/{rel}","templated":true}]}}