{"id":1193,"date":"2015-03-12T17:14:13","date_gmt":"2015-03-12T20:14:13","guid":{"rendered":"http:\/\/www.portaldenoticias.net\/deusimar\/?p=1193"},"modified":"2015-03-12T18:31:16","modified_gmt":"2015-03-12T21:31:16","slug":"nvo-governador-cumpriu-a-agenda-do-dia-de-hoje12no-prospero-municipio-de-varzea-d-a-roca","status":"publish","type":"post","link":"https:\/\/portaldenoticias.net\/deusimar\/nvo-governador-cumpriu-a-agenda-do-dia-de-hoje12no-prospero-municipio-de-varzea-d-a-roca\/","title":{"rendered":"NOVO GOVERNADOR CUMPRIU A AGENDA DO DIA DE HOJE(12)NO PR\u00d3SPERO MUNIC\u00cdPIO DE V\u00c1RZEA DA RO\u00c7A."},"content":{"rendered":"<p><img loading=\"lazy\" decoding=\"async\" src=\"http:\/\/www.portaldenoticias.net\/deusimar\/wp-content\/uploads\/2015\/02\/RUI-COSTA-IMAGEM-GRANDE-DO-FACE..png\" alt=\"RUI COSTA IMAGEM GRANDE DO FACE.\" width=\"160\" height=\"160\" class=\"alignleft size-full wp-image-832\" srcset=\"https:\/\/portaldenoticias.net\/deusimar\/wp-content\/uploads\/2015\/02\/RUI-COSTA-IMAGEM-GRANDE-DO-FACE..png 160w, https:\/\/portaldenoticias.net\/deusimar\/wp-content\/uploads\/2015\/02\/RUI-COSTA-IMAGEM-GRANDE-DO-FACE.-150x150.png 150w\" sizes=\"auto, (max-width: 160px) 100vw, 160px\" \/><\/p>\n<p>Rui Costa adicionou 11 novas fotos ao \u00e1lbum: V\u00e1rzea da Ro\u00e7a \u2014 em V\u00e1rzea da Roca.<br \/>\n2 h \u00b7<br \/>\nEstou em V\u00e1rzea da Ro\u00e7a cumprindo uma agenda de integra\u00e7\u00e3o regional. Acabamos de entregar mais 14 quil\u00f4metros da BA-130 recuperados entre os munic\u00edpios de Mair\u00ed e V\u00e1rzea da Ro\u00e7a. E ainda tem muito ch\u00e3o pela frente! Assinei a autoriza\u00e7\u00e3o para o in\u00edcio das obras de recupera\u00e7\u00e3o de mais 19 quil\u00f4metros da mesma estrada, dessa vez entre o munic\u00edpio e S\u00e3o Jos\u00e9 do Jacu\u00edpe. Dentro das a\u00e7\u00f5es do \u202a#\u200ePactoPelaEduca\u00e7\u00e3o\u202c, visitei duas unidades p\u00fablicas de ensino, uma municipal e a outra estadual: o Centro Educacional Padre Jo\u00e3o Farias e o Col\u00e9gio Governador Ant\u00f4nio Caros Magalh\u00e3es, respectivamente.<br \/>\n<img loading=\"lazy\" decoding=\"async\" src=\"http:\/\/www.portaldenoticias.net\/deusimar\/wp-content\/uploads\/2015\/03\/rui-em-varzaea-da-roca-450x300.jpg\" alt=\"rui em varzaea da roca\" width=\"450\" height=\"300\" class=\"alignleft size-medium wp-image-1194\" srcset=\"https:\/\/portaldenoticias.net\/deusimar\/wp-content\/uploads\/2015\/03\/rui-em-varzaea-da-roca-450x300.jpg 450w, https:\/\/portaldenoticias.net\/deusimar\/wp-content\/uploads\/2015\/03\/rui-em-varzaea-da-roca.jpg 593w\" sizes=\"auto, (max-width: 450px) 100vw, 450px\" \/><\/p>\n<p><img loading=\"lazy\" decoding=\"async\" src=\"http:\/\/www.portaldenoticias.net\/deusimar\/wp-content\/uploads\/2015\/03\/rui-visitandi-escola-em-varzea-da-roca.jpg\" alt=\"rui visitandi escola em varzea da roca\" width=\"296\" height=\"197\" class=\"alignleft size-full wp-image-1195\" \/><\/p>\n<p><img loading=\"lazy\" decoding=\"async\" src=\"http:\/\/www.portaldenoticias.net\/deusimar\/wp-content\/uploads\/2015\/03\/Rui-e-aprofessora-450x300.jpg\" alt=\"Rui e aprofessora\" width=\"450\" height=\"300\" class=\"alignleft size-medium wp-image-1196\" srcset=\"https:\/\/portaldenoticias.net\/deusimar\/wp-content\/uploads\/2015\/03\/Rui-e-aprofessora-450x300.jpg 450w, https:\/\/portaldenoticias.net\/deusimar\/wp-content\/uploads\/2015\/03\/Rui-e-aprofessora-640x426.jpg 640w, https:\/\/portaldenoticias.net\/deusimar\/wp-content\/uploads\/2015\/03\/Rui-e-aprofessora.jpg 960w\" sizes=\"auto, (max-width: 450px) 100vw, 450px\" \/><\/p>\n<p><img loading=\"lazy\" decoding=\"async\" src=\"http:\/\/www.portaldenoticias.net\/deusimar\/wp-content\/uploads\/2015\/03\/Rui-e-i-alunado.jpg\" alt=\"Rui e i alunado\" width=\"296\" height=\"197\" class=\"alignleft size-full wp-image-1197\" \/><\/p>\n<p>COLABORA\u00c7\u00c3O E COMPLEMENTOS DOS:<\/p>\n<p><img loading=\"lazy\" decoding=\"async\" src=\"http:\/\/www.portaldenoticias.net\/deusimar\/wp-content\/uploads\/2015\/02\/CARTAO-DE-VISITA-DEUSIMAR-450x250.jpg\" alt=\"CARTAO DE VISITA DEUSIMAR\" width=\"450\" height=\"250\" class=\"alignleft size-medium wp-image-849\" srcset=\"https:\/\/portaldenoticias.net\/deusimar\/wp-content\/uploads\/2015\/02\/CARTAO-DE-VISITA-DEUSIMAR-450x250.jpg 450w, https:\/\/portaldenoticias.net\/deusimar\/wp-content\/uploads\/2015\/02\/CARTAO-DE-VISITA-DEUSIMAR-640x356.jpg 640w, https:\/\/portaldenoticias.net\/deusimar\/wp-content\/uploads\/2015\/02\/CARTAO-DE-VISITA-DEUSIMAR.jpg 1062w\" sizes=\"auto, (max-width: 450px) 100vw, 450px\" \/><\/p>\n","protected":false},"excerpt":{"rendered":"<p>Rui Costa adicionou 11 novas fotos ao \u00e1lbum: V\u00e1rzea da Ro\u00e7a \u2014 em V\u00e1rzea da Roca. 2 h \u00b7 Estou em V\u00e1rzea da Ro\u00e7a cumprindo uma agenda de integra\u00e7\u00e3o regional. Acabamos de entregar mais 14 quil\u00f4metros da BA-130 recuperados entre os munic\u00edpios de Mair\u00ed e V\u00e1rzea da Ro\u00e7a. E ainda tem muito ch\u00e3o pela frente! [&hellip;]<\/p>\n","protected":false},"author":2,"featured_media":0,"comment_status":"open","ping_status":"open","sticky":false,"template":"","format":"standard","meta":{"footnotes":""},"categories":[1],"tags":[],"class_list":{"0":"post-1193","1":"post","2":"type-post","3":"status-publish","4":"format-standard","6":"category-destaques"},"_links":{"self":[{"href":"https:\/\/portaldenoticias.net\/deusimar\/wp-json\/wp\/v2\/posts\/1193","targetHints":{"allow":["GET"]}}],"collection":[{"href":"https:\/\/portaldenoticias.net\/deusimar\/wp-json\/wp\/v2\/posts"}],"about":[{"href":"https:\/\/portaldenoticias.net\/deusimar\/wp-json\/wp\/v2\/types\/post"}],"author":[{"embeddable":true,"href":"https:\/\/portaldenoticias.net\/deusimar\/wp-json\/wp\/v2\/users\/2"}],"replies":[{"embeddable":true,"href":"https:\/\/portaldenoticias.net\/deusimar\/wp-json\/wp\/v2\/comments?post=1193"}],"version-history":[{"count":0,"href":"https:\/\/portaldenoticias.net\/deusimar\/wp-json\/wp\/v2\/posts\/1193\/revisions"}],"wp:attachment":[{"href":"https:\/\/portaldenoticias.net\/deusimar\/wp-json\/wp\/v2\/media?parent=1193"}],"wp:term":[{"taxonomy":"category","embeddable":true,"href":"https:\/\/portaldenoticias.net\/deusimar\/wp-json\/wp\/v2\/categories?post=1193"},{"taxonomy":"post_tag","embeddable":true,"href":"https:\/\/portaldenoticias.net\/deusimar\/wp-json\/wp\/v2\/tags?post=1193"}],"curies":[{"name":"wp","href":"https:\/\/api.w.org\/{rel}","templated":true}]}}