{"id":1189,"date":"2015-03-12T11:17:35","date_gmt":"2015-03-12T14:17:35","guid":{"rendered":"http:\/\/www.portaldenoticias.net\/deusimar\/?p=1189"},"modified":"2015-03-12T11:17:35","modified_gmt":"2015-03-12T14:17:35","slug":"blogueiro-deusimar-das-abelhas-compartilhando-video-do-professor-agroecologico-de-nossa-infelizmente-extinta-e-liquidada-ebda","status":"publish","type":"post","link":"https:\/\/portaldenoticias.net\/deusimar\/blogueiro-deusimar-das-abelhas-compartilhando-video-do-professor-agroecologico-de-nossa-infelizmente-extinta-e-liquidada-ebda\/","title":{"rendered":"BLOGUEIRO DEUSIMAR DAS ABELHAS COMPARTILHANDO V\u00cdDEO DO PROFESSOR AGROECOL\u00d3GICO DE NOSSA INFELIZMENTE EXTINTA E LIQUIDADA EBDA."},"content":{"rendered":"<p><img loading=\"lazy\" decoding=\"async\" src=\"http:\/\/www.portaldenoticias.net\/deusimar\/wp-content\/uploads\/2015\/03\/imagem-gde-Daniel-Dourado.jpg\" alt=\"imagem gde Daniel Dourado\" width=\"160\" height=\"160\" class=\"alignleft size-full wp-image-1191\" srcset=\"https:\/\/portaldenoticias.net\/deusimar\/wp-content\/uploads\/2015\/03\/imagem-gde-Daniel-Dourado.jpg 160w, https:\/\/portaldenoticias.net\/deusimar\/wp-content\/uploads\/2015\/03\/imagem-gde-Daniel-Dourado-150x150.jpg 150w\" sizes=\"auto, (max-width: 160px) 100vw, 160px\" \/><br \/>\nDaniel Rebou\u00e7as Dourado Dourado compartilhou o v\u00eddeo de Givanildo Santos.<\/p>\n<p><img loading=\"lazy\" decoding=\"async\" src=\"http:\/\/www.portaldenoticias.net\/deusimar\/wp-content\/uploads\/2015\/03\/DEUSIMAR-E-CLAUDIO-VIEIRA.jpg\" alt=\"DEUSIMAR E CLAUDIO VIEIRA\" width=\"259\" height=\"194\" class=\"alignleft size-full wp-image-1045\" srcset=\"https:\/\/portaldenoticias.net\/deusimar\/wp-content\/uploads\/2015\/03\/DEUSIMAR-E-CLAUDIO-VIEIRA.jpg 259w, https:\/\/portaldenoticias.net\/deusimar\/wp-content\/uploads\/2015\/03\/DEUSIMAR-E-CLAUDIO-VIEIRA-174x131.jpg 174w, https:\/\/portaldenoticias.net\/deusimar\/wp-content\/uploads\/2015\/03\/DEUSIMAR-E-CLAUDIO-VIEIRA-70x53.jpg 70w\" sizes=\"auto, (max-width: 259px) 100vw, 259px\" \/><\/p>\n<p>Ol\u00e1 leitores amigos de nossos blogs!!<br \/>\nPara adentrarem o v\u00eddeo e assistirem a bela reportagem do trabalho exitoso de nosso professor agroecol\u00f3gico da lamentavelmente EXTINTA  e LIQUIDADA EBDA,bastar acessar a pagina inicial do face de Daniel Rebou\u00e7as Dourado.<br \/>\nMuito Obrigado!!<br \/>\nContribui\u00e7\u00e3o de:<br \/>\nJos\u00e9 Deusimar Loiola Gon\u00e7alves<br \/>\nApicultor Meliponicultor,Diretor de Comunica\u00e7\u00e3o da FEBAMEL,,e P\u00f3s Graduado em Gest\u00e3o e Educa\u00e7\u00e3o Ambiental &#8211; EBDA Monte Santo<br \/>\n(75) 9131-0784\/ 9998-0025<br \/>\n2 h \u00b7<br \/>\nRealiza\u00e7\u00e3o de 02 mini-cursos de Controle natural de pragas e doen\u00e7as, ontem em duas Comunidades de S\u00e3o Gon\u00e7alo, atendendo solicita\u00e7\u00e3o da FETAG..<\/p>\n<p><img loading=\"lazy\" decoding=\"async\" src=\"http:\/\/www.portaldenoticias.net\/deusimar\/wp-content\/uploads\/2015\/02\/IMG_17231-1-450x338.jpg\" alt=\"IMG_1723[1] (1)\" width=\"450\" height=\"338\" class=\"alignleft size-medium wp-image-923\" srcset=\"https:\/\/portaldenoticias.net\/deusimar\/wp-content\/uploads\/2015\/02\/IMG_17231-1-450x338.jpg 450w, https:\/\/portaldenoticias.net\/deusimar\/wp-content\/uploads\/2015\/02\/IMG_17231-1-640x480.jpg 640w, https:\/\/portaldenoticias.net\/deusimar\/wp-content\/uploads\/2015\/02\/IMG_17231-1-174x131.jpg 174w, https:\/\/portaldenoticias.net\/deusimar\/wp-content\/uploads\/2015\/02\/IMG_17231-1-70x53.jpg 70w\" sizes=\"auto, (max-width: 450px) 100vw, 450px\" \/><\/p>\n<p>Como podemos compreender e muito menos entender uma ATER PUBLICA de nossa linda e extensa Bahia, sem a presen\u00e7a de uma figura\u00e7a, de nosso mestre em agroecologia, o professor agroecol\u00f3gico Daniel rebou\u00e7as Dourado, de nossa lamentavelmente extinta e liquidada EBDA? Quando Deusimar das Abelhas , se lembra desta outra fera da agroecologia da EBDA de Irec\u00ea, Edvaldo dos Santos Reinaldo Filho(ver foto abaixo), me dar vontade de chorar.. Bom Dia!! Jos\u00e9 Deusimar Loiola Gon\u00e7alves<br \/>\nApicultor Meliponicultor,Diretor de Comunica\u00e7\u00e3o da FEBAMEL,,e P\u00f3s Graduado em Gest\u00e3o e Educa\u00e7\u00e3o Ambiental &#8211; EBDA Monte Santo<br \/>\n(75) 9131-0784\/ 9998-0025;NOTE: este complemento foi parar l\u00e1 no BLOG DO DEUSIMAR-WWW.PORTALDENOTICIAS.NET\/DEUSIMAR Nos visitem e deixem l\u00e1 seus coment\u00e1rios. Muito Obrigado!!<br \/>\nFoto de Jose Deusimar Loiola Gon\u00e7alves.<\/p>\n<p><img loading=\"lazy\" decoding=\"async\" src=\"http:\/\/www.portaldenoticias.net\/deusimar\/wp-content\/uploads\/2015\/03\/DEUSIMAR-DAS-ABELHAS-ZE-AUGUSTO-E-EDVALDO..jpg\" alt=\"DEUSIMAR DAS ABELHAS ZE AUGUSTO E EDVALDO.\" width=\"300\" height=\"168\" class=\"alignleft size-full wp-image-1190\" \/><\/p>\n","protected":false},"excerpt":{"rendered":"<p>Daniel Rebou\u00e7as Dourado Dourado compartilhou o v\u00eddeo de Givanildo Santos. Ol\u00e1 leitores amigos de nossos blogs!! Para adentrarem o v\u00eddeo e assistirem a bela reportagem do trabalho exitoso de nosso professor agroecol\u00f3gico da lamentavelmente EXTINTA e LIQUIDADA EBDA,bastar acessar a pagina inicial do face de Daniel Rebou\u00e7as Dourado. Muito Obrigado!! Contribui\u00e7\u00e3o de: Jos\u00e9 Deusimar Loiola [&hellip;]<\/p>\n","protected":false},"author":2,"featured_media":0,"comment_status":"open","ping_status":"open","sticky":false,"template":"","format":"standard","meta":{"footnotes":""},"categories":[1],"tags":[],"class_list":{"0":"post-1189","1":"post","2":"type-post","3":"status-publish","4":"format-standard","6":"category-destaques"},"_links":{"self":[{"href":"https:\/\/portaldenoticias.net\/deusimar\/wp-json\/wp\/v2\/posts\/1189","targetHints":{"allow":["GET"]}}],"collection":[{"href":"https:\/\/portaldenoticias.net\/deusimar\/wp-json\/wp\/v2\/posts"}],"about":[{"href":"https:\/\/portaldenoticias.net\/deusimar\/wp-json\/wp\/v2\/types\/post"}],"author":[{"embeddable":true,"href":"https:\/\/portaldenoticias.net\/deusimar\/wp-json\/wp\/v2\/users\/2"}],"replies":[{"embeddable":true,"href":"https:\/\/portaldenoticias.net\/deusimar\/wp-json\/wp\/v2\/comments?post=1189"}],"version-history":[{"count":0,"href":"https:\/\/portaldenoticias.net\/deusimar\/wp-json\/wp\/v2\/posts\/1189\/revisions"}],"wp:attachment":[{"href":"https:\/\/portaldenoticias.net\/deusimar\/wp-json\/wp\/v2\/media?parent=1189"}],"wp:term":[{"taxonomy":"category","embeddable":true,"href":"https:\/\/portaldenoticias.net\/deusimar\/wp-json\/wp\/v2\/categories?post=1189"},{"taxonomy":"post_tag","embeddable":true,"href":"https:\/\/portaldenoticias.net\/deusimar\/wp-json\/wp\/v2\/tags?post=1189"}],"curies":[{"name":"wp","href":"https:\/\/api.w.org\/{rel}","templated":true}]}}