{"id":1185,"date":"2015-03-11T21:11:58","date_gmt":"2015-03-12T00:11:58","guid":{"rendered":"http:\/\/www.portaldenoticias.net\/deusimar\/?p=1185"},"modified":"2015-03-11T21:11:58","modified_gmt":"2015-03-12T00:11:58","slug":"novo-governador-esteve-hoje-no-ministerio-da-integracao-nacional-solicitando-recursos-para-nossa-linda-e-extensa-bahia","status":"publish","type":"post","link":"https:\/\/portaldenoticias.net\/deusimar\/novo-governador-esteve-hoje-no-ministerio-da-integracao-nacional-solicitando-recursos-para-nossa-linda-e-extensa-bahia\/","title":{"rendered":"NOVO GOVERNADOR ESTEVE HOJE NO MINIST\u00c9RIO DA INTEGRA\u00c7\u00c3O NACIONAL SOLICITANDO RECURSOS PARA NOSSA LINDA E EXTENSA BAHIA."},"content":{"rendered":"<p><img loading=\"lazy\" decoding=\"async\" src=\"http:\/\/www.portaldenoticias.net\/deusimar\/wp-content\/uploads\/2015\/02\/RUI-COSTA-IMAGEM-GRANDE-DO-FACE..png\" alt=\"RUI COSTA IMAGEM GRANDE DO FACE.\" width=\"160\" height=\"160\" class=\"alignleft size-full wp-image-832\" srcset=\"https:\/\/portaldenoticias.net\/deusimar\/wp-content\/uploads\/2015\/02\/RUI-COSTA-IMAGEM-GRANDE-DO-FACE..png 160w, https:\/\/portaldenoticias.net\/deusimar\/wp-content\/uploads\/2015\/02\/RUI-COSTA-IMAGEM-GRANDE-DO-FACE.-150x150.png 150w\" sizes=\"auto, (max-width: 160px) 100vw, 160px\" \/><\/p>\n<p>Rui Costa<br \/>\n7 h \u00b7<br \/>\nSolicitei hoje ao Minist\u00e9rio da Integra\u00e7\u00e3o Nacional, em Bras\u00edlia, apoio para refor\u00e7ar o abastecimento de \u00e1gua nas escolas p\u00fablicas da Bahia. Quero autoriza\u00e7\u00e3o imediata para estender conv\u00eanios e, assim, implantar cisternas em escolas e postos de sa\u00fade, que hoje n\u00e3o est\u00e3o preparados para captar \u00e1gua da chuva. Como falei na \u00faltima edi\u00e7\u00e3o do programa Diga A\u00ed, Governador, as escolas poder\u00e3o usar essa \u00e1gua para o cultivo de hortas e limpeza, por exemplo. Al\u00e9m disso, aproveitei a visita para falar do in\u00edcio do projeto Canal do Sert\u00e3o, no Norte da Bahia, para que as obras comecem ainda este ano.<\/p>\n<p><img loading=\"lazy\" decoding=\"async\" src=\"http:\/\/www.portaldenoticias.net\/deusimar\/wp-content\/uploads\/2015\/03\/GOVERNADOR-NO-MI-450x253.jpg\" alt=\"GOVERNADOR NO MI\" width=\"450\" height=\"253\" class=\"alignleft size-medium wp-image-1186\" srcset=\"https:\/\/portaldenoticias.net\/deusimar\/wp-content\/uploads\/2015\/03\/GOVERNADOR-NO-MI-450x253.jpg 450w, https:\/\/portaldenoticias.net\/deusimar\/wp-content\/uploads\/2015\/03\/GOVERNADOR-NO-MI.jpg 480w\" sizes=\"auto, (max-width: 450px) 100vw, 450px\" \/><\/p>\n<p>COLABORA\u00c7\u00c3O E COMPLEMENTOS DOS:<\/p>\n<p><img loading=\"lazy\" decoding=\"async\" src=\"http:\/\/www.portaldenoticias.net\/deusimar\/wp-content\/uploads\/2015\/02\/CARTAO-DE-VISITA-DEUSIMAR-450x250.jpg\" alt=\"CARTAO DE VISITA DEUSIMAR\" width=\"450\" height=\"250\" class=\"alignleft size-medium wp-image-849\" srcset=\"https:\/\/portaldenoticias.net\/deusimar\/wp-content\/uploads\/2015\/02\/CARTAO-DE-VISITA-DEUSIMAR-450x250.jpg 450w, https:\/\/portaldenoticias.net\/deusimar\/wp-content\/uploads\/2015\/02\/CARTAO-DE-VISITA-DEUSIMAR-640x356.jpg 640w, https:\/\/portaldenoticias.net\/deusimar\/wp-content\/uploads\/2015\/02\/CARTAO-DE-VISITA-DEUSIMAR.jpg 1062w\" sizes=\"auto, (max-width: 450px) 100vw, 450px\" \/><\/p>\n","protected":false},"excerpt":{"rendered":"<p>Rui Costa 7 h \u00b7 Solicitei hoje ao Minist\u00e9rio da Integra\u00e7\u00e3o Nacional, em Bras\u00edlia, apoio para refor\u00e7ar o abastecimento de \u00e1gua nas escolas p\u00fablicas da Bahia. Quero autoriza\u00e7\u00e3o imediata para estender conv\u00eanios e, assim, implantar cisternas em escolas e postos de sa\u00fade, que hoje n\u00e3o est\u00e3o preparados para captar \u00e1gua da chuva. Como falei na [&hellip;]<\/p>\n","protected":false},"author":2,"featured_media":0,"comment_status":"open","ping_status":"open","sticky":false,"template":"","format":"standard","meta":{"footnotes":""},"categories":[1],"tags":[],"class_list":{"0":"post-1185","1":"post","2":"type-post","3":"status-publish","4":"format-standard","6":"category-destaques"},"_links":{"self":[{"href":"https:\/\/portaldenoticias.net\/deusimar\/wp-json\/wp\/v2\/posts\/1185","targetHints":{"allow":["GET"]}}],"collection":[{"href":"https:\/\/portaldenoticias.net\/deusimar\/wp-json\/wp\/v2\/posts"}],"about":[{"href":"https:\/\/portaldenoticias.net\/deusimar\/wp-json\/wp\/v2\/types\/post"}],"author":[{"embeddable":true,"href":"https:\/\/portaldenoticias.net\/deusimar\/wp-json\/wp\/v2\/users\/2"}],"replies":[{"embeddable":true,"href":"https:\/\/portaldenoticias.net\/deusimar\/wp-json\/wp\/v2\/comments?post=1185"}],"version-history":[{"count":0,"href":"https:\/\/portaldenoticias.net\/deusimar\/wp-json\/wp\/v2\/posts\/1185\/revisions"}],"wp:attachment":[{"href":"https:\/\/portaldenoticias.net\/deusimar\/wp-json\/wp\/v2\/media?parent=1185"}],"wp:term":[{"taxonomy":"category","embeddable":true,"href":"https:\/\/portaldenoticias.net\/deusimar\/wp-json\/wp\/v2\/categories?post=1185"},{"taxonomy":"post_tag","embeddable":true,"href":"https:\/\/portaldenoticias.net\/deusimar\/wp-json\/wp\/v2\/tags?post=1185"}],"curies":[{"name":"wp","href":"https:\/\/api.w.org\/{rel}","templated":true}]}}