{"id":1182,"date":"2015-03-11T20:29:22","date_gmt":"2015-03-11T23:29:22","guid":{"rendered":"http:\/\/www.portaldenoticias.net\/deusimar\/?p=1182"},"modified":"2015-03-11T20:29:22","modified_gmt":"2015-03-11T23:29:22","slug":"novo-governador-publicou-em-seu-facebook-o-record-do-fluxo-de-passageiros-no-metro-de-salvador","status":"publish","type":"post","link":"https:\/\/portaldenoticias.net\/deusimar\/novo-governador-publicou-em-seu-facebook-o-record-do-fluxo-de-passageiros-no-metro-de-salvador\/","title":{"rendered":"NOVO GOVERNADOR PUBLICOU EM SEU FACEBOOK O RECORD DO FLUXO DE PASSAGEIROS NO METR\u00d4 DE SALVADOR."},"content":{"rendered":"<p><img loading=\"lazy\" decoding=\"async\" src=\"http:\/\/www.portaldenoticias.net\/deusimar\/wp-content\/uploads\/2015\/02\/AUTORIZADA-LINHA-2-DO-METRO-450x450.jpg\" alt=\"AUTORIZADA LINHA 2 DO METRO\" width=\"450\" height=\"450\" class=\"alignleft size-medium wp-image-419\" srcset=\"https:\/\/portaldenoticias.net\/deusimar\/wp-content\/uploads\/2015\/02\/AUTORIZADA-LINHA-2-DO-METRO-450x450.jpg 450w, https:\/\/portaldenoticias.net\/deusimar\/wp-content\/uploads\/2015\/02\/AUTORIZADA-LINHA-2-DO-METRO-150x150.jpg 150w, https:\/\/portaldenoticias.net\/deusimar\/wp-content\/uploads\/2015\/02\/AUTORIZADA-LINHA-2-DO-METRO-640x640.jpg 640w, https:\/\/portaldenoticias.net\/deusimar\/wp-content\/uploads\/2015\/02\/AUTORIZADA-LINHA-2-DO-METRO.jpg 800w\" sizes=\"auto, (max-width: 450px) 100vw, 450px\" \/><br \/>\n<img loading=\"lazy\" decoding=\"async\" src=\"http:\/\/www.portaldenoticias.net\/deusimar\/wp-content\/uploads\/2015\/02\/metro-de-ssa.-450x450.jpg\" alt=\"metro de ssa.\" width=\"450\" height=\"450\" class=\"alignleft size-medium wp-image-401\" srcset=\"https:\/\/portaldenoticias.net\/deusimar\/wp-content\/uploads\/2015\/02\/metro-de-ssa.-450x450.jpg 450w, https:\/\/portaldenoticias.net\/deusimar\/wp-content\/uploads\/2015\/02\/metro-de-ssa.-150x150.jpg 150w, https:\/\/portaldenoticias.net\/deusimar\/wp-content\/uploads\/2015\/02\/metro-de-ssa..jpg 480w\" sizes=\"auto, (max-width: 450px) 100vw, 450px\" \/><\/p>\n<p>Rui Costa<br \/>\n14 min \u00b7<br \/>\nO \u202a#\u200eMetr\u00f4\u202c j\u00e1 \u00e9 realidade h\u00e1 quase um ano em Salvador. E a cada dia que passa se torna mais presente no dia-a-dia dos soteropolitanos, que t\u00eam optado pelo uso do equipamento como meio de transporte. \u00c9 com muito orgulho que digo que ontem batemos um recorde hist\u00f3rico: 31 mil passageiros utilizaram o metr\u00f4 durante todo o dia. E o n\u00famero s\u00f3 tende a crescer com a inaugura\u00e7\u00e3o da esta\u00e7\u00e3o Bom Ju\u00e1, no dia 9 de abril, quando chegaremos a 10km do sistema metrovi\u00e1rio. Me reuni hoje em Bras\u00edlia com o ministro das Cidades, Gilberto Kassab, que garantiu presen\u00e7a no evento. O recorde \u00e9 uma confirma\u00e7\u00e3o de uma vis\u00e3o otimista que n\u00f3s t\u00ednhamos quando preparamos o projeto e o colocamos em licita\u00e7\u00e3o. Naquele momento, muitas vozes pessimistas diziam que o metr\u00f4 n\u00e3o iria sustentar uma demanda grande e estamos comprovando a capacidade, atrav\u00e9s de fatos concretos e de n\u00fameros. Em junho, teremos a integra\u00e7\u00e3o com a esta\u00e7\u00e3o Piraj\u00e1 e novos recordes para alcan\u00e7ar. \u202a#\u200eSalvadorVaiDeMetr\u00f4\u202c \u202a#\u200eBahiaNosTrilhos\u202c \u202a#\u200eMetr\u00f4DeSalvador\u202c<\/p>\n<p><img loading=\"lazy\" decoding=\"async\" src=\"http:\/\/www.portaldenoticias.net\/deusimar\/wp-content\/uploads\/2015\/03\/METRO-DE-SSA.-450x450.png\" alt=\"METRO DE SSA.\" width=\"450\" height=\"450\" class=\"alignleft size-medium wp-image-1183\" srcset=\"https:\/\/portaldenoticias.net\/deusimar\/wp-content\/uploads\/2015\/03\/METRO-DE-SSA.-450x450.png 450w, https:\/\/portaldenoticias.net\/deusimar\/wp-content\/uploads\/2015\/03\/METRO-DE-SSA.-150x150.png 150w, https:\/\/portaldenoticias.net\/deusimar\/wp-content\/uploads\/2015\/03\/METRO-DE-SSA..png 480w\" sizes=\"auto, (max-width: 450px) 100vw, 450px\" \/><\/p>\n<p>COLABORA\u00c7\u00c3O E COMPLEMENTOS DOS:<\/p>\n<p><img loading=\"lazy\" decoding=\"async\" src=\"http:\/\/www.portaldenoticias.net\/deusimar\/wp-content\/uploads\/2015\/02\/CARTAO-DE-VISITA-DEUSIMAR-450x250.jpg\" alt=\"CARTAO DE VISITA DEUSIMAR\" width=\"450\" height=\"250\" class=\"alignleft size-medium wp-image-849\" srcset=\"https:\/\/portaldenoticias.net\/deusimar\/wp-content\/uploads\/2015\/02\/CARTAO-DE-VISITA-DEUSIMAR-450x250.jpg 450w, https:\/\/portaldenoticias.net\/deusimar\/wp-content\/uploads\/2015\/02\/CARTAO-DE-VISITA-DEUSIMAR-640x356.jpg 640w, https:\/\/portaldenoticias.net\/deusimar\/wp-content\/uploads\/2015\/02\/CARTAO-DE-VISITA-DEUSIMAR.jpg 1062w\" sizes=\"auto, (max-width: 450px) 100vw, 450px\" \/><\/p>\n","protected":false},"excerpt":{"rendered":"<p>Rui Costa 14 min \u00b7 O \u202a#\u200eMetr\u00f4\u202c j\u00e1 \u00e9 realidade h\u00e1 quase um ano em Salvador. E a cada dia que passa se torna mais presente no dia-a-dia dos soteropolitanos, que t\u00eam optado pelo uso do equipamento como meio de transporte. \u00c9 com muito orgulho que digo que ontem batemos um recorde hist\u00f3rico: 31 mil [&hellip;]<\/p>\n","protected":false},"author":2,"featured_media":0,"comment_status":"open","ping_status":"open","sticky":false,"template":"","format":"standard","meta":{"footnotes":""},"categories":[1],"tags":[],"class_list":{"0":"post-1182","1":"post","2":"type-post","3":"status-publish","4":"format-standard","6":"category-destaques"},"_links":{"self":[{"href":"https:\/\/portaldenoticias.net\/deusimar\/wp-json\/wp\/v2\/posts\/1182","targetHints":{"allow":["GET"]}}],"collection":[{"href":"https:\/\/portaldenoticias.net\/deusimar\/wp-json\/wp\/v2\/posts"}],"about":[{"href":"https:\/\/portaldenoticias.net\/deusimar\/wp-json\/wp\/v2\/types\/post"}],"author":[{"embeddable":true,"href":"https:\/\/portaldenoticias.net\/deusimar\/wp-json\/wp\/v2\/users\/2"}],"replies":[{"embeddable":true,"href":"https:\/\/portaldenoticias.net\/deusimar\/wp-json\/wp\/v2\/comments?post=1182"}],"version-history":[{"count":0,"href":"https:\/\/portaldenoticias.net\/deusimar\/wp-json\/wp\/v2\/posts\/1182\/revisions"}],"wp:attachment":[{"href":"https:\/\/portaldenoticias.net\/deusimar\/wp-json\/wp\/v2\/media?parent=1182"}],"wp:term":[{"taxonomy":"category","embeddable":true,"href":"https:\/\/portaldenoticias.net\/deusimar\/wp-json\/wp\/v2\/categories?post=1182"},{"taxonomy":"post_tag","embeddable":true,"href":"https:\/\/portaldenoticias.net\/deusimar\/wp-json\/wp\/v2\/tags?post=1182"}],"curies":[{"name":"wp","href":"https:\/\/api.w.org\/{rel}","templated":true}]}}