{"id":1168,"date":"2015-03-10T18:02:21","date_gmt":"2015-03-10T21:02:21","guid":{"rendered":"http:\/\/www.portaldenoticias.net\/deusimar\/?p=1168"},"modified":"2015-03-10T18:02:21","modified_gmt":"2015-03-10T21:02:21","slug":"implantacao-das-hortas-escolares-foi-o-assunto-principal-do-programa-diga-aigovernador","status":"publish","type":"post","link":"https:\/\/portaldenoticias.net\/deusimar\/implantacao-das-hortas-escolares-foi-o-assunto-principal-do-programa-diga-aigovernador\/","title":{"rendered":"IMPLANTA\u00c7\u00c3O DAS HORTAS ESCOLARES FOI O ASSUNTO PRINCIPAL DO  PROGRAMA &#8220;DIGA A\u00cd,GOVERNADOR&#8221;."},"content":{"rendered":"<p><img loading=\"lazy\" decoding=\"async\" src=\"http:\/\/www.portaldenoticias.net\/deusimar\/wp-content\/uploads\/2015\/03\/PROGRAA-DO-NOVO-GOVERNADOR.-450x450.jpg\" alt=\"PROGRAA DO NOVO GOVERNADOR.\" width=\"450\" height=\"450\" class=\"alignleft size-medium wp-image-1031\" srcset=\"https:\/\/portaldenoticias.net\/deusimar\/wp-content\/uploads\/2015\/03\/PROGRAA-DO-NOVO-GOVERNADOR.-450x450.jpg 450w, https:\/\/portaldenoticias.net\/deusimar\/wp-content\/uploads\/2015\/03\/PROGRAA-DO-NOVO-GOVERNADOR.-150x150.jpg 150w, https:\/\/portaldenoticias.net\/deusimar\/wp-content\/uploads\/2015\/03\/PROGRAA-DO-NOVO-GOVERNADOR..jpg 480w\" sizes=\"auto, (max-width: 450px) 100vw, 450px\" \/><\/p>\n<p>Rui Costa<br \/>\n5 h \u00b7<br \/>\nOi! voc\u00eas ouviram? Dessa vez, no &#8220;Diga a\u00ed, Governador&#8221;, respondi questionamentos importantes dos nossos internautas publicados no blog do programa, falei do nosso compromisso em dar condi\u00e7\u00f5es para a qualidade da vida escolar das nossas crian\u00e7as, falei tamb\u00e9m do in\u00edcio do ano letivo nas escolas, da sele\u00e7\u00e3o de educadores pelo Reda e dei um destaque todo especial ao Dia Internacional da Mulher, o 8 de Mar\u00e7o.<br \/>\nEstamos colhendo os primeiros frutos da aproxima\u00e7\u00e3o com as escolas, que \u00e9, na verdade, s\u00f3 o in\u00edcio do que pretendemos fazer para suprir as car\u00eancias. O abastecimento de \u00e1gua \u00e9 uma das a\u00e7\u00f5es. Inicialmente, podemos implantar um sistema simplificado, depois podemos ter a participa\u00e7\u00e3o da Embasa e mesmo assim j\u00e1 estudamos formas de coletar \u00e1gua das chuvas para um uso mais racional da \u00e1gua.<br \/>\nQueremos incentivar o cultivo de hortas nas escolas que disp\u00f5em de \u00e1rea e usar a \u00e1gua coletada das chuvas.<br \/>\nNo Diga A\u00ed, Governador, reforcei mais uma vez o \u202a#\u200ePactoPelaEduca\u00e7\u00e3o\u202c! Achei muito bacana a ideia que recebemos de uma baiana, atrav\u00e9s do blog; Rita de C\u00e1ssia deu a sugest\u00e3o de criar grupos de representantes de pais nas escolas. Penso que estes grupos podem participar efetivamente do dia a dia das escolas, al\u00e9m de acompanhar seus filhos, podem contribuir com a gest\u00e3o. Bem, nosso ritmo de trabalho \u00e9 esse! Participe e continue contribuindo conosco! Suas d\u00favidas e sugest\u00f5es podem ser respondidas no pr\u00f3ximo Diga A\u00ed, Governador. Para quem ainda n\u00e3o ouviu, confira o programa na \u00edntegra: https:\/\/soundcloud.com\/secom-governo-da-bahia<\/p>\n<p><img loading=\"lazy\" decoding=\"async\" src=\"http:\/\/www.portaldenoticias.net\/deusimar\/wp-content\/uploads\/2015\/03\/diga-ai-governador-450x450.png\" alt=\"diga ai governador\" width=\"450\" height=\"450\" class=\"alignleft size-medium wp-image-1169\" \/\n\n\nCOLABORA\u00c7\u00c3O E COMPLEMENTOS DOS:\n\n<img loading=\"lazy\" decoding=\"async\" src=\"http:\/\/www.portaldenoticias.net\/deusimar\/wp-content\/uploads\/2015\/02\/CARTAO-DE-VISITA-DEUSIMAR-450x250.jpg\" alt=\"CARTAO DE VISITA DEUSIMAR\" width=\"450\" height=\"250\" class=\"alignleft size-medium wp-image-849\" srcset=\"https:\/\/portaldenoticias.net\/deusimar\/wp-content\/uploads\/2015\/03\/diga-ai-governador-450x450.png 450w, https:\/\/portaldenoticias.net\/deusimar\/wp-content\/uploads\/2015\/03\/diga-ai-governador-150x150.png 150w, https:\/\/portaldenoticias.net\/deusimar\/wp-content\/uploads\/2015\/03\/diga-ai-governador.png 480w\" sizes=\"auto, (max-width: 450px) 100vw, 450px\" \/><\/p>\n","protected":false},"excerpt":{"rendered":"<p>Rui Costa 5 h \u00b7 Oi! voc\u00eas ouviram? Dessa vez, no &#8220;Diga a\u00ed, Governador&#8221;, respondi questionamentos importantes dos nossos internautas publicados no blog do programa, falei do nosso compromisso em dar condi\u00e7\u00f5es para a qualidade da vida escolar das nossas crian\u00e7as, falei tamb\u00e9m do in\u00edcio do ano letivo nas escolas, da sele\u00e7\u00e3o de educadores pelo [&hellip;]<\/p>\n","protected":false},"author":2,"featured_media":0,"comment_status":"open","ping_status":"open","sticky":false,"template":"","format":"standard","meta":{"footnotes":""},"categories":[1],"tags":[],"class_list":{"0":"post-1168","1":"post","2":"type-post","3":"status-publish","4":"format-standard","6":"category-destaques"},"_links":{"self":[{"href":"https:\/\/portaldenoticias.net\/deusimar\/wp-json\/wp\/v2\/posts\/1168","targetHints":{"allow":["GET"]}}],"collection":[{"href":"https:\/\/portaldenoticias.net\/deusimar\/wp-json\/wp\/v2\/posts"}],"about":[{"href":"https:\/\/portaldenoticias.net\/deusimar\/wp-json\/wp\/v2\/types\/post"}],"author":[{"embeddable":true,"href":"https:\/\/portaldenoticias.net\/deusimar\/wp-json\/wp\/v2\/users\/2"}],"replies":[{"embeddable":true,"href":"https:\/\/portaldenoticias.net\/deusimar\/wp-json\/wp\/v2\/comments?post=1168"}],"version-history":[{"count":0,"href":"https:\/\/portaldenoticias.net\/deusimar\/wp-json\/wp\/v2\/posts\/1168\/revisions"}],"wp:attachment":[{"href":"https:\/\/portaldenoticias.net\/deusimar\/wp-json\/wp\/v2\/media?parent=1168"}],"wp:term":[{"taxonomy":"category","embeddable":true,"href":"https:\/\/portaldenoticias.net\/deusimar\/wp-json\/wp\/v2\/categories?post=1168"},{"taxonomy":"post_tag","embeddable":true,"href":"https:\/\/portaldenoticias.net\/deusimar\/wp-json\/wp\/v2\/tags?post=1168"}],"curies":[{"name":"wp","href":"https:\/\/api.w.org\/{rel}","templated":true}]}}